{"id":1257915,"date":"2026-08-24T17:17:26","date_gmt":"2026-08-24T17:17:26","guid":{"rendered":"https:\/\/www.europesays.com\/de\/1257915\/"},"modified":"2026-08-24T17:17:26","modified_gmt":"2026-08-24T17:17:26","slug":"erwartungen-steigen-deutschland-ueberrascht-doppelt-mehr-wachstum-kleineres-defizit-wallstreetonline","status":"publish","type":"post","link":"https:\/\/www.europesays.com\/de\/1257915\/","title":{"rendered":"Erwartungen steigen: Deutschland \u00fcberrascht doppelt: Mehr Wachstum, kleineres Defizit? | wallstreetONLINE"},"content":{"rendered":"<p id=\"newsArticleSummary\">\n        Deutschlands neuer Ausgabenkurs kommt endlich in der Wirtschaft an \u2013 und die Konjunktur l\u00e4uft besser als gedacht. Das k\u00f6nnte das Defizit kleiner halten als erwartet.    <\/p>\n<p>\n  Der milliardenschwere Investitions- und Ausgabenschub Deutschlands beginnt sich in den Zahlen zu zeigen \u2013 und trifft auf eine Wirtschaft, die besser l\u00e4uft als bislang erwartet. Zu diesem<br \/>\n  \u00fcberraschend positiven Ergebnis kommt eine aktuelle Analyse der Deutschen Bank. Die \u00d6konomen sehen inzwischen Aufw\u00e4rtsrisiken f\u00fcr ihre Wachstumsprognose und halten es zugleich f\u00fcr m\u00f6glich, dass das<br \/>\n  deutsche Staatsdefizit 2026 geringer ausf\u00e4llt als bisher angenommen. Und die Analysten stehen mit ihrer Einsch\u00e4tzung keineswegs allein da.\n<\/p>\n<p>\n  Dass Deutschland seinen finanzpolitischen Kurs ver\u00e4ndert hat, ist mittlerweile deutlich sichtbar. Vor allem f\u00fcr Verteidigung und Investitionen flie\u00dft deutlich mehr Geld als noch vor einem Jahr. Von<br \/>\n  Januar bis Ende Juli gab der Bund rund 48 Milliarden Euro f\u00fcr Verteidigung aus, rund 30 Prozent mehr als im Vorjahreszeitraum. Auch bei den Investitionen zeigen die Schlagzeilenzahlen deutlich nach<br \/>\n  oben. Mehr als 55 Milliarden Euro wurden in den ersten sieben Monaten ausgewiesen, fast 31 Milliarden Euro oder 123 Prozent mehr als im Vorjahreszeitraum. Damit beginnt der milliardenschwere<br \/>\n  staatliche Ausgabenschub tats\u00e4chlich Fahrt aufzunehmen.\n<\/p>\n<p>                    Anzeige\u00a0<\/p>\n<p>Im Durchschnitt erleiden 7 von 10 Kleinanlegern Verluste beim Handel mit Turbo-Zertifikaten. Turbo-Zertifikate sind hoch risikoreiche Produkte und nicht f\u00fcr langfristige Anlagestrategien geeignet.<\/p>\n<p>                                        <a style=\"text-decoration:none;\" href=\"https:\/\/www.wallstreet-online.de\/nachrichten\/autor\/wallstreet-online-redaktion\" rel=\"nofollow noopener\" target=\"_blank\"><br \/>\n                                <img style=\"padding: 0 10px 10px 0;\" class=\"img-fluid d-block loadOnSight\" rel=\"\/\/assets.wallstreet-online.de\/_media\/3278\/nl\/size_59\/bild-2023-07-26-162724843.png\" alt=\"Autor\"\/><\/p>\n<p>                            <\/a><\/p>\n<p>wallstreetONLINE Redaktion<\/p>\n<p>0 Follower                    <\/p>\n<p>                                <img style=\"padding: 0 10px 10px 0;\" class=\"img-fluid d-block loadOnSight\" rel=\"\/\/assets.wallstreet-online.de\/_media\/3278\/nl\/size_59\/bild-2023-07-26-162724843.png\" alt=\"Autor\"\/><\/p>\n<p>\n                            Mehr anzeigen\n                        <\/p>\n<p>Melden Sie sich <a href=\"https:\/\/www.wallstreet-online.de\/newsletter\" target=\"_blank\" rel=\"nofollow noopener\">HIER f\u00fcr den Newsletter der wallstreetONLINE Redaktion an<\/a> &#8211; alle Top-Themen der B\u00f6rsenwoche im \u00dcberblick! Verpassen Sie kein wichtiges Anleger-Thema!&#13;\n<\/p>\n<p>&#13;<br \/>\nF\u00fcr Beitr\u00e4ge auf diesem journalistischen Channel ist die Chefredaktion der wallstreetONLINE Redaktion verantwortlich.<\/p>\n<p>Die Fachjournalisten der wallstreetONLINE Redaktion berichten hier mit ihren Kolleginnen und Kollegen aus den Partnerredaktionen exklusiv, fundiert, ausgewogen sowie unabh\u00e4ngig f\u00fcr den Anleger.<\/p>\n<p>Die Zentralredaktion recherchiert intensiv, um Anlegern der Kategorie Selbstentscheider relevante Informationen f\u00fcr ihre Anlageentscheidungen liefern zu k\u00f6nnen.<\/p>\n<p>NEU: Podcast &#8222;B\u00f6rse, Baby!&#8220;<\/p>\n<p>\n                            Mehr anzeigen\n                        <\/p>\n<p>                        <a href=\"https:\/\/www.wallstreet-online.de\/rss\/nachrichten\/wallstreet-online-redaktion\" title=\"RSS-Feed des Autors wallstreetONLINE Redaktion\" target=\"_blank\" rel=\"nofollow noopener\"><img decoding=\"async\" src=\"https:\/\/assets.wallstreet-online.de\/frontend\/img\/icons\/icons\/rss.svg\" alt=\"RSS Icon\" class=\"imgSvg me-1\" style=\"width:16px;height:16px\"\/><\/a><a style=\"vertical-align:top;\" href=\"https:\/\/www.wallstreet-online.de\/rss\/nachrichten\/wallstreet-online-redaktion\" title=\"RSS-Feed des Autors wallstreetONLINE Redaktion\" target=\"_blank\" class=\"text-subdued-alpha\" rel=\"nofollow noopener\">RSS-Feed abonnieren<\/a><\/p>\n","protected":false},"excerpt":{"rendered":"Deutschlands neuer Ausgabenkurs kommt endlich in der Wirtschaft an \u2013 und die Konjunktur l\u00e4uft besser als gedacht. Das&hellip;\n","protected":false},"author":2,"featured_media":1257916,"comment_status":"","ping_status":"","sticky":false,"template":"","format":"standard","meta":{"footnotes":"","_share_on_mastodon":"0"},"categories":[2],"tags":[331,3924,332,3922,3364,16150,29,260094,260093,260095,30,13,14,3923,15,3921,12,3945],"class_list":["post-1257915","post","type-post","status-publish","format-standard","has-post-thumbnail","category-deutschland","tag-aktuelle-nachrichten","tag-aktuelle-nachrichten-aus-deutschland","tag-aktuelle-news","tag-aktuelle-news-aus-deutschland","tag-de","tag-defizit","tag-deutschland","tag-deutschland-bip","tag-deutschland-wachstum","tag-deutschland-wirtschaft","tag-germany","tag-headlines","tag-nachrichten","tag-nachrichten-aus-deutschland","tag-news","tag-news-aus-deutschland","tag-schlagzeilen","tag-wirtschaftswachstum"],"share_on_mastodon":{"url":"https:\/\/pubeurope.com\/@de\/117151627473973053","error":""},"_links":{"self":[{"href":"https:\/\/www.europesays.com\/de\/wp-json\/wp\/v2\/posts\/1257915","targetHints":{"allow":["GET"]}}],"collection":[{"href":"https:\/\/www.europesays.com\/de\/wp-json\/wp\/v2\/posts"}],"about":[{"href":"https:\/\/www.europesays.com\/de\/wp-json\/wp\/v2\/types\/post"}],"author":[{"embeddable":true,"href":"https:\/\/www.europesays.com\/de\/wp-json\/wp\/v2\/users\/2"}],"replies":[{"embeddable":true,"href":"https:\/\/www.europesays.com\/de\/wp-json\/wp\/v2\/comments?post=1257915"}],"version-history":[{"count":0,"href":"https:\/\/www.europesays.com\/de\/wp-json\/wp\/v2\/posts\/1257915\/revisions"}],"wp:featuredmedia":[{"embeddable":true,"href":"https:\/\/www.europesays.com\/de\/wp-json\/wp\/v2\/media\/1257916"}],"wp:attachment":[{"href":"https:\/\/www.europesays.com\/de\/wp-json\/wp\/v2\/media?parent=1257915"}],"wp:term":[{"taxonomy":"category","embeddable":true,"href":"https:\/\/www.europesays.com\/de\/wp-json\/wp\/v2\/categories?post=1257915"},{"taxonomy":"post_tag","embeddable":true,"href":"https:\/\/www.europesays.com\/de\/wp-json\/wp\/v2\/tags?post=1257915"}],"curies":[{"name":"wp","href":"https:\/\/api.w.org\/{rel}","templated":true}]}}