{"id":1257930,"date":"2026-08-24T17:25:20","date_gmt":"2026-08-24T17:25:20","guid":{"rendered":"https:\/\/www.europesays.com\/de\/1257930\/"},"modified":"2026-08-24T17:25:20","modified_gmt":"2026-08-24T17:25:20","slug":"auf-dem-weg-zum-urwald-30-jahre-naturwaldparzellen-in-hannover","status":"publish","type":"post","link":"https:\/\/www.europesays.com\/de\/1257930\/","title":{"rendered":"Auf dem Weg zum Urwald \u2013 30 Jahre Naturwaldparzellen in Hannover"},"content":{"rendered":"<p><a href=\"https:\/\/www.hannover-entdecken.de\/wp-content\/uploads\/2019\/12\/2009-08-03_Eilenriede-0498.jpg\" rel=\"nofollow noopener\" target=\"_blank\"><img loading=\"lazy\" decoding=\"async\" aria-describedby=\"caption-attachment-19292\" src=\"https:\/\/www.europesays.com\/de\/wp-content\/uploads\/2026\/08\/2009-08-03_Eilenriede-0498-300x225.jpg\" alt=\"Blick \u00fcber die Eilenriede\" width=\"300\" height=\"225\" class=\"size-medium wp-image-19292\"  \/><\/a><\/p>\n<p id=\"caption-attachment-19292\" class=\"wp-caption-text\">Blick \u00fcber die Eilenriede<\/p>\n<p>Wer kennt sie nicht \u2013 die <a href=\"https:\/\/www.hannover-entdecken.de\/eilenriede-hannover-stadtwald\/\" data-internallinksmanager029f6b8e52c=\"3758\" title=\"Eilenriede\" rel=\"nofollow noopener\" target=\"_blank\">Eilenriede<\/a>. Mitten im Herzen der Gro\u00dfstadt gelegen, nur einen Kilometer fu\u00dfl\u00e4ufig vom <a href=\"https:\/\/www.hannover-entdecken.de\/hauptbahnhof-hannover\/\" data-internallinksmanager029f6b8e52c=\"3632\" title=\"Hauptbahnhof Hannover - Dreh- und Angelpunkt des Bahnverkehrs\" rel=\"nofollow noopener\" target=\"_blank\">Hauptbahnhof<\/a> entfernt.<\/p>\n<p>Weniger bekannt sein d\u00fcrfte hingegen, dass sie einen gro\u00dfen Schatz birgt. Unweit vom Zoo wurde bereits 1996 eine 22,5 Hektar gro\u00dfe \u201eNaturwaldparzelle\u201c ausgewiesen. Dabei handelt es sich um eine Waldfl\u00e4che, in der sich die Natur frei entwickeln kann. Hier werden seitdem keine B\u00e4ume mehr gef\u00e4llt. Der Prozesse der nat\u00fcrlichen Waldentwicklung wird stattdessen wissenschaftlich begleitet und dient den F\u00f6rster*innen als Studienobjekt.  <\/p>\n<p>Zwar kann man nach 30 Jahren nat\u00fcrlicher Waldentwicklung noch nicht von einem richtigen Urwald sprechen, auch wenn dort bereits sehr alte und dicke B\u00e4ume stehen. Aber das Wort \u201eGro\u00dfstadtdschungel\u201c trifft es vielleicht \u2013 denn seit Ausweisung der Fl\u00e4che wurde eine Vielzahl ganz unterschiedlicher Tierarten kartiert. Biolog*innen und Umweltverb\u00e4nde haben seither in dem Waldst\u00fcck 53 Brutvogelarten, 75 Stechimmen (Wildbienen), 13 Fledermausarten und 301 K\u00e4ferarten vorgefunden. Besonders bemerkenswert ist dabei der Fund von neun sogenannten \u201eUrwaldreliktarten\u201c. Das sind K\u00e4ferarten, die nur in besonders naturnahen W\u00e4ldern mit alten Strukturen wie H\u00f6hlenb\u00e4umen und Alteichen vorkommen. Unter diesen Arten wurde der streng gesch\u00fctzte Eremit (Osmoderma eremita) gefunden.<\/p>\n<p>Anl\u00e4sslich des Jubil\u00e4ums hat der BUND zwei Bechsteinflederm\u00e4use in die Freiheit entlassen. Die Tiere wurden vor Monaten in einem teilweise gesundheitlich schlechten Zustand gefunden, abgegeben und vom BUND aufgep\u00e4ppelt. Die beiden Flederm\u00e4use d\u00fcrften sich in der Eilenriede nun wohlf\u00fchlen, da die alten totholzreichen Buchen- und Eichenw\u00e4lder genau den Lebensraumanspr\u00fcchen dieser Art entsprechen.<\/p>\n<p>Die Naturwaldparzelle nahe dem Zoo ist nicht die einzige. \u00dcber die Jahre wurde das Konzept sukzessive ausgeweitet, sodass die Landeshauptstadt Hannover nunmehr \u00fcber 148 Hektar Naturwaldparzellen verf\u00fcgt \u2013 das entspricht 10 % der Forstbetriebsfl\u00e4che.<\/p>\n<p>Aktuelle Informationen zu den st\u00e4dtischen W\u00e4ldern und die detaillierten Ergebnisse der Gutachten bietet das Internet unter www.Hannover.de\/stadtw\u00e4lder.<\/p>\n","protected":false},"excerpt":{"rendered":"Blick \u00fcber die Eilenriede Wer kennt sie nicht \u2013 die Eilenriede. Mitten im Herzen der Gro\u00dfstadt gelegen, nur&hellip;\n","protected":false},"author":2,"featured_media":755274,"comment_status":"","ping_status":"","sticky":false,"template":"","format":"standard","meta":{"footnotes":"","_share_on_mastodon":"0"},"categories":[1836],"tags":[3364,29,30694,30,46,1411,6500],"class_list":["post-1257930","post","type-post","status-publish","format-standard","has-post-thumbnail","category-hannover","tag-de","tag-deutschland","tag-eilenriede","tag-germany","tag-hannover","tag-niedersachsen","tag-zoo"],"share_on_mastodon":{"url":"https:\/\/pubeurope.com\/@de\/117151659006159920","error":""},"_links":{"self":[{"href":"https:\/\/www.europesays.com\/de\/wp-json\/wp\/v2\/posts\/1257930","targetHints":{"allow":["GET"]}}],"collection":[{"href":"https:\/\/www.europesays.com\/de\/wp-json\/wp\/v2\/posts"}],"about":[{"href":"https:\/\/www.europesays.com\/de\/wp-json\/wp\/v2\/types\/post"}],"author":[{"embeddable":true,"href":"https:\/\/www.europesays.com\/de\/wp-json\/wp\/v2\/users\/2"}],"replies":[{"embeddable":true,"href":"https:\/\/www.europesays.com\/de\/wp-json\/wp\/v2\/comments?post=1257930"}],"version-history":[{"count":0,"href":"https:\/\/www.europesays.com\/de\/wp-json\/wp\/v2\/posts\/1257930\/revisions"}],"wp:featuredmedia":[{"embeddable":true,"href":"https:\/\/www.europesays.com\/de\/wp-json\/wp\/v2\/media\/755274"}],"wp:attachment":[{"href":"https:\/\/www.europesays.com\/de\/wp-json\/wp\/v2\/media?parent=1257930"}],"wp:term":[{"taxonomy":"category","embeddable":true,"href":"https:\/\/www.europesays.com\/de\/wp-json\/wp\/v2\/categories?post=1257930"},{"taxonomy":"post_tag","embeddable":true,"href":"https:\/\/www.europesays.com\/de\/wp-json\/wp\/v2\/tags?post=1257930"}],"curies":[{"name":"wp","href":"https:\/\/api.w.org\/{rel}","templated":true}]}}