{"id":1257946,"date":"2026-08-24T17:35:22","date_gmt":"2026-08-24T17:35:22","guid":{"rendered":"https:\/\/www.europesays.com\/de\/1257946\/"},"modified":"2026-08-24T17:35:22","modified_gmt":"2026-08-24T17:35:22","slug":"montag-der-24-august-2026-ostdeutsche-unterrepraesentiert-ostlichter-startet-bald-und-ukraine-demo-in-leipzig-%c2%b7-leipziger-zeitung","status":"publish","type":"post","link":"https:\/\/www.europesays.com\/de\/1257946\/","title":{"rendered":"Montag, der 24. August 2026: Ostdeutsche unterrepr\u00e4sentiert, \u201eOstlichter\u201c startet bald und Ukraine-Demo in Leipzig \u00b7 Leipziger Zeitung"},"content":{"rendered":"<p>Forscher*innen mehrerer Hochschulen, darunter die Universit\u00e4t Leipzig, kommen zu dem Ergebnis, dass Ostdeutsche in Spitzenpositionen immer noch deutlich unterrepr\u00e4sentiert sind \u2013 auch wenn es eine positive Tendenz gibt. Au\u00dferdem: Im Leipziger Osten startet Anfang September das Stadtteilfestival \u201eOstlichter\u201c und mehrere hundert Ukrainer*innen waren anl\u00e4sslich des Unabh\u00e4ngigkeitsfeiertages auf der Stra\u00dfe. Die LZ fasst zusammen, was am Montag, 24. August 2026, in Leipzig, Sachsen und dar\u00fcber hinaus wichtig war.<\/p>\n<p>Ostdeutsche sind in F\u00fchrungspositionen weiterhin deutlich unterrepr\u00e4sentiert. Das geht <a href=\"https:\/\/link.springer.com\/book\/10.1007\/978-3-658-51339-9\" target=\"_blank\" rel=\"noopener nofollow\">aus einem neuen Buch hervor<\/a>, an dem unter anderem Forscher*innen der Universit\u00e4t Leipzig beteiligt waren. So ist der Anteil Ostdeutscher an Spitzenpositionen in Politik, Wirtschaft, Kultur, Verwaltung, Wissenschaft, Zivilgesellschaft und weiteren Bereichen von 2018 zu 2024 von 10,9 Prozent lediglich auf 12,1 Prozent gestiegen.<img decoding=\"async\" src=\"https:\/\/www.europesays.com\/de\/wp-content\/uploads\/2026\/08\/4b8dd80718704098bdb09717be2e5959.gif\" alt=\"\" width=\"https:\/\/www.l-iz.de\/der-tag\/2026\/08\/1\" height=\"https:\/\/www.l-iz.de\/der-tag\/2026\/08\/1\"\/><\/p>\n<p>Laut den Forschenden gibt es vor allem in Wissenschaft und Verwaltung einen sp\u00fcrbaren Anstieg. In den meisten Bereichen gebe es aber nur geringe Fort- oder sogar R\u00fcckschritte. Grundlage ist das Projekt \u201eElitenmonitor\u201c, in dem seit 2022 systematisch Daten zur Elitenstruktur in Deutschland erfasst werden.<\/p>\n<p>Die Forscher*innen sehen verschiedene M\u00f6glichkeiten, die Repr\u00e4sentanz Ostdeutscher zu erh\u00f6hen, beispielsweise durch bessere Werbung f\u00fcr Stipendien in unterrepr\u00e4sentierten Regionen oder mehr Beh\u00f6rden in Ostdeutschland. Eine Ost-Quote hingegen habe wenig Unterst\u00fctzung bei Eliten und in der Bev\u00f6lkerung.<\/p>\n<p>Stadtteilfestival \u201eOstlichter\u201c startet bald<\/p>\n<p>Auch in diesem Jahr findet in Leipzig wieder das Stadtteilfestival \u201eOstlichter\u201c statt. Vom 3. September bis 4. Oktober sind an mehr als 60 Orten \u00fcber 100 Veranstaltungen geplant. Wie der Name es schon verr\u00e4t, finden diese im Leipziger Osten statt, also in Sch\u00f6nefeld, Mockau, Paunsdorf, Anger-Crottendorf und weiteren Gebieten.<\/p>\n<p>Das Programm bietet dabei ein breites Spektrum aus Konzerten, Open-Air-Kino, H\u00f6rspazierg\u00e4ngen, Theater, Ausstellungen, Stadtteil- und Familienfesten, Liveh\u00f6rspielen, historischen und t\u00e4nzerischen Stadtteilrundg\u00e4ngen, Lesungen und Workshops.<\/p>\n<p>Brand in Magdeburger Krankenhaus<\/p>\n<p>In einem Patientenzimmer im Klinikum Cracau in Magdeburg hat es am Vormittag einen Brand gegeben. Dabei wurden mehrere Menschen verletzt. Eine Person direkt im Zimmer wurde durch das Einatmen der Gase schwer verletzt und musste intensivmedizinisch behandelt werden. Wie der MDR berichtet, geht das Krankenhaus wegen der starken Rauchentwicklung von einem Millionenschaden aus.<\/p>\n<p>Zwischenzeitlich mussten ungef\u00e4hr 70 Patient*innen das Krankenhaus aus Sicherheitsgr\u00fcnden verlassen. Mittlerweile konnten sie wieder zur\u00fcckkehren, befinden sich aber teilweise auf anderen Stationen. Die Ermittlungen zur Brandursache laufen noch.<\/p>\n<p><strong>Wor\u00fcber die LZ heute berichtet hat:<\/strong><\/p>\n<p>\u00fcber <a href=\"https:\/\/www.l-iz.de\/theater\/2026\/08\/oper-startet-in-neue-spielzeit-auftakt-eroffnungskonzert-hasslichem-entlein-668120\" target=\"_blank\" rel=\"noopener nofollow\">die neue Spielzeit der Oper<\/a>,<\/p>\n<p>\u00fcber <a href=\"https:\/\/www.l-iz.de\/politik\/leipzig\/2026\/08\/leipzig-hat-keine-kompensationsflaechen-mehr-stadtplanungsamt-startet-neue-kartierung-668114\" target=\"_blank\" rel=\"noopener nofollow\">fehlende Komensationsfl\u00e4chen in Leipzig<\/a> und<\/p>\n<p>\u00fcber <a href=\"https:\/\/www.l-iz.de\/politik\/engagement\/2026\/08\/unfuck-germany-passiert-leipzig-am-25-august-695-kilometer-fuss-politische-ohnmacht-668131\" target=\"_blank\" rel=\"noopener nofollow\">das Wanderprojekt \u201eUnfuck Germany\u201c<\/a>.<\/p>\n<p><strong>Was heute au\u00dferdem wichtig war:<\/strong><\/p>\n<p>Anl\u00e4sslich des heutigen Unabh\u00e4ngigkeitstages der Ukraine versammelten sich auf dem Augustusplatz am Montagnachmittag circa 600 Personen. Organsiert wurde die Veranstaltung von dem Freundeskreis der Ukrainer. Die Organisatoren dankten der Stadt Leipzig und den Leipziger*innen f\u00fcr die zahlreiche Unterst\u00fctzung. Es wurde eine Gedenkminute abgehalten f\u00fcr die Opfer des russischen Angriffkrieges.<\/p>\n<p>Mark Aretz, Honorarkonsul von Estland in Leipzig, wies in seiner Rede die Kritik zur\u00fcck, dass Russland provoziert werden w\u00fcrde, wenn die Ukraine umfangreicher unterst\u00fctzt werden w\u00fcrde. Nur aus der Position der St\u00e4rke k\u00f6nne Russland zum Frieden gezwungen werden, widersprach er den Kritikern.<\/p>\n","protected":false},"excerpt":{"rendered":"Forscher*innen mehrerer Hochschulen, darunter die Universit\u00e4t Leipzig, kommen zu dem Ergebnis, dass Ostdeutsche in Spitzenpositionen immer noch deutlich&hellip;\n","protected":false},"author":2,"featured_media":1257947,"comment_status":"","ping_status":"","sticky":false,"template":"","format":"standard","meta":{"footnotes":"","_share_on_mastodon":"0"},"categories":[1832],"tags":[3364,2409,29,30,71,4200,260097,859,317],"class_list":["post-1257946","post","type-post","status-publish","format-standard","has-post-thumbnail","category-leipzig","tag-de","tag-der-tag","tag-deutschland","tag-germany","tag-leipzig","tag-ostdeutschland","tag-ostlichter","tag-sachsen","tag-ukraine"],"share_on_mastodon":{"url":"https:\/\/pubeurope.com\/@de\/117151698208179424","error":""},"_links":{"self":[{"href":"https:\/\/www.europesays.com\/de\/wp-json\/wp\/v2\/posts\/1257946","targetHints":{"allow":["GET"]}}],"collection":[{"href":"https:\/\/www.europesays.com\/de\/wp-json\/wp\/v2\/posts"}],"about":[{"href":"https:\/\/www.europesays.com\/de\/wp-json\/wp\/v2\/types\/post"}],"author":[{"embeddable":true,"href":"https:\/\/www.europesays.com\/de\/wp-json\/wp\/v2\/users\/2"}],"replies":[{"embeddable":true,"href":"https:\/\/www.europesays.com\/de\/wp-json\/wp\/v2\/comments?post=1257946"}],"version-history":[{"count":0,"href":"https:\/\/www.europesays.com\/de\/wp-json\/wp\/v2\/posts\/1257946\/revisions"}],"wp:featuredmedia":[{"embeddable":true,"href":"https:\/\/www.europesays.com\/de\/wp-json\/wp\/v2\/media\/1257947"}],"wp:attachment":[{"href":"https:\/\/www.europesays.com\/de\/wp-json\/wp\/v2\/media?parent=1257946"}],"wp:term":[{"taxonomy":"category","embeddable":true,"href":"https:\/\/www.europesays.com\/de\/wp-json\/wp\/v2\/categories?post=1257946"},{"taxonomy":"post_tag","embeddable":true,"href":"https:\/\/www.europesays.com\/de\/wp-json\/wp\/v2\/tags?post=1257946"}],"curies":[{"name":"wp","href":"https:\/\/api.w.org\/{rel}","templated":true}]}}