{"id":1257951,"date":"2026-08-24T17:38:17","date_gmt":"2026-08-24T17:38:17","guid":{"rendered":"https:\/\/www.europesays.com\/de\/1257951\/"},"modified":"2026-08-24T17:38:17","modified_gmt":"2026-08-24T17:38:17","slug":"fortuna-duesseldorf-verpflichtet-erfahrenen-lautern-profi","status":"publish","type":"post","link":"https:\/\/www.europesays.com\/de\/1257951\/","title":{"rendered":"Fortuna D\u00fcsseldorf verpflichtet erfahrenen Lautern-Profi"},"content":{"rendered":"<p>Wekesser unterschreibt bis 2028<\/p>\n<p><a href=\"https:\/\/www.fussballdaten.de\/vereine\/fortuna-duesseldorf\/\" target=\"_blank\" rel=\"nofollow noopener\">Fortuna D\u00fcsseldorf<\/a> hat die Verpflichtung des Defensivspielers am Montag bekanntgegeben. <a href=\"https:\/\/www.fussballdaten.de\/person\/erik-wekesser\/\" target=\"_blank\" rel=\"nofollow noopener\">Wekesser<\/a> kommt vom Zweitligisten aus <a href=\"https:\/\/www.fussballdaten.de\/vereine\/1-fc-kaiserslautern\/\" target=\"_blank\" rel=\"nofollow noopener\">Kaiserslautern<\/a> und erh\u00e4lt bei seinem neuen Verein einen Vertrag bis 2028.<\/p>\n<p class=\"mb20 mt30\">Damit geht es f\u00fcr den 29-J\u00e4hrigen k\u00fcnftig eine Spielklasse nach unten. D\u00fcsseldorf tritt in der neuen Saison in der 3. Liga an und sichert sich mit Wekesser einen weiteren Spieler f\u00fcr den eigenen Kader. Angaben zu einer m\u00f6glichen Abl\u00f6sesumme macht der Klub in der vorliegenden Mitteilung nicht.<\/p>\n<p>Neue R\u00fcckennummer f\u00fcr Wekesser<\/p>\n<p class=\"mb20 mt30\">Bei seinem neuen Arbeitgeber wird Wekesser k\u00fcnftig mit einer auff\u00e4lligen Nummer auflaufen. Fortuna best\u00e4tigte im Zuge der Bekanntgabe, dass der Neuzugang die R\u00fcckennummer 7 erh\u00e4lt.<\/p>\n<p class=\"mb20 mt30\">F\u00fcr Wekesser endet damit seine Zeit beim 1. FC Kaiserslautern. Der Transfer nach D\u00fcsseldorf ist vollst\u00e4ndig abgeschlossen und der Vertrag bis 2028 unterschrieben. Weitere Einzelheiten zu den finanziellen Bedingungen des Wechsels wurden nicht genannt.<\/p>\n","protected":false},"excerpt":{"rendered":"Wekesser unterschreibt bis 2028 Fortuna D\u00fcsseldorf hat die Verpflichtung des Defensivspielers am Montag bekanntgegeben. Wekesser kommt vom Zweitligisten&hellip;\n","protected":false},"author":2,"featured_media":1257952,"comment_status":"","ping_status":"","sticky":false,"template":"","format":"standard","meta":{"footnotes":"","_share_on_mastodon":"0"},"categories":[1831],"tags":[299,3364,29,3405,260098,7847,6223,347,30,260099,1209,155300],"class_list":["post-1257951","post","type-post","status-publish","format-standard","has-post-thumbnail","category-duesseldorf","tag-bundesliga","tag-de","tag-deutschland","tag-duesseldorf","tag-erfahrenen","tag-football","tag-fortuna","tag-fussball","tag-germany","tag-lautern-profi","tag-nordrhein-westfalen","tag-verpflichtet"],"share_on_mastodon":{"url":"https:\/\/pubeurope.com\/@de\/117151708472492690","error":""},"_links":{"self":[{"href":"https:\/\/www.europesays.com\/de\/wp-json\/wp\/v2\/posts\/1257951","targetHints":{"allow":["GET"]}}],"collection":[{"href":"https:\/\/www.europesays.com\/de\/wp-json\/wp\/v2\/posts"}],"about":[{"href":"https:\/\/www.europesays.com\/de\/wp-json\/wp\/v2\/types\/post"}],"author":[{"embeddable":true,"href":"https:\/\/www.europesays.com\/de\/wp-json\/wp\/v2\/users\/2"}],"replies":[{"embeddable":true,"href":"https:\/\/www.europesays.com\/de\/wp-json\/wp\/v2\/comments?post=1257951"}],"version-history":[{"count":0,"href":"https:\/\/www.europesays.com\/de\/wp-json\/wp\/v2\/posts\/1257951\/revisions"}],"wp:featuredmedia":[{"embeddable":true,"href":"https:\/\/www.europesays.com\/de\/wp-json\/wp\/v2\/media\/1257952"}],"wp:attachment":[{"href":"https:\/\/www.europesays.com\/de\/wp-json\/wp\/v2\/media?parent=1257951"}],"wp:term":[{"taxonomy":"category","embeddable":true,"href":"https:\/\/www.europesays.com\/de\/wp-json\/wp\/v2\/categories?post=1257951"},{"taxonomy":"post_tag","embeddable":true,"href":"https:\/\/www.europesays.com\/de\/wp-json\/wp\/v2\/tags?post=1257951"}],"curies":[{"name":"wp","href":"https:\/\/api.w.org\/{rel}","templated":true}]}}