{"id":1258011,"date":"2026-08-24T18:14:35","date_gmt":"2026-08-24T18:14:35","guid":{"rendered":"https:\/\/www.europesays.com\/de\/1258011\/"},"modified":"2026-08-24T18:14:35","modified_gmt":"2026-08-24T18:14:35","slug":"schleswig-holstein-aktuell-nachrichten-im-ueberblick-332","status":"publish","type":"post","link":"https:\/\/www.europesays.com\/de\/1258011\/","title":{"rendered":"Schleswig-Holstein aktuell: Nachrichten im \u00dcberblick"},"content":{"rendered":"<p>        <img decoding=\"async\" src=\"https:\/\/www.europesays.com\/de\/wp-content\/uploads\/2026\/03\/nachrichtenkompakt126.webp.webp\" alt=\"Grafik: Eine Sprechblase, in der die Kontur des Landes Schleswig-Holstein abgebildet ist.\" title=\"Grafik: Eine Sprechblase, in der die Kontur des Landes Schleswig-Holstein abgebildet ist. | NDR\" class=\"responsive\"\/><\/p>\n<p>AUDIO: Nachrichten 17:00 Uhr &#8211; 24.08.2026 (7 Min)<\/p>\n<p>\n                Stand: 24.08.2026 17:47 Uhr<\/p>\n<p class=\"preface\">Nachrichten aus Schleswig-Holstein vom 24. August 2026 &#8211; kompakt und aktuell im Newsblog von NDR SH: Lesen Sie hier im \u00dcberblick, was im Land passiert und noch wichtig wird.<\/p>\n<p>\n        17:22 Uhr\n    <\/p>\n<p>    Prozessauftakt um sexuellen Missbrauch<\/p>\n<p class=\"\">Vor dem Hamburger Landgericht ist seit heute ein ehemaliger <a href=\"https:\/\/www.ndr.de\/nachrichten\/hamburg\/prozessauftakt-fussballtrainer-soll-jungen-sexuell-missbraucht-haben,prozess-968.html\" title=\"Prozessauftakt: Fu\u00dfballtrainer soll Jungen sexuell missbraucht haben\" rel=\"nofollow noopener\" target=\"_blank\">Fu\u00dfballtrainer wegen sexuellen Missbrauchs angeklagt<\/a>. Der 39-J\u00e4hrige soll vier Jungen sexuell missbraucht haben. Drei von ihnen waren mit auf einem Fussballcamp in Schleswig-Holstein. Der vierte Junge war sein Nachhilfesch\u00fcler. \u00dcber neun Jahre hinweg soll er sich an den Kindern vergangen haben. Die Ermittlungen kamen ins Rollen, als ein heute 16-J\u00e4hriger sich Freunden und schlie\u00dflich den Eltern anvertraute. Die Eltern gingen zur Polizei und zeigten den Trainer an. Als die Polizei seine Wohnung durchsuchte, fand sie dort Bilder und Videos von weiteren Missbrauchstaten. Dadurch konnten drei weitere mutma\u00dfliche Opfer identifiziert werden. Zum Prozessauftakt heute wurde nur die Anklage verlesen. Zum weiteren Verfahren wird die \u00d6ffentlichkeit erst einmal ausgeschlossen. | NDR Schleswig-Holstein 24.08.2026 17:00 Uhr<\/p>\n<p>        <img decoding=\"async\" src=\"https:\/\/www.europesays.com\/de\/wp-content\/uploads\/2026\/08\/prozess-966.webp\" alt=\"In einem Missbrauchsprozess in Hamburg vebirgt der Angeklagte sein Gesicht.\" title=\"In einem Missbrauchsprozess in Hamburg vebirgt der Angeklagte sein Gesicht. | NDR, Elke Spanner\" class=\"responsive\" loading=\"lazy\"\/><\/p>\n<p>Die Ermittlungen kamen ins Rollen, als sich ein heute 16-J\u00e4hriger seinen Freunden und schlie\u00dflich den Eltern anvertraute.<\/p>\n<p>\n        15:58 Uhr\n    <\/p>\n<p>    Prozess um versuchten Mord in Bordesholm<\/p>\n<p class=\"\">Seit heute steht ein 37-J\u00e4hriger wegen versuchten Mordes vor dem Landgericht <a href=\"https:\/\/www.ndr.de\/nachrichten\/schleswig-holstein\/Kiel-Aktuelle-Nachrichten-News-und-Videos,kiel7262.html\" title=\"Kiel - Aktuelle Nachrichten und Videos\" rel=\"nofollow noopener\" target=\"_blank\">Kiel<\/a>. Er soll seinen ehemaligen Vermieter im vergangenen M\u00e4rz in Bordesholm (<a href=\"https:\/\/www.ndr.de\/nachrichten\/schleswig-holstein\/Kreis-Rendsburg-Eckernfoerde-Aktuelle-Nachrichten-und-Videos,rendsburgeckernfoerde118.html\" title=\"Kreis Rendsburg-Eckernf\u00f6rde - Aktuelle Nachrichten und Videos\" rel=\"nofollow noopener\" target=\"_blank\">Kreis Rendsburg-Eckernf\u00f6rde<\/a>) mit einer Armbrust angegriffen und schwer verletzt haben. Zu Prozessbeginn \u00e4u\u00dferte sich der Angeklagte. Er gab an, Probleme gehabt zu haben. Au\u00dferdem habe es Konflikte zwischen ihm und seinem fr\u00fcheren Vermieter und gegeben. Dem 37-J\u00e4hrigen war die Wohnung fristlos gek\u00fcndigt worden. Die Staatsanwaltschaft wirft ihm vor, dass er den Vermieter deshalb Mitte M\u00e4rz mit der Armbrust t\u00f6ten wollte. | NDR Schleswig-Holstein 24.08.2026 16:00 Uhr<\/p>\n<p>        <img decoding=\"async\" src=\"https:\/\/www.europesays.com\/de\/wp-content\/uploads\/2026\/03\/podcastlogo104.webp.webp\" alt=\"Ein Mikrofon vor zwei Menschen.\" title=\"Ein Mikrofon vor zwei Menschen. | NDR, Janis R\u00f6hlig\" class=\"responsive\" loading=\"lazy\"\/><\/p>\n<p>Alles, was f\u00fcr Schleswig-Holstein wichtig ist: Im Nachrichten-Podcast von NDR 1 Welle Nord h\u00f6ren Sie das Neueste aus Schleswig-Holstein, Deutschland und der Welt.<\/p>\n<p>        <img decoding=\"async\" src=\"https:\/\/www.europesays.com\/de\/wp-content\/uploads\/2026\/05\/polizei-644.webp\" alt=\"Ein Polizeieinsatz bei Nacht in Bordesholm.\" title=\"Ein Polizeieinsatz bei Nacht in Bordesholm. | Daniel Friederichs\" class=\"responsive\" loading=\"lazy\"\/><\/p>\n<p>Nach der K\u00fcndigung seines Mietvertrags soll der Angeklagte in Bordesholm seinen Vermieter schwer verletzt haben. <\/p>\n<p>\n        15:52 Uhr\n    <\/p>\n<p>    Bus mit Sch\u00fclern aus Kreis Pl\u00f6n in Niederlanden verungl\u00fcckt<\/p>\n<p class=\"\">Bei dem Unfall eines Reisebusses in den Niederlanden mit Oberstufensch\u00fclern aus Schleswig Holstein sind heute 16 Menschen verletzt worden &#8211; unter ihnen auch mehrere Sch\u00fcler. Acht Menschen erlitten nach Angaben der niederl\u00e4ndischen Polizei schwere Verletzungen. Der Bus war mit 54 Sch\u00fclerinnen und Sch\u00fclern aus der Jahrgangsstufe 12 und vier Lehrkr\u00e4ften der Gemeinschaftsschule Probstei in Sch\u00f6nberg (<a href=\"https:\/\/www.ndr.de\/nachrichten\/schleswig-holstein\/Kreis-Ploen-Aktuelle-Nachrichten-und-Videos,ploen198.html\" title=\"Kreis Pl\u00f6n - Aktuelle Nachrichten und Videos\" rel=\"nofollow noopener\" target=\"_blank\">Kreis Pl\u00f6n<\/a>) unterwegs nach Paris, als er verungl\u00fcckte. Laut Polizei fuhr er aus noch ungekl\u00e4rter Ursache auf einen Transporter auf, durchbrach die Leitplanke und kippte neben der Autobahn um. Laut dem Leiter der Schule in Sch\u00f6nberg m\u00fcssten einige der verletzten Sch\u00fcler wom\u00f6glich noch eine Nacht im Krankenhaus bleiben. F\u00fcr die anderen werde eine R\u00fcckreise mit dem Bus oder der Bahn organisiert. Die meisten sollen voraussichtlich heute Abend wieder Zuhause sein. | NDR Schleswig-Holstein 24.08.2026 15:00 Uhr<\/p>\n<p>        <img decoding=\"async\" src=\"https:\/\/www.europesays.com\/de\/wp-content\/uploads\/2026\/03\/podcastlogo104.webp.webp\" alt=\"Ein Mikrofon vor zwei Menschen.\" title=\"Ein Mikrofon vor zwei Menschen. | NDR, Janis R\u00f6hlig\" class=\"responsive\" loading=\"lazy\"\/><\/p>\n<p>Alles, was f\u00fcr Schleswig-Holstein wichtig ist: Im Nachrichten-Podcast von NDR 1 Welle Nord h\u00f6ren Sie das Neueste aus Schleswig-Holstein, Deutschland und der Welt.<\/p>\n<p>        <img decoding=\"async\" src=\"https:\/\/www.europesays.com\/de\/wp-content\/uploads\/2026\/08\/unfall-1892.webp\" alt=\"Der verunfallte Bus bei Tageslicht\" title=\"Der verunfallte Bus bei Tageslicht | Telenews Network\" class=\"responsive\" loading=\"lazy\"\/><\/p>\n<p>Die Jugendlichen kommen von der Gemeinschaftsschule Probstei in Sch\u00f6nberg im Kreis Pl\u00f6n. Einige sind schwer verletzt, wie die Polizei mitteilte.<\/p>\n<p>\n        15:05 Uhr\n    <\/p>\n<p>    Hausverbot f\u00fcr Elmshorner Stadtmitarbeiter im Rathaus<\/p>\n<p class=\"\">Die Staatsanwaltschaft <a href=\"https:\/\/www.ndr.de\/nachrichten\/schleswig-holstein\/itzehoe-aktuelle-nachrichten-und-videos,itzehoe456.html\" title=\"Itzehoe - Aktuelle Nachrichten und Videos\" rel=\"nofollow noopener\" target=\"_blank\">Itzehoe<\/a> (<a href=\"https:\/\/www.ndr.de\/nachrichten\/schleswig-holstein\/Steinburg-Aktuelle-Nachrichten-und-Videos,steinburg118.html\" title=\"Steinburg - Aktuelle Nachrichten und Videos\" rel=\"nofollow noopener\" target=\"_blank\">Kreis Steinburg<\/a>) ermittelt gegen zwei ranghohe Mitarbeiter der Elmshorner Stadtverwaltung. Das best\u00e4tigte ein Sprecher NDR Schleswig-Holstein. Einer der Mitarbeiter steht demnach im Verdacht, sich jahrelang pers\u00f6nlich bereichert zu haben. Was genau der Mitarbeiter gemacht haben soll und um wie viel Geld es geht, dazu macht Staatsanwaltschaft keine Angaben. Eine NDR Anfrage zu den Vorf\u00e4llen hat das Rathaus bislang noch nicht beantwortet. Mehrere Medien hatten zuvor \u00fcbereinstimmend berichtet, dass die Mitarbeiter am Freitag freigestellt worden sein und ein Hausverbot im Rathaus erhalten haben sollen. | NDR Schleswig-Holstein 24.08.2026 15:00 Uhr<\/p>\n<p>        <img decoding=\"async\" src=\"https:\/\/www.europesays.com\/de\/wp-content\/uploads\/2026\/03\/podcastlogo104.webp.webp\" alt=\"Ein Mikrofon vor zwei Menschen.\" title=\"Ein Mikrofon vor zwei Menschen. | NDR, Janis R\u00f6hlig\" class=\"responsive\" loading=\"lazy\"\/><\/p>\n<p>Alles, was f\u00fcr Schleswig-Holstein wichtig ist: Im Nachrichten-Podcast von NDR 1 Welle Nord h\u00f6ren Sie das Neueste aus Schleswig-Holstein, Deutschland und der Welt.<\/p>\n<p>\n        12:17 Uhr\n    <\/p>\n<p>    Erntebilanz f\u00fcr Schleswig-Holstein mit deutlichem Minus<\/p>\n<p class=\"\">Trockenheit, Hitze, N\u00e4sse und schwere Unwetter haben f\u00fcr eine geringere Ernte in Schleswig-Holstein gesorgt. Das zeigt die vorl\u00e4ufige Erntebilanz f\u00fcr 2026, die heute in Gettorf (<a href=\"https:\/\/www.ndr.de\/nachrichten\/schleswig-holstein\/Kreis-Rendsburg-Eckernfoerde-Aktuelle-Nachrichten-und-Videos,rendsburgeckernfoerde118.html\" title=\"Kreis Rendsburg-Eckernf\u00f6rde - Aktuelle Nachrichten und Videos\" rel=\"nofollow noopener\" target=\"_blank\">Kreis Rendsburg-Eckernf\u00f6rde<\/a>) vorgestellt wurde. Demnach sind 2,2 Millionen Tonnen Getreide im Land geerntet worden. Nach Angaben des Statistikamtes Nord sind das neun Prozent weniger als 2025. Besonders deutlich sei das Minus beim Winterweizen: Hier wurde rund eine Million Tonnen geerntet &#8211; 14 Prozent weniger als im Vorjahr. \u00c4hnlich weniger ernteten die Landwirte auch beim Winterraps. Insgesamt waren es 208.000 Tonnen. F\u00fcr Verbraucher bleiben die Preise laut Bauernpr\u00e4sident Klaus-Peter Lucht dennoch \u00fcberschaubar. | NDR Schleswig-Holstein 24.08.2026 12:00 Uhr<\/p>\n<p>        <img decoding=\"async\" src=\"https:\/\/www.europesays.com\/de\/wp-content\/uploads\/2026\/03\/podcastlogo104.webp.webp\" alt=\"Ein Mikrofon vor zwei Menschen.\" title=\"Ein Mikrofon vor zwei Menschen. | NDR, Janis R\u00f6hlig\" class=\"responsive\" loading=\"lazy\"\/><\/p>\n<p>Alles, was f\u00fcr Schleswig-Holstein wichtig ist: Im Nachrichten-Podcast von NDR 1 Welle Nord h\u00f6ren Sie das Neueste aus Schleswig-Holstein, Deutschland und der Welt.<\/p>\n<p>\n        09:12 Uhr\n    <\/p>\n<p>    Kreis Nordfriesland: Mehr Beratungen wegen Gewalt gegen Frauen<\/p>\n<p class=\"\">Im <a href=\"https:\/\/www.ndr.de\/nachrichten\/schleswig-holstein\/Nordfriesland-Aktuelle-Nachrichten-und-Videos,nordfriesland174.html\" title=\"Nordfriesland - Aktuelle Nachrichten und Videos\" rel=\"nofollow noopener\" target=\"_blank\">Kreis Nordfriesland<\/a> haben sich beim Frauennotruf im vergangenen Jahr mehr Betroffene beraten lassen als noch im Jahr zuvor. Das zeigt eine Auswertung der Beratungsstelle. Demnach waren im vergangenen Jahr 474 Frauen bei der Anlaufstelle in Beratung. Das sind drei Prozent mehr als im Jahr 2024. Mehr als 120 Frauen und 103 Kinder mussten nach Angaben von Husums Gleichstellungsbeauftragter Britta Rudolph in Schutzwohnungen aus Platzmangel abgewiesen werden. Rudolph geht davon aus, dass die Dunkelziffer an Betroffenen deutlich h\u00f6her ist. | NDR Schleswig-Holstein 24.08.2026 09:30 Uhr<\/p>\n<p>        <img decoding=\"async\" src=\"https:\/\/www.europesays.com\/de\/wp-content\/uploads\/2026\/03\/nachrichtenkompakt132.webp.webp\" alt=\"Grafik: Eine Sprechblase, in der die Kontur des Landes Schleswig-Holstein abgebildet ist.\" title=\"Grafik: Eine Sprechblase, in der die Kontur des Landes Schleswig-Holstein abgebildet ist. | NDR\" class=\"responsive\" loading=\"lazy\"\/><\/p>\n<p>Die Reporter berichten von den nordfriesischen Inseln und Halligen, der Marsch, der Geest bis \u00fcber das \u00f6stliche H\u00fcgelland mit seinen Fjorden &#8211; jeden Werktag um 09.30 und 16.30 Uhr.<\/p>\n<p>\n        08:30 Uhr\n    <\/p>\n<p>    St\u00e4dte in SH reagieren auf neue Anforderungen durch Klimawandel<\/p>\n<p class=\"\"><a href=\"https:\/\/www.ndr.de\/nachrichten\/schleswig-holstein\/Kiel-Aktuelle-Nachrichten-News-und-Videos,kiel7262.html\" title=\"Kiel - Aktuelle Nachrichten und Videos\" rel=\"nofollow noopener\" target=\"_blank\">Kiel<\/a> setzt beim Hitzeschutz auf sogenannte Klima-B\u00e4ume. Das sind nicht-heimische Arten, etwa aus Asien oder den Subtropen, die besser mit den sich ver\u00e4ndernden Klimabedingungen klarkommen. Um die richtigen Arten zu finden, hat die Stadt zusammen mit der Landwirtschaftskammer vor zehn Jahren 100 Test-B\u00e4ume gepflanzt. Die Stadt <a href=\"https:\/\/www.ndr.de\/nachrichten\/schleswig-holstein\/Luebeck-Aktuelle-Nachrichten-und-Videos-,luebeck2802.html\" title=\"L\u00fcbeck - Aktuelle Nachrichten und Videos\" rel=\"nofollow noopener\" target=\"_blank\">L\u00fcbeck<\/a> pr\u00fcft nach eigenen Angaben alle Gr\u00fcnfl\u00e4chen darauf, ob sich dort mehr B\u00e4ume sinnvoll pflanzen lassen. <a href=\"https:\/\/www.ndr.de\/nachrichten\/schleswig-holstein\/Norderstedt-Aktuelle-Nachrichten-und-Videos,norderstedt484.html\" title=\"Norderstedt - Aktuelle Nachrichten und Videos\" rel=\"nofollow noopener\" target=\"_blank\">Norderstedt<\/a> m\u00f6chte neue Parks und Gr\u00fcnz\u00fcge bauen. | NDR Schleswig-Holstein 24.08.2026 08:00 Uhr<\/p>\n<p>        <img decoding=\"async\" src=\"https:\/\/www.europesays.com\/de\/wp-content\/uploads\/2026\/03\/podcastlogo104.webp.webp\" alt=\"Ein Mikrofon vor zwei Menschen.\" title=\"Ein Mikrofon vor zwei Menschen. | NDR, Janis R\u00f6hlig\" class=\"responsive\" loading=\"lazy\"\/><\/p>\n<p>Alles, was f\u00fcr Schleswig-Holstein wichtig ist: Im Nachrichten-Podcast von NDR 1 Welle Nord h\u00f6ren Sie das Neueste aus Schleswig-Holstein, Deutschland und der Welt.<\/p>\n<p>\n        08:26 Uhr\n    <\/p>\n<p>    Brennendes Auto: A1 Richtung Fehmarn stundenlang gesperrt<\/p>\n<p class=\"\">Auf der <a href=\"https:\/\/www.ndr.de\/nachrichten\/schleswig-holstein\/A1-News-zu-Unfaellen-Sperrungen-und-Baustellen-auf-der-Autobahn,thema170.html\" title=\"A1: News zu Unf\u00e4llen, Sperrungen und Baustellen auf der Autobahn\" rel=\"nofollow noopener\" target=\"_blank\">A1<\/a> zwischen Reinfeld (<a href=\"https:\/\/www.ndr.de\/nachrichten\/schleswig-holstein\/Stormarn-Aktuelle-Nachrichten-und-Videos,stormarn148.html\" title=\"Stormarn - Aktuelle Nachrichten und Videos\" rel=\"nofollow noopener\" target=\"_blank\">Kreis Stormarn<\/a>) und dem Kreis <a href=\"https:\/\/www.ndr.de\/nachrichten\/schleswig-holstein\/Luebeck-Aktuelle-Nachrichten-und-Videos-,luebeck2802.html\" title=\"L\u00fcbeck - Aktuelle Nachrichten und Videos\" rel=\"nofollow noopener\" target=\"_blank\">L\u00fcbeck<\/a> hat gestern Abend ein Auto gebrannt. Durch ein technisches Problem im Motorbereich waren \u00d6l und Betriebsstoffe ausgetreten und \u00fcber die Fahrbahn gelaufen. Verletzt wurde niemand. Die Autobahn war deshalb bis 0.30 Uhr in Richtung L\u00fcbeck gesperrt. Die Einsatzkr\u00e4fte waren mehrere Stunden mit der Reinigung der Fahrbahn besch\u00e4ftigt. | NDR Schleswig-Holstein 24.08.2026 08:00 Uhr<\/p>\n<p>        <img decoding=\"async\" src=\"https:\/\/www.europesays.com\/de\/wp-content\/uploads\/2026\/03\/podcastlogo104.webp.webp\" alt=\"Ein Mikrofon vor zwei Menschen.\" title=\"Ein Mikrofon vor zwei Menschen. | NDR, Janis R\u00f6hlig\" class=\"responsive\" loading=\"lazy\"\/><\/p>\n<p>Alles, was f\u00fcr Schleswig-Holstein wichtig ist: Im Nachrichten-Podcast von NDR 1 Welle Nord h\u00f6ren Sie das Neueste aus Schleswig-Holstein, Deutschland und der Welt.<\/p>\n<p>\n        06:20 Uhr\n    <\/p>\n<p>    Ausbildung in Teilzeit wird beliebter<\/p>\n<p class=\"\">Mehr Betriebe in Schleswig-Holstein <a href=\"https:\/\/www.ndr.de\/nachrichten\/schleswig-holstein\/mehr-teilzeit-ausbildungen-in-sh-sind-die-gruende,teilzeitausbildung-100.html\" title=\" Mehr Teilzeit-Ausbildungen in SH - wer von dem Modell profitiert\" rel=\"nofollow noopener\" target=\"_blank\">bilden junge Menschen in Teilzeit aus<\/a>. Das berichten die Industrie- und Handelskammern (IHK) sowie die Handwerkskammern im Land. Allein in den drei IHK-Bezirken sind aktuell rund 160 Teilzeit-Ausbildungsvertr\u00e4ge geschlossen. So sei vor allem bei Schulabg\u00e4ngern, jungen M\u00fcttern und Alleinerziehenden das Interesse daran gestiegen, hei\u00dft es von den Kammern. Nach Einsch\u00e4tzung der Agentur f\u00fcr Arbeit ist aber f\u00fcr viele von ihnen die Berufsschule ein Problem: Der Unterricht muss in der Regel in Vollzeit stattfinden. | NDR Schleswig-Holstein 24.08.2026 06:00 Uhr<\/p>\n<p>        <img decoding=\"async\" src=\"https:\/\/www.europesays.com\/de\/wp-content\/uploads\/2026\/08\/ausbildung24.webp\" alt=\"Jugendliche in der handwerklichen Berufsausbildung.\" title=\"Jugendliche in der handwerklichen Berufsausbildung. | Fotolia.com, industrieblick\" class=\"responsive\" loading=\"lazy\"\/><\/p>\n<p>Immer mehr Menschen in Schleswig-Holstein absolvieren ihre Ausbildung in Teilzeit. Doch es gibt weiterhin H\u00fcrden.<\/p>\n<p>        <img decoding=\"async\" src=\"https:\/\/www.europesays.com\/de\/wp-content\/uploads\/2026\/03\/podcastlogo104.webp.webp\" alt=\"Ein Mikrofon vor zwei Menschen.\" title=\"Ein Mikrofon vor zwei Menschen. | NDR, Janis R\u00f6hlig\" class=\"responsive\" loading=\"lazy\"\/><\/p>\n<p>Alles, was f\u00fcr Schleswig-Holstein wichtig ist: Im Nachrichten-Podcast von NDR 1 Welle Nord h\u00f6ren Sie das Neueste aus Schleswig-Holstein, Deutschland und der Welt.<\/p>\n<p>\n        06:16 Uhr\n    <\/p>\n<p>    Ph\u00f6nix L\u00fcbeck im DFB-Pokal: Gut gespielt, aber ausgeschieden<\/p>\n<p class=\"\">In der ersten Runde des DFB-Pokals hat der 1.FC Ph\u00f6nix L\u00fcbeck eine \u00dcberraschung verpasst. Der Viertligist verlor am Abend gegen Bundesliga-Aufsteiger SC Paderborn mit 2:4.. Rund 4.400 Zuschauer sahen das Spiel im Stadion an der Lohm\u00fchle. In der Regionalliga geht es f\u00fcr Ph\u00f6nix am kommenden Sonntag bei der zweiten Mannschaft des FC St. Pauli weiter. | NDR Schleswig-Holstein 24.08.2026 06:00 Uhr<\/p>\n<p>        <img decoding=\"async\" src=\"https:\/\/www.europesays.com\/de\/wp-content\/uploads\/2026\/08\/phoenix-luebeck-104.webp\" alt=\"Anton Ihde von Ph\u00f6nix L\u00fcbeck (l.) und Mattes Hansen von Paderborn\" title=\"Anton Ihde von Ph\u00f6nix L\u00fcbeck (l.) und Mattes Hansen von Paderborn | IMAGO \/ Nordphoto\" class=\"responsive\" loading=\"lazy\"\/><\/p>\n<p>1. Runde<\/p>\n<p>Der Regionalligist h\u00e4lt gegen den Bundesliga-Aufsteiger gut mit, scheidet aber in der ersten Pokal-Runde aus.<\/p>\n<p>        <img decoding=\"async\" src=\"https:\/\/www.europesays.com\/de\/wp-content\/uploads\/2026\/03\/podcastlogo104.webp.webp\" alt=\"Ein Mikrofon vor zwei Menschen.\" title=\"Ein Mikrofon vor zwei Menschen. | NDR, Janis R\u00f6hlig\" class=\"responsive\" loading=\"lazy\"\/><\/p>\n<p>Alles, was f\u00fcr Schleswig-Holstein wichtig ist: Im Nachrichten-Podcast von NDR 1 Welle Nord h\u00f6ren Sie das Neueste aus Schleswig-Holstein, Deutschland und der Welt.<\/p>\n<p>\n        06:16 Uhr\n    <\/p>\n<p>    Windkraft-Ausbau: SH erreicht n\u00e4chstes Zwischenziel<\/p>\n<p class=\"\">Schleswig-Holstein hat ein seit langem gesetztes Zwischenziel beim Windkraftausbau erreicht: <a href=\"https:\/\/www.ndr.de\/nachrichten\/schleswig-holstein\/windkraft-in-sh-erreicht-zwischenziel-zehn-gigawatt-installiert,windkraft-274.html\" title=\"Windkraft in SH erreicht Zwischenziel: Zehn Gigawatt installiert\" rel=\"nofollow noopener\" target=\"_blank\">Zehn Gigawatt an Land sind inzwischen installiert<\/a>. Zusammen mit Solar und Biogas erzeugt Schleswig-Holstein damit inzwischen mehr als doppelt soviel Strom, wie hier ben\u00f6tigt wird &#8211; allerdings stark schwankend. 2030 sollen es 15 Gigawatt Wind sein. Neue Vorgaben des Bundeswirtschaftsministeriums k\u00f6nnten allerdings die Energiewende ausbremsen, bef\u00fcrchten Branchenvertreter. Dies w\u00fcrde Arbeitspl\u00e4tze kosten und letztlich auch den Klimawandel vorantreiben, hie\u00df es. | NDR Schleswig-Holstein 24.08.2026 06:00 Uhr<\/p>\n<p>        <img decoding=\"async\" src=\"https:\/\/www.europesays.com\/de\/wp-content\/uploads\/2026\/08\/galmsbuell-106.webp\" alt=\"Ein Gruppenfoto mit Schildern, die 10000 MW sagen\" title=\"Ein Gruppenfoto mit Schildern, die 10000 MW sagen | Peer-Axel Kroeske\" class=\"responsive\" loading=\"lazy\"\/><\/p>\n<p>In Galmsb\u00fcll wird die runde Zahl gefeiert. Branchenvertreter sorgen sich allerdings um den weiteren Ausbau.<\/p>\n<p>        <img decoding=\"async\" src=\"https:\/\/www.europesays.com\/de\/wp-content\/uploads\/2026\/03\/podcastlogo104.webp.webp\" alt=\"Ein Mikrofon vor zwei Menschen.\" title=\"Ein Mikrofon vor zwei Menschen. | NDR, Janis R\u00f6hlig\" class=\"responsive\" loading=\"lazy\"\/><\/p>\n<p>Alles, was f\u00fcr Schleswig-Holstein wichtig ist: Im Nachrichten-Podcast von NDR 1 Welle Nord h\u00f6ren Sie das Neueste aus Schleswig-Holstein, Deutschland und der Welt.<\/p>\n<p>\n        15:35 Uhr\n    <\/p>\n<p>    Das Wetter in Schleswig-Holstein: Zum Abend hin sonnig und trocken<\/p>\n<p class=\"\">Heute Abend l\u00f6sen sich die Wolken auf, dann ist es zunehmend heiter bis sonnig und trocken. Dazu weht ein schwacher Wind aus unterschiedlichen Richtungen. In der Nacht zum Dienstag ist stellenweise wieder leicht bew\u00f6lkt, meist aber klar und trocken. Ganz vereinzelt sind Nebel oder Dunst m\u00f6glich. Die Tiefstwerte sinken an der See auf 15 bis 10 Grad, sonst 10 Grad in <a href=\"https:\/\/www.ndr.de\/nachrichten\/schleswig-holstein\/itzehoe-aktuelle-nachrichten-und-videos,itzehoe456.html\" title=\"Itzehoe - Aktuelle Nachrichten und Videos\" rel=\"nofollow noopener\" target=\"_blank\">Itzehoe <\/a>bis 8 Grad in Hohn (<a href=\"https:\/\/www.ndr.de\/nachrichten\/schleswig-holstein\/Kreis-Rendsburg-Eckernfoerde-Aktuelle-Nachrichten-und-Videos,rendsburgeckernfoerde118.html\" title=\"Kreis Rendsburg-Eckernf\u00f6rde - Aktuelle Nachrichten und Videos\" rel=\"nofollow noopener\" target=\"_blank\">Kreis Rendsburg-Eckernf\u00f6rde<\/a>). Der Wind weht schwach, an der Nordsee m\u00e4\u00dfig aus Nordost bis Ost. | NDR Schleswig-Holstein 24.08.2026 15:30 Uhr<\/p>\n<p>        <img decoding=\"async\" src=\"https:\/\/www.europesays.com\/de\/wp-content\/uploads\/2026\/08\/wetter-6896.webp\" alt=\"NDR Schleswig-Holstein Moderatorin Doreen Pelz mit der Wettervorhersage.\" title=\"NDR Schleswig-Holstein Moderatorin Doreen Pelz mit der Wettervorhersage. | NDR\" class=\"responsive\" loading=\"lazy\"\/><\/p>\n<p>NDR Schleswig-Holstein Moderatorin Doreen Pelz mit den Aussichten f\u00fcr den 25. August und die kommenden Tage.<\/p>\n","protected":false},"excerpt":{"rendered":"AUDIO: Nachrichten 17:00 Uhr &#8211; 24.08.2026 (7 Min) Stand: 24.08.2026 17:47 Uhr Nachrichten aus Schleswig-Holstein vom 24. August&hellip;\n","protected":false},"author":2,"featured_media":898760,"comment_status":"","ping_status":"","sticky":false,"template":"","format":"standard","meta":{"footnotes":"","_share_on_mastodon":"0"},"categories":[1852],"tags":[590,3364,29,548,663,3934,30,13,4949,17462,14,15,12,1971,17461,1973],"class_list":["post-1258011","post","type-post","status-publish","format-standard","has-post-thumbnail","category-kiel","tag-aktuell","tag-de","tag-deutschland","tag-eu","tag-europa","tag-europe","tag-germany","tag-headlines","tag-kiel","tag-kompakt","tag-nachrichten","tag-news","tag-schlagzeilen","tag-schleswig-holstein","tag-ueberblick","tag-wetter"],"share_on_mastodon":{"url":"https:\/\/pubeurope.com\/@de\/117151851606572967","error":""},"_links":{"self":[{"href":"https:\/\/www.europesays.com\/de\/wp-json\/wp\/v2\/posts\/1258011","targetHints":{"allow":["GET"]}}],"collection":[{"href":"https:\/\/www.europesays.com\/de\/wp-json\/wp\/v2\/posts"}],"about":[{"href":"https:\/\/www.europesays.com\/de\/wp-json\/wp\/v2\/types\/post"}],"author":[{"embeddable":true,"href":"https:\/\/www.europesays.com\/de\/wp-json\/wp\/v2\/users\/2"}],"replies":[{"embeddable":true,"href":"https:\/\/www.europesays.com\/de\/wp-json\/wp\/v2\/comments?post=1258011"}],"version-history":[{"count":0,"href":"https:\/\/www.europesays.com\/de\/wp-json\/wp\/v2\/posts\/1258011\/revisions"}],"wp:featuredmedia":[{"embeddable":true,"href":"https:\/\/www.europesays.com\/de\/wp-json\/wp\/v2\/media\/898760"}],"wp:attachment":[{"href":"https:\/\/www.europesays.com\/de\/wp-json\/wp\/v2\/media?parent=1258011"}],"wp:term":[{"taxonomy":"category","embeddable":true,"href":"https:\/\/www.europesays.com\/de\/wp-json\/wp\/v2\/categories?post=1258011"},{"taxonomy":"post_tag","embeddable":true,"href":"https:\/\/www.europesays.com\/de\/wp-json\/wp\/v2\/tags?post=1258011"}],"curies":[{"name":"wp","href":"https:\/\/api.w.org\/{rel}","templated":true}]}}