{"id":1258045,"date":"2026-08-24T18:41:18","date_gmt":"2026-08-24T18:41:18","guid":{"rendered":"https:\/\/www.europesays.com\/de\/1258045\/"},"modified":"2026-08-24T18:41:18","modified_gmt":"2026-08-24T18:41:18","slug":"neue-sanktionen-usa-wollen-iran-wirtschaftlich-erdrosseln-operation-economic-outcast","status":"publish","type":"post","link":"https:\/\/www.europesays.com\/de\/1258045\/","title":{"rendered":"Neue Sanktionen: USA wollen Iran wirtschaftlich \u201eerdrosseln\u201c \u2013 Operation \u201eEconomic Outcast\u201c"},"content":{"rendered":"<p class=\"text-black text-[17px] leading-7 font-normal font-merriweather\">\n              Die US-Regierung weitet ihre Wirtschaftssanktionen <a href=\"https:\/\/www.berliner-zeitung.de\/category\/iran\" rel=\"nofollow noopener\" target=\"_blank\">gegen den Iran<\/a> deutlich aus und droht Staaten, Unternehmen und Banken, die weiterhin Gesch\u00e4fte mit Teheran machen, mit Strafma\u00dfnahmen.<\/p>\n<p>Finanzminister Scott Bessent k\u00fcndigte am Montag eine \u201ebeispiellose\u201c Kampagne an, die dem iranischen F\u00fchrungssystem s\u00e4mtliche wirtschaftlichen Lebensadern abschneiden soll. Ziel\u00a0der Operation \u201eEconomic Outcast\u201c sei eine \u201e\u00f6konomische Erdrosselung\u201c des Regimes in Teheran.\n            <\/p>\n<p>            Bessent: Trump telefoniert bereits mit Staatschefs<\/p>\n<p class=\"text-black text-[17px] leading-7 font-normal font-merriweather\">\n              Im Zentrum stehen dabei sogenannte Sekund\u00e4rsanktionen: Auch ausl\u00e4ndische Unternehmen und Finanzinstitute, die weiterhin Gesch\u00e4fte mit dem Iran machen, k\u00f6nnten vom US-Finanzsystem abgeschnitten werden<\/p>\n<p>Man starte somit einen wirtschaftlichen Angriff auf die weltweiten Finanzverbindungen Irans, sagte Bessent. <a href=\"https:\/\/www.berliner-zeitung.de\/category\/donald-trump\" rel=\"nofollow noopener\" target=\"_blank\">Pr\u00e4sident Donald Trump<\/a> telefoniere derzeit mit ausl\u00e4ndischen Staats- und Regierungschefs und fordere sie auf, ihre Beziehungen zu Teheran zu beenden.<\/p>\n<p>Vor den offiziellen Ank\u00fcndigungen hatte Bessent am Sonntag bereits von einem kommenden\u00a0<a href=\"https:\/\/www.berliner-zeitung.de\/article\/vor-haertesten-sanktionen-oelmarkt-reagiert-nervoes-10321625%EF%BB%BF\" rel=\"nofollow noopener\" target=\"_blank\">\u201ewirtschaftlichen D-Day\u201c<\/a> gegen den Iran gesprochen.\n            <\/p>\n<p>              <a href=\"https:\/\/www.berliner-zeitung.de\/article\/10321625\" class=\"flex gap-4 items-start group\" rel=\"nofollow noopener\" target=\"_blank\"><\/p>\n<p>                    <img decoding=\"async\" src=\"https:\/\/www.europesays.com\/de\/wp-content\/uploads\/2026\/08\/a44e0878-ad68-41c1-8f9b-4c7a4a16c910.jpg\" alt=\"Vor \u201eh\u00e4rtesten Sanktionen\u201c: \u00d6lmarkt reagiert nerv\u00f6s\" class=\"w-full h-full object-cover aspect-[3\/2]\"\/><\/p>\n<p>                        Rohstoffe<\/p>\n<p>                      Vor \u201eh\u00e4rtesten Sanktionen\u201c: \u00d6lmarkt reagiert nerv\u00f6s<\/p>\n<p>              <\/a><\/p>\n<p>            F\u00fcnf Wirtschaftszweige im Visier<\/p>\n<p class=\"text-black text-[17px] leading-7 font-normal font-merriweather\">\n              Das <a target=\"_blank\" rel=\"nofollow noopener\" href=\"https:\/\/home.treasury.gov\/news\/press-releases\/sb0613\/\">US-Finanzministerium<\/a> k\u00fcndigte zudem Ma\u00dfnahmen gegen f\u00fcnf weitere Bereiche der iranischen Wirtschaft an: digitale Verm\u00f6genswerte, Technologie, Gold, Luftfahrt und Schifffahrt. Zugleich wurden mehr als 60 Personen, Unternehmen und Schiffe in verschiedenen L\u00e4ndern mit Sanktionen belegt.\n            <\/p>\n<p class=\"text-black text-[17px] leading-7 font-normal font-merriweather\">\n              Nach Angaben des Ministeriums wurden zudem knapp 60 Personen, Firmen und Schiffe in verschiedenen L\u00e4ndern mit Sanktionen belegt, darunter Netzwerke in den Vereinigten Arabischen Emiraten, Hongkong, China, Singapur, der Schweiz und Europa.\n            <\/p>\n<p class=\"text-black text-[17px] leading-7 font-normal font-merriweather\">\n              Bessent bezeichnete die neuen Ma\u00dfnahmen <a target=\"_blank\" rel=\"nofollow noopener\" href=\"https:\/\/edition.cnn.com\/2026\/08\/24\/world\/live-news\/iran-war-trump\">laut CNN<\/a> als \u201eWarnschuss&#8220;. Jedem Land werde ein fester Zeitplan gesetzt, um die vom Ministerium identifizierten Aktivit\u00e4ten mit dem Iran einzustellen. Konkrete Fristen oder Namen betroffener Staaten nannte er nicht. Ein sofortiges Vorgehen ohne Vorwarnung k\u00f6nne \u201edas globale Finanzsystem in die Luft jagen\u201c, sagte Bessent auf Nachfrage von Journalisten.\n            <\/p>\n<p class=\"text-sm\">Zustimmung wird gepr\u00fcft&#8230;<\/p>\n<p>            Vorsichtiger Umgang mit China<\/p>\n<p class=\"text-black text-[17px] leading-7 font-normal font-merriweather\">\n              Auf die Frage, ob auch chinesische Gro\u00dfbanken ins Visier genommen w\u00fcrden, sagte Bessent, niemand sei vor US-Sanktionen sicher. Man setze aber auf \u201estille Diplomatie\u201c. <\/p>\n<p>China ist seit Jahren mit Abstand der gr\u00f6\u00dfte Abnehmer iranischen \u00d6ls. Ein hartes Vorgehen gegen chinesische Banken gilt als heikel, da f\u00fcr den kommenden Monat Gespr\u00e4che zwischen Trump und Chinas Pr\u00e4sident Xi Jinping erwartet werden.\n            <\/p>\n<p>            Iran droht mit Gegenma\u00dfnahmen<\/p>\n<p class=\"text-black text-[17px] leading-7 font-normal font-merriweather\">\n              Der Sekret\u00e4r des iranischen Nationalen Sicherheitsrats, Mohsen Rezaei, warf den USA nach Angaben des Staatssenders IRIB bei einem Treffen mit dem pakistanischen Armeechef Asim Munir vor, ihr Verhalten \u00e4ndern zu m\u00fcssen. <\/p>\n<p>Die Vereinigten Staaten m\u00fcssten konkrete Schritte zur Erf\u00fcllung des bestehenden Memorandums unternehmen, wurde Rezaei zitiert. Es handelt sich dabei um ein Memorandum of Understanding zwischen den USA und Iran, das im Juni vereinbart wurde und laut I<a href=\"https:\/\/www.berliner-zeitung.de\/article\/iranische-spitzenpolitiker-draengen-auf-kriegsende-10318045\" rel=\"nofollow noopener\" target=\"_blank\">rans Pr\u00e4sident Massud Peseschkian<\/a> weiterhin der beste Weg aus dem festgefahrenen Konflikt sei.\n            <\/p>\n<p>            Stra\u00dfe von Hormus weiter als Hebel<\/p>\n<p class=\"text-black text-[17px] leading-7 font-normal font-merriweather\">\n              Zudem hatte Teheran gedroht, s\u00e4mtliche \u00d6llieferungen durch <a href=\"https:\/\/www.berliner-zeitung.de\/article\/strasse-von-hormus-iran-droht-45-tankern-mit-beschlagnahme-10323588\" rel=\"nofollow noopener\" target=\"_blank\">die Stra\u00dfe von Hormus<\/a> zu stoppen, sofern der Wirtschaftskrieg fortgesetzt werde.\u00a0Rezaei erkl\u00e4rte, \u201ekein Tropfen \u00d6l\u201c werde in diesem Fall mehr aus dem Persischen Golf exportiert.<\/p>\n<p>Nach Angaben der Nachrichtenagentur Reuters ist Irans W\u00e4hrung parallel dazu auf ein Rekordtief gegen\u00fcber dem US-Dollar gefallen.<\/p>\n<p>Die USA haben den Iran bereits seit Jahrzehnten mit weitreichenden Sanktionen belegt; die neue Kampagne soll nun vor allem die internationalen Finanz- und Handelsverbindungen des Landes treffen.<\/p>\n<p>              <a href=\"https:\/\/www.berliner-zeitung.de\/article\/10319581\" class=\"flex gap-4 items-start group\" rel=\"nofollow noopener\" target=\"_blank\"><\/p>\n<p>                    <img decoding=\"async\" src=\"https:\/\/www.europesays.com\/de\/wp-content\/uploads\/2026\/08\/1787596878_886_2c478639-bc6d-4778-8404-b10786bf2d64.jpg\" alt=\"Iran warnt Nachbarn vor Beteiligung am US-Wirtschaftskrieg\" class=\"w-full h-full object-cover aspect-[3\/2]\"\/><\/p>\n<p>                        Iran-Krieg<\/p>\n<p>                      Iran warnt Nachbarn vor Beteiligung am US-Wirtschaftskrieg<\/p>\n<p>              <\/a><\/p>\n<p>                    <img decoding=\"async\" src=\"https:\/\/www.berliner-zeitung.de\/images\/blz\/send-mail.svg\" alt=\"Send feedback\"\/><\/p>\n<p>Lesen Sie mehr zum Thema<\/p>\n","protected":false},"excerpt":{"rendered":"Die US-Regierung weitet ihre Wirtschaftssanktionen gegen den Iran deutlich aus und droht Staaten, Unternehmen und Banken, die weiterhin&hellip;\n","protected":false},"author":2,"featured_media":1258046,"comment_status":"","ping_status":"","sticky":false,"template":"","format":"standard","meta":{"footnotes":"","_share_on_mastodon":"0"},"categories":[3977],"tags":[331,332,17814,106,13,345,14,15,9562,12,14575,9976,4017,4018,4016,64,4019,4020],"class_list":["post-1258045","post","type-post","status-publish","format-standard","has-post-thumbnail","category-usa","tag-aktuelle-nachrichten","tag-aktuelle-news","tag-d-day","tag-donald-trump","tag-headlines","tag-iran","tag-nachrichten","tag-news","tag-sanktion","tag-schlagzeilen","tag-scott-bessent","tag-teheran","tag-united-states","tag-united-states-of-america","tag-us","tag-usa","tag-vereinigte-staaten","tag-vereinigte-staaten-von-amerika"],"share_on_mastodon":{"url":"https:\/\/pubeurope.com\/@de\/117151958380445751","error":""},"_links":{"self":[{"href":"https:\/\/www.europesays.com\/de\/wp-json\/wp\/v2\/posts\/1258045","targetHints":{"allow":["GET"]}}],"collection":[{"href":"https:\/\/www.europesays.com\/de\/wp-json\/wp\/v2\/posts"}],"about":[{"href":"https:\/\/www.europesays.com\/de\/wp-json\/wp\/v2\/types\/post"}],"author":[{"embeddable":true,"href":"https:\/\/www.europesays.com\/de\/wp-json\/wp\/v2\/users\/2"}],"replies":[{"embeddable":true,"href":"https:\/\/www.europesays.com\/de\/wp-json\/wp\/v2\/comments?post=1258045"}],"version-history":[{"count":0,"href":"https:\/\/www.europesays.com\/de\/wp-json\/wp\/v2\/posts\/1258045\/revisions"}],"wp:featuredmedia":[{"embeddable":true,"href":"https:\/\/www.europesays.com\/de\/wp-json\/wp\/v2\/media\/1258046"}],"wp:attachment":[{"href":"https:\/\/www.europesays.com\/de\/wp-json\/wp\/v2\/media?parent=1258045"}],"wp:term":[{"taxonomy":"category","embeddable":true,"href":"https:\/\/www.europesays.com\/de\/wp-json\/wp\/v2\/categories?post=1258045"},{"taxonomy":"post_tag","embeddable":true,"href":"https:\/\/www.europesays.com\/de\/wp-json\/wp\/v2\/tags?post=1258045"}],"curies":[{"name":"wp","href":"https:\/\/api.w.org\/{rel}","templated":true}]}}