{"id":125811,"date":"2025-05-20T16:03:12","date_gmt":"2025-05-20T16:03:12","guid":{"rendered":"https:\/\/www.europesays.com\/de\/125811\/"},"modified":"2025-05-20T16:03:12","modified_gmt":"2025-05-20T16:03:12","slug":"angeklagter-polizist-hat-erinnerungsluecken-am-tatort","status":"publish","type":"post","link":"https:\/\/www.europesays.com\/de\/125811\/","title":{"rendered":"Angeklagter Polizist hat Erinnerungsl\u00fccken am Tatort"},"content":{"rendered":"<p>Ungereimtheiten am Tatort <\/p>\n<p>Sch\u00fcsse auf Unbewaffneten: Polizist hat Erinnerungsl\u00fccken<\/p>\n<p>Aktualisiert am 20.05.2025 &#8211; 16:46 UhrLesedauer: 2 Min.<\/p>\n<p><a href=\"#focus-0\" class=\"transition-colors duration-200 focus-within:text-magenta block text-current relative\" data-sctrack=\"FocusGalleryImage.Reference\"><img fetchpriority=\"high\" data-testid=\"Opener.Image\" style=\"--lqipURL:url('https:\/\/images.t-online.de\/2025\/05\/p1ZxMMQ0ZYMx\/0x0:2048x1152\/fit-in\/150x0\/filters:blur(25)\/image.jpg')\"   loading=\"eager\" src=\"https:\/\/www.europesays.com\/de\/wp-content\/uploads\/2025\/05\/1747756991_516_image.jpg\" alt=\"urn:newsml:dpa.com:20090101:250520-935-600023\" title=\"urn:newsml:dpa.com:20090101:250520-935-600023\" width=\"2048\" height=\"1152\" class=\"bg-[url:var(--lqipURL)] bg-cover bg-center flex w-full max-w-full h-full\" decoding=\"async\"\/><img style=\"--width:32;--height:32\" loading=\"lazy\" src=\"https:\/\/www.europesays.com\/de\/wp-content\/uploads\/2025\/05\/zoom-in.f7dae02f.svg.svg+xml\" alt=\"Vergr\u00f6\u00dfern des Bildes\" title=\"Vergr\u00f6\u00dfern des Bildes\" class=\"&#10;        block&#10;        h-[calc(var(--height)_\/_16_*_1rem)]&#10;        w-[calc(var(--width)_\/_16_*_1rem)]&#10;        max-w-none&#10;        absolute bottom-8 right-8 rounded-4 bg-snow p-8\" decoding=\"async\"\/><\/a><\/p>\n<p>Prozess gegen einen Polizisten in D\u00fcsseldorf: Der Mann soll einen 33-J\u00e4hrigen angeschossen und schwer verletzt haben. (Quelle: Oliver Berg\/dpa)<\/p>\n<p class=\"font-bold text-18 leading-17\">In einem Park in der N\u00e4he des D\u00fcsseldorfer Hauptbahnhofs schie\u00dft ein Polizist einem Unbewaffneten in den R\u00fccken. Das Gericht nimmt den Tatort in Augenschein.<\/p>\n<p class=\"text-18 leading-17\">Im Prozess um den Polizeischuss in den R\u00fccken eines Unbewaffneten hat das D\u00fcsseldorfer Landgericht am Tatort versucht, Ungereimtheiten zu kl\u00e4ren. Doch der angeklagte Polizist konnte bei dem Ortstermin weder genaue Angaben zu seinem Standort beim ersten Schuss machen noch erkl\u00e4ren, warum die Patronenh\u00fclsen weiter entfernt vom vermuteten Tatort gefunden wurden.<\/p>\n<p class=\"text-18 leading-17\">&#8222;Das kann ich nicht sagen&#8220;, sagte der 27-J\u00e4hrige mehrfach \u2013 ebenso auf die Frage des Richters, ob er m\u00f6glicherweise im Laufen geschossen habe.<\/p>\n<p class=\"text-18 leading-17\">Die dritte damals abgefeuerte Kugel hatte das Opfer von hinten in die rechte Flanke getroffen und Magen und Dickdarm verletzt, berichtete eine Rechtsmedizinerin. Die Verletzung sei lebensbedrohlich gewesen. &#8222;Der Mann konnte nur durch eine Notoperation gerettet werden.&#8220; Bei dem Eingriff waren dem inzwischen 33-J\u00e4hrigen Teile des Magens und des Darms entfernt worden.<\/p>\n<p class=\"text-18 leading-17\">Der Polizist, dem K\u00f6rperverletzung im Amt vorgeworfen wird, sagte, die Lage sei f\u00fcr ihn bedrohlich gewesen. Er habe keine andere Wahl gehabt. Er sei mit einer Kollegin nachts in den Park am Hauptbahnhof in <a class=\"transition-colors duration-200 cursor-pointer text-inherit no-underline text-salemsfur md:hover:text-magenta md:hover:border-magenta md:focus:text-magenta border-current border-b border-solid break-words\" href=\"https:\/\/www.t-online.de\/region\/duesseldorf\/\" data-sctrack=\"BodyAnchor\" target=\"_blank\" rel=\"noopener\">D\u00fcsseldorf<\/a> geeilt, weil dort angeblich ein Mann zwei Passanten mit einem Messer bedroht haben soll. Ein Messer wurde sp\u00e4ter aber nicht gefunden.<\/p>\n<p class=\"text-18 leading-17\">Das 33 Jahre alte Opfer sagte als Zeuge aus, dass er sich an die Sch\u00fcsse zwar erinnern k\u00f6nne, aber nicht mehr an die Umst\u00e4nde. Er habe sich damals in den Park schlafen gelegt, als ihn ein P\u00e4rchen als Penner und Junkie beleidigt habe.<\/p>\n<p class=\"text-18 leading-17\">Der 33-J\u00e4hrige war polizeibekannt und galt als psychisch auff\u00e4llig. Ein paar Tage vor den Sch\u00fcssen hatte der Mann randaliert und war in eine Psychiatrie eingewiesen worden. Seit dem Jahr 2018 war er der Polizei zufolge 13-mal aufgefallen \u2013 und nach der Schussverletzung in D\u00fcsseldorf weitere viermal.<\/p>\n","protected":false},"excerpt":{"rendered":"Ungereimtheiten am Tatort Sch\u00fcsse auf Unbewaffneten: Polizist hat Erinnerungsl\u00fccken Aktualisiert am 20.05.2025 &#8211; 16:46 UhrLesedauer: 2 Min. Prozess&hellip;\n","protected":false},"author":2,"featured_media":125812,"comment_status":"","ping_status":"","sticky":false,"template":"","format":"standard","meta":{"footnotes":""},"categories":[1831],"tags":[3364,29,3405,13049,47209,3750,3185,5898,30,1209,121,16264,218,47210],"class_list":{"0":"post-125811","1":"post","2":"type-post","3":"status-publish","4":"format-standard","5":"has-post-thumbnail","7":"category-duesseldorf","8":"tag-de","9":"tag-deutschland","10":"tag-duesseldorf","11":"tag-duesseldorf-hauptbahnhof","12":"tag-erinnerungsluecke","13":"tag-gerichtsprozess","14":"tag-gerichtsverfahren","15":"tag-gerichtsverhandlung","16":"tag-germany","17":"tag-nordrhein-westfalen","18":"tag-polizei","19":"tag-polizeischuss","20":"tag-tatort","21":"tag-ungereimtheit"},"share_on_mastodon":{"url":"https:\/\/pubeurope.com\/@de\/114541009625929065","error":""},"_links":{"self":[{"href":"https:\/\/www.europesays.com\/de\/wp-json\/wp\/v2\/posts\/125811","targetHints":{"allow":["GET"]}}],"collection":[{"href":"https:\/\/www.europesays.com\/de\/wp-json\/wp\/v2\/posts"}],"about":[{"href":"https:\/\/www.europesays.com\/de\/wp-json\/wp\/v2\/types\/post"}],"author":[{"embeddable":true,"href":"https:\/\/www.europesays.com\/de\/wp-json\/wp\/v2\/users\/2"}],"replies":[{"embeddable":true,"href":"https:\/\/www.europesays.com\/de\/wp-json\/wp\/v2\/comments?post=125811"}],"version-history":[{"count":0,"href":"https:\/\/www.europesays.com\/de\/wp-json\/wp\/v2\/posts\/125811\/revisions"}],"wp:featuredmedia":[{"embeddable":true,"href":"https:\/\/www.europesays.com\/de\/wp-json\/wp\/v2\/media\/125812"}],"wp:attachment":[{"href":"https:\/\/www.europesays.com\/de\/wp-json\/wp\/v2\/media?parent=125811"}],"wp:term":[{"taxonomy":"category","embeddable":true,"href":"https:\/\/www.europesays.com\/de\/wp-json\/wp\/v2\/categories?post=125811"},{"taxonomy":"post_tag","embeddable":true,"href":"https:\/\/www.europesays.com\/de\/wp-json\/wp\/v2\/tags?post=125811"}],"curies":[{"name":"wp","href":"https:\/\/api.w.org\/{rel}","templated":true}]}}