{"id":1258133,"date":"2026-08-24T19:36:18","date_gmt":"2026-08-24T19:36:18","guid":{"rendered":"https:\/\/www.europesays.com\/de\/1258133\/"},"modified":"2026-08-24T19:36:18","modified_gmt":"2026-08-24T19:36:18","slug":"wolfszeit-festival-metalfans-trotzen-dem-regen-hildburghausen","status":"publish","type":"post","link":"https:\/\/www.europesays.com\/de\/1258133\/","title":{"rendered":"Wolfszeit Festival: Metalfans trotzen dem Regen &#8211; Hildburghausen"},"content":{"rendered":"<p>Das Wetter hat es nicht gut gemeint mit den <a href=\"https:\/\/www.insuedthueringen.de\/thema\/Metal\" title=\"Metal\" class=\"art_thema\" rel=\"nofollow noopener\" target=\"_blank\">Metal<\/a>-Fans, die sich vergangenes Wochenende zum 20. Wolfszeit <a href=\"https:\/\/www.insuedthueringen.de\/thema\/Festival\" title=\"Festival\" class=\"art_thema\" rel=\"nofollow noopener\" target=\"_blank\">Festival<\/a> nach Waffenrod aufgemacht haben. Der Mittwochabend startete bereits mit einem Donnerwetter \u2013 der Veranstalter musste die bereits angereisten G\u00e4ste auffordern, vor Sturm und Regen in den Autos Schutz zu suchen. Der Regen wird an dem Festivalwochenende f\u00fcr die Besucher zum st\u00e4ndigen Begleiter. <\/p>\n","protected":false},"excerpt":{"rendered":"Das Wetter hat es nicht gut gemeint mit den Metal-Fans, die sich vergangenes Wochenende zum 20. Wolfszeit Festival&hellip;\n","protected":false},"author":2,"featured_media":1258134,"comment_status":"","ping_status":"","sticky":false,"template":"","format":"standard","meta":{"footnotes":"","_share_on_mastodon":"0"},"categories":[1772],"tags":[49965,6547,29,214,5561,30,9360,3969,1779,810,215,260154,260153],"class_list":["post-1258133","post","type-post","status-publish","format-standard","has-post-thumbnail","category-musik","tag-wikinger","tag-bildergalerie","tag-deutschland","tag-entertainment","tag-festival","tag-germany","tag-hildburghausen","tag-metal","tag-music","tag-musik","tag-unterhaltung","tag-waffenrod","tag-wolfszeit"],"share_on_mastodon":{"url":"https:\/\/pubeurope.com\/@de\/117152172390574133","error":""},"_links":{"self":[{"href":"https:\/\/www.europesays.com\/de\/wp-json\/wp\/v2\/posts\/1258133","targetHints":{"allow":["GET"]}}],"collection":[{"href":"https:\/\/www.europesays.com\/de\/wp-json\/wp\/v2\/posts"}],"about":[{"href":"https:\/\/www.europesays.com\/de\/wp-json\/wp\/v2\/types\/post"}],"author":[{"embeddable":true,"href":"https:\/\/www.europesays.com\/de\/wp-json\/wp\/v2\/users\/2"}],"replies":[{"embeddable":true,"href":"https:\/\/www.europesays.com\/de\/wp-json\/wp\/v2\/comments?post=1258133"}],"version-history":[{"count":0,"href":"https:\/\/www.europesays.com\/de\/wp-json\/wp\/v2\/posts\/1258133\/revisions"}],"wp:featuredmedia":[{"embeddable":true,"href":"https:\/\/www.europesays.com\/de\/wp-json\/wp\/v2\/media\/1258134"}],"wp:attachment":[{"href":"https:\/\/www.europesays.com\/de\/wp-json\/wp\/v2\/media?parent=1258133"}],"wp:term":[{"taxonomy":"category","embeddable":true,"href":"https:\/\/www.europesays.com\/de\/wp-json\/wp\/v2\/categories?post=1258133"},{"taxonomy":"post_tag","embeddable":true,"href":"https:\/\/www.europesays.com\/de\/wp-json\/wp\/v2\/tags?post=1258133"}],"curies":[{"name":"wp","href":"https:\/\/api.w.org\/{rel}","templated":true}]}}