{"id":125815,"date":"2025-05-20T16:05:09","date_gmt":"2025-05-20T16:05:09","guid":{"rendered":"https:\/\/www.europesays.com\/de\/125815\/"},"modified":"2025-05-20T16:05:09","modified_gmt":"2025-05-20T16:05:09","slug":"einbruch-in-hohenheim-6000-liter-wein-ausgelaufen","status":"publish","type":"post","link":"https:\/\/www.europesays.com\/de\/125815\/","title":{"rendered":"Einbruch in Hohenheim: 6000 Liter Wein ausgelaufen"},"content":{"rendered":"<p>Wer l\u00e4sst 6000 Liter Wein einfach im Boden versickern, ohne auch nur ein Viertele f\u00fcr sich abzuzwacken? Dieses R\u00e4tsel muss die <a href=\"https:\/\/www.stuttgarter-zeitung.de\/thema\/Stuttgart\" title=\"Stuttgart\" class=\"art_thema\" target=\"_blank\" rel=\"noopener\">Stuttgart<\/a>er <a href=\"https:\/\/www.stuttgarter-zeitung.de\/thema\/Polizei\" title=\"Polizei\" class=\"art_thema\" target=\"_blank\" rel=\"noopener\">Polizei<\/a> nun l\u00f6sen. Denn am vergangenen Wochenende ist dies so \u2013 oder eventuell doch mit einer Abf\u00fcllung in mitgebrachte Beh\u00e4ltnisse? \u2013 in einem Keller der <a href=\"https:\/\/www.stuttgarter-zeitung.de\/thema\/Uni_Hohenheim\" title=\"Universit\u00e4t Hohenheim\" class=\"art_thema\" target=\"_blank\" rel=\"noopener\">Universit\u00e4t Hohenheim<\/a> geschehen. <\/p>\n<p>Wann sind die Tatpersonen in den Keller eingedrungen? <\/p>\n<p>Die Tat wurde am Montagmorgen gegen 8 Uhr bemerkt. Die Eindringlinge waren durch eine defekte T\u00fcr in den Keller gegangen und haben dort, so die bisherige Erkenntnis der Polizei, die Ablassventile mehrere Stahltanks aufgedreht. Da am Wochenende niemand in den Keller schaute und zuletzt jemand um 20 Uhr am Freitag dort gewesen war, ist die Tatzeit nicht genau bekannt. Klar ist nur: Es war ausreichend Zeit, dass rund 6000 Liter Wein abflie\u00dfen konnten. Dabei sei ein Schaden in H\u00f6he von mehreren Tausend Euro entstanden. <\/p>\n<p>  <img decoding=\"async\" loading=\"lazy\" src=\"https:\/\/www.europesays.com\/de\/wp-content\/uploads\/2025\/05\/media.media.a8c684c0-3b3c-4e3c-b34d-ae164c097105.original1024.media.jpeg\"\/>     Bei der Uni Hohenheim wurde in einen Weinkeller eingebrochen.    Foto: IMAGO\/Wilhelm Mierendorf (Archiv)    <\/p>\n<p>Weil aber eben nicht mit abschlie\u00dfender Gewissheit zu sagen ist, ob die Tatpersonen \u201enur\u201c Vandalismus betrieben haben, oder sich doch einen guten Schluck genehmigten, ermittelt die Polizei wegen zwei Tatbest\u00e4nden: Zum einen wegen <a href=\"https:\/\/www.stuttgarter-zeitung.de\/thema\/Sachbesch%C3%A4digung\" title=\"Sachbesch\u00e4digung\" class=\"art_thema\" target=\"_blank\" rel=\"noopener\">Sachbesch\u00e4digung<\/a>, zum anderen aber auch wegen des Verdachts des <a href=\"https:\/\/www.stuttgarter-zeitung.de\/thema\/Diebstahl\" title=\"Diebstahl\" class=\"art_thema\" target=\"_blank\" rel=\"noopener\">Diebstahl<\/a>s. <\/p>\n<p>Die Polizei bittet Zeuginnen und Zeugen, sich unter Telefon 07\u200911\/89\u200990\u200934\u200900 beim Polizeirevier Balinger Stra\u00dfe zu melden. <\/p>\n","protected":false},"excerpt":{"rendered":"Wer l\u00e4sst 6000 Liter Wein einfach im Boden versickern, ohne auch nur ein Viertele f\u00fcr sich abzuzwacken? Dieses&hellip;\n","protected":false},"author":2,"featured_media":125816,"comment_status":"","ping_status":"","sticky":false,"template":"","format":"standard","meta":{"footnotes":""},"categories":[1830],"tags":[1634,3364,29,1686,30,121,2552,1441,47215],"class_list":{"0":"post-125815","1":"post","2":"type-post","3":"status-publish","4":"format-standard","5":"has-post-thumbnail","7":"category-stuttgart","8":"tag-baden-wuerttemberg","9":"tag-de","10":"tag-deutschland","11":"tag-diebstahl","12":"tag-germany","13":"tag-polizei","14":"tag-sachbeschaedigung","15":"tag-stuttgart","16":"tag-uni-hohenheim"},"share_on_mastodon":{"url":"https:\/\/pubeurope.com\/@de\/114541017365202889","error":""},"_links":{"self":[{"href":"https:\/\/www.europesays.com\/de\/wp-json\/wp\/v2\/posts\/125815","targetHints":{"allow":["GET"]}}],"collection":[{"href":"https:\/\/www.europesays.com\/de\/wp-json\/wp\/v2\/posts"}],"about":[{"href":"https:\/\/www.europesays.com\/de\/wp-json\/wp\/v2\/types\/post"}],"author":[{"embeddable":true,"href":"https:\/\/www.europesays.com\/de\/wp-json\/wp\/v2\/users\/2"}],"replies":[{"embeddable":true,"href":"https:\/\/www.europesays.com\/de\/wp-json\/wp\/v2\/comments?post=125815"}],"version-history":[{"count":0,"href":"https:\/\/www.europesays.com\/de\/wp-json\/wp\/v2\/posts\/125815\/revisions"}],"wp:featuredmedia":[{"embeddable":true,"href":"https:\/\/www.europesays.com\/de\/wp-json\/wp\/v2\/media\/125816"}],"wp:attachment":[{"href":"https:\/\/www.europesays.com\/de\/wp-json\/wp\/v2\/media?parent=125815"}],"wp:term":[{"taxonomy":"category","embeddable":true,"href":"https:\/\/www.europesays.com\/de\/wp-json\/wp\/v2\/categories?post=125815"},{"taxonomy":"post_tag","embeddable":true,"href":"https:\/\/www.europesays.com\/de\/wp-json\/wp\/v2\/tags?post=125815"}],"curies":[{"name":"wp","href":"https:\/\/api.w.org\/{rel}","templated":true}]}}