{"id":1258171,"date":"2026-08-24T19:55:22","date_gmt":"2026-08-24T19:55:22","guid":{"rendered":"https:\/\/www.europesays.com\/de\/1258171\/"},"modified":"2026-08-24T19:55:22","modified_gmt":"2026-08-24T19:55:22","slug":"rote-karte-dem-kahlschlag-1300-menschen-demonstrieren-gegen-kuerzungen-ludwigshafen","status":"publish","type":"post","link":"https:\/\/www.europesays.com\/de\/1258171\/","title":{"rendered":"\u201eRote Karte dem Kahlschlag\u201c: 1300 Menschen demonstrieren gegen K\u00fcrzungen &#8211; Ludwigshafen"},"content":{"rendered":"<p class=\"rhp-dpa-teaser\"><b>Warum \u00fcber 1000 Gewerkschafter in Ludwigshafen gegen die Bundesregierung protestiert haben. Mit von der Partie war  auch der BASF-Betriebsratsvorsitzende.<\/b><\/p>\n<p>Rund 1300 Menschen haben am Samstag unter dem Motto \u201eRote Karte dem Kahlschlag \u2013 H\u00e4nde weg vom Sozialstaat!\u201c gegen die von der Bundesregierung geplanten K\u00fcrzungen und f\u00fcr den Erhalt sozialstaatlicher und gewerkschaftlicher Errungenschaften demonstriert. Der rund einst\u00fcndige Demozug f\u00fchrte lautstark durch die Ludwigshafener Innenstadt.<\/p>\n<p class=\"rhp-teaser\"><b>Warum \u00fcber 1000 Gewerkschafter in Ludwigshafen gegen die Bundesregierung protestiert haben. Mit von der Partie war  auch der BASF-Betriebsratsvorsitzende.<\/b><\/p>\n","protected":false},"excerpt":{"rendered":"Warum \u00fcber 1000 Gewerkschafter in Ludwigshafen gegen die Bundesregierung protestiert haben. Mit von der Partie war auch der&hellip;\n","protected":false},"author":2,"featured_media":1258172,"comment_status":"","ping_status":"","sticky":false,"template":"","format":"standard","meta":{"footnotes":"","_share_on_mastodon":"0"},"categories":[1845],"tags":[1634,3948,1173,3364,29,619,548,663,3934,30,13,44857,4060,25476,2096,14,15,12],"class_list":["post-1258171","post","type-post","status-publish","format-standard","has-post-thumbnail","category-mannheim","tag-baden-wuerttemberg","tag-basf","tag-bundesregierung","tag-de","tag-deutschland","tag-dgb","tag-eu","tag-europa","tag-europe","tag-germany","tag-headlines","tag-kahlschlag","tag-lokal","tag-ludwigshafen","tag-mannheim","tag-nachrichten","tag-news","tag-schlagzeilen"],"share_on_mastodon":{"url":"https:\/\/pubeurope.com\/@de\/117152247271428969","error":""},"_links":{"self":[{"href":"https:\/\/www.europesays.com\/de\/wp-json\/wp\/v2\/posts\/1258171","targetHints":{"allow":["GET"]}}],"collection":[{"href":"https:\/\/www.europesays.com\/de\/wp-json\/wp\/v2\/posts"}],"about":[{"href":"https:\/\/www.europesays.com\/de\/wp-json\/wp\/v2\/types\/post"}],"author":[{"embeddable":true,"href":"https:\/\/www.europesays.com\/de\/wp-json\/wp\/v2\/users\/2"}],"replies":[{"embeddable":true,"href":"https:\/\/www.europesays.com\/de\/wp-json\/wp\/v2\/comments?post=1258171"}],"version-history":[{"count":0,"href":"https:\/\/www.europesays.com\/de\/wp-json\/wp\/v2\/posts\/1258171\/revisions"}],"wp:featuredmedia":[{"embeddable":true,"href":"https:\/\/www.europesays.com\/de\/wp-json\/wp\/v2\/media\/1258172"}],"wp:attachment":[{"href":"https:\/\/www.europesays.com\/de\/wp-json\/wp\/v2\/media?parent=1258171"}],"wp:term":[{"taxonomy":"category","embeddable":true,"href":"https:\/\/www.europesays.com\/de\/wp-json\/wp\/v2\/categories?post=1258171"},{"taxonomy":"post_tag","embeddable":true,"href":"https:\/\/www.europesays.com\/de\/wp-json\/wp\/v2\/tags?post=1258171"}],"curies":[{"name":"wp","href":"https:\/\/api.w.org\/{rel}","templated":true}]}}