{"id":1258336,"date":"2026-08-24T21:46:22","date_gmt":"2026-08-24T21:46:22","guid":{"rendered":"https:\/\/www.europesays.com\/de\/1258336\/"},"modified":"2026-08-24T21:46:22","modified_gmt":"2026-08-24T21:46:22","slug":"welt-suizid-praeventionstag-wuppertal-wie-gehts-dir-blickfeld","status":"publish","type":"post","link":"https:\/\/www.europesays.com\/de\/1258336\/","title":{"rendered":"Welt-Suizid-Pr\u00e4ventionstag: Wuppertal, wie geht\u2019s Dir? &#8211; blickfeld"},"content":{"rendered":"<p class=\"wp-block-paragraph\">Unter dem <strong>Motto \u201eWie geht\u2019s Dir, Wuppertal?\u201c<\/strong> sind B\u00fcrger:innen eingeladen, sich an einer kurzen <strong><a href=\"https:\/\/www.menti.com\/aleypf9or57z\" target=\"_blank\" rel=\"noreferrer noopener nofollow\">anonymen Online-Befragung<\/a><\/strong> zu beteiligen sowie am <strong>10. September 2026<\/strong>, dem <strong>Welt-Suizid-Pr\u00e4ventionstag<\/strong>, ins Gespr\u00e4ch zu kommen und sich \u00fcber die vielf\u00e4ltigen <strong>Hilfsangebote f\u00fcr Menschen<\/strong> in <strong>seelischen Krisen<\/strong> zu informieren. Zwischen <strong>15 und 17 Uhr<\/strong> findet dazu am ehemaligen <strong>Kasinokreisel<\/strong> eine Aktion statt. Dort stehen Fachkr\u00e4fte verschiedener <strong>Beratungs- und Hilfseinrichtungen<\/strong> und der <strong>Bergischen Universit\u00e4t<\/strong> f\u00fcr Informationen und Austausch zur Verf\u00fcgung.<\/p>\n<p>Psychische Gesundheit sichtbar machen<\/p>\n<p class=\"wp-block-paragraph\"><strong>Psychische Belastungen<\/strong> k\u00f6nnen jeden Menschen treffen \u2013 unabh\u00e4ngig von Alter, Beruf oder Lebenssituation. Dennoch f\u00e4llt es vielen Menschen schwer, \u00fcber ihre Sorgen zu sprechen oder sich <strong>Unterst\u00fctzung <\/strong>zu holen. Mit der Aktion m\u00f6chten die beteiligten Einrichtungen ein Zeichen setzen: <strong>Psychische Gesundheit<\/strong> verdient genauso viel Aufmerksamkeit wie k\u00f6rperliche Gesundheit. <\/p>\n<p class=\"wp-block-paragraph\">Ab <strong>18 Uhr<\/strong> l\u00e4dt die <strong><a href=\"https:\/\/www.bergische-vhs.de\/programm\/gesundheit\/kurs\/Welttag-der-Suizidpraevention\/262W140033\" target=\"_blank\" rel=\"noreferrer noopener nofollow\">Volkshochschule Wuppertal<\/a><\/strong> dar\u00fcber hinaus zu einer <strong>kostenfreien \u00f6ffentlichen Veranstaltung<\/strong> ein. Eine <strong>Teilnahme <\/strong>ist sowohl vor Ort als auch digital m\u00f6glich. Auf dem Programm steht unter anderem ein Fachvortrag mit der <strong>Auswertung der Online-Befragung<\/strong>, die zeigen soll, wie es den <strong>Menschen in Wuppertal<\/strong> aktuell geht. Sie soll zudem die Grundlage f\u00fcr den Austausch bilden, wie die <strong>psychosoziale Versorgung in Wuppertal<\/strong> weiter gest\u00e4rkt werden kann. \u00bb<a href=\"https:\/\/www.blickfeld-wuppertal.de\/ueber-uns\/blickfeld-redaktion\" rel=\"nofollow noopener\" target=\"_blank\">red<\/a>\u00ab<\/p>\n","protected":false},"excerpt":{"rendered":"Unter dem Motto \u201eWie geht\u2019s Dir, Wuppertal?\u201c sind B\u00fcrger:innen eingeladen, sich an einer kurzen anonymen Online-Befragung zu beteiligen&hellip;\n","protected":false},"author":2,"featured_media":1258337,"comment_status":"","ping_status":"","sticky":false,"template":"","format":"standard","meta":{"footnotes":"","_share_on_mastodon":"0"},"categories":[1840],"tags":[3364,29,30,1209,13353,16375,1458,4418],"class_list":["post-1258336","post","type-post","status-publish","format-standard","has-post-thumbnail","category-wuppertal","tag-de","tag-deutschland","tag-germany","tag-nordrhein-westfalen","tag-psychologie","tag-red","tag-soziales","tag-wuppertal"],"share_on_mastodon":{"url":"https:\/\/pubeurope.com\/@de\/117152685166122978","error":""},"_links":{"self":[{"href":"https:\/\/www.europesays.com\/de\/wp-json\/wp\/v2\/posts\/1258336","targetHints":{"allow":["GET"]}}],"collection":[{"href":"https:\/\/www.europesays.com\/de\/wp-json\/wp\/v2\/posts"}],"about":[{"href":"https:\/\/www.europesays.com\/de\/wp-json\/wp\/v2\/types\/post"}],"author":[{"embeddable":true,"href":"https:\/\/www.europesays.com\/de\/wp-json\/wp\/v2\/users\/2"}],"replies":[{"embeddable":true,"href":"https:\/\/www.europesays.com\/de\/wp-json\/wp\/v2\/comments?post=1258336"}],"version-history":[{"count":0,"href":"https:\/\/www.europesays.com\/de\/wp-json\/wp\/v2\/posts\/1258336\/revisions"}],"wp:featuredmedia":[{"embeddable":true,"href":"https:\/\/www.europesays.com\/de\/wp-json\/wp\/v2\/media\/1258337"}],"wp:attachment":[{"href":"https:\/\/www.europesays.com\/de\/wp-json\/wp\/v2\/media?parent=1258336"}],"wp:term":[{"taxonomy":"category","embeddable":true,"href":"https:\/\/www.europesays.com\/de\/wp-json\/wp\/v2\/categories?post=1258336"},{"taxonomy":"post_tag","embeddable":true,"href":"https:\/\/www.europesays.com\/de\/wp-json\/wp\/v2\/tags?post=1258336"}],"curies":[{"name":"wp","href":"https:\/\/api.w.org\/{rel}","templated":true}]}}