{"id":1258344,"date":"2026-08-24T21:52:17","date_gmt":"2026-08-24T21:52:17","guid":{"rendered":"https:\/\/www.europesays.com\/de\/1258344\/"},"modified":"2026-08-24T21:52:17","modified_gmt":"2026-08-24T21:52:17","slug":"aufzug-anlaesslich-des-unabhaengigkeitstages-der-ukraine-koblenz-region","status":"publish","type":"post","link":"https:\/\/www.europesays.com\/de\/1258344\/","title":{"rendered":"Aufzug anl\u00e4sslich des Unabh\u00e4ngigkeitstages der Ukraine &#8211; Koblenz &#038; Region"},"content":{"rendered":"<p class=\"teaser\">Anl\u00e4sslich des Unabh\u00e4ngigkeitstages der Ukraine veranstaltete der Ukrainian Community Koblenz e. am Montag, den 24. August 2026, am Sp\u00e4tnachmittag bis in den Fr\u00fchabend eine angemeldete Versammlung mit Aufzug vom Kurf\u00fcrstlichen Schloss zum Deutschen Eck durch den Koblenzer Innenstadtbereich.<\/p>\n<p>Aktualisiert am 24. August 2026 23:51 Uhr<\/p>\n<p>\nLesezeit 1 Minute <\/p>\n<p>Koblenz (ots) &#8211; <\/p>\n<p>Anl\u00e4sslich des Unabh\u00e4ngigkeitstages der Ukraine veranstaltete der Ukrainian Community Koblenz e.V. am Montag, den 24. August 2026, am Sp\u00e4tnachmittag bis in den Fr\u00fchabend eine angemeldete Versammlung mit Aufzug vom Kurf\u00fcrstlichen Schloss zum Deutschen Eck durch den Koblenzer Innenstadtbereich. Die Strecke des Aufzuges f\u00fchrte hierbei \u00fcber die Schlo\u00dfstra\u00dfe, Viktoriastra\u00dfe, G\u00f6rgenstra\u00dfe, den Entenpfuhl, die Kornpfortstra\u00dfe und das Peter-Altmeier-Ufer zum Deutschen Eck. Am Aufzug nahmen ca. 100 Personen teil, w\u00e4hrend der Kundgebungen waren ca. 60 Personen anwesend.<\/p>\n<p>Entlang der Aufzugstrecke mussten Kreuzungen und Einm\u00fcndungen kurzzeitig f\u00fcr den Stra\u00dfenverkehr gesperrt werden. Der Aufzug und beide Kundgebungen verliefen im Ergebnis st\u00f6rungsfrei und friedlich.<\/p>\n<p>R\u00fcckfragen bitte an:<\/p>\n<p>Polizeiinspektion Koblenz 1<br \/>Telefon: 0261 \/ 92156300<br \/>PI Koblenz 1: https:\/\/s.rlp.de\/piko1<br \/>E-Mail: pikoblenz1@polizei.rlp.de<br \/>Pressemeldungen der Polizei Rheinland\u2011Pfalz sind unter Nennung <br \/>der Quelle zur Ver\u00f6ffentlichung frei.<\/p>\n<p>Original-Content von: Polizeidirektion Koblenz, \u00fcbermittelt durch news aktuell<\/p>\n","protected":false},"excerpt":{"rendered":"Anl\u00e4sslich des Unabh\u00e4ngigkeitstages der Ukraine veranstaltete der Ukrainian Community Koblenz e. am Montag, den 24. August 2026, am&hellip;\n","protected":false},"author":2,"featured_media":1258345,"comment_status":"","ping_status":"","sticky":false,"template":"","format":"standard","meta":{"footnotes":"","_share_on_mastodon":"0"},"categories":[4012],"tags":[331,332,13,1425,1584,14,15,121,17273,12,317],"class_list":["post-1258344","post","type-post","status-publish","format-standard","has-post-thumbnail","category-ukraine","tag-aktuelle-nachrichten","tag-aktuelle-news","tag-headlines","tag-koblenz","tag-kriminalitaet","tag-nachrichten","tag-news","tag-polizei","tag-rp","tag-schlagzeilen","tag-ukraine"],"share_on_mastodon":{"url":"https:\/\/pubeurope.com\/@de\/117152707119337606","error":""},"_links":{"self":[{"href":"https:\/\/www.europesays.com\/de\/wp-json\/wp\/v2\/posts\/1258344","targetHints":{"allow":["GET"]}}],"collection":[{"href":"https:\/\/www.europesays.com\/de\/wp-json\/wp\/v2\/posts"}],"about":[{"href":"https:\/\/www.europesays.com\/de\/wp-json\/wp\/v2\/types\/post"}],"author":[{"embeddable":true,"href":"https:\/\/www.europesays.com\/de\/wp-json\/wp\/v2\/users\/2"}],"replies":[{"embeddable":true,"href":"https:\/\/www.europesays.com\/de\/wp-json\/wp\/v2\/comments?post=1258344"}],"version-history":[{"count":0,"href":"https:\/\/www.europesays.com\/de\/wp-json\/wp\/v2\/posts\/1258344\/revisions"}],"wp:featuredmedia":[{"embeddable":true,"href":"https:\/\/www.europesays.com\/de\/wp-json\/wp\/v2\/media\/1258345"}],"wp:attachment":[{"href":"https:\/\/www.europesays.com\/de\/wp-json\/wp\/v2\/media?parent=1258344"}],"wp:term":[{"taxonomy":"category","embeddable":true,"href":"https:\/\/www.europesays.com\/de\/wp-json\/wp\/v2\/categories?post=1258344"},{"taxonomy":"post_tag","embeddable":true,"href":"https:\/\/www.europesays.com\/de\/wp-json\/wp\/v2\/tags?post=1258344"}],"curies":[{"name":"wp","href":"https:\/\/api.w.org\/{rel}","templated":true}]}}