{"id":1258429,"date":"2026-08-24T22:50:21","date_gmt":"2026-08-24T22:50:21","guid":{"rendered":"https:\/\/www.europesays.com\/de\/1258429\/"},"modified":"2026-08-24T22:50:21","modified_gmt":"2026-08-24T22:50:21","slug":"von-ard-bis-prosieben-bedenklicher-praezedenzfall-deutsche-medien-fordern-von-merz-unterstuetzung-bei-us-visaregeln","status":"publish","type":"post","link":"https:\/\/www.europesays.com\/de\/1258429\/","title":{"rendered":"Von ARD bis ProSieben: \u201eBedenklicher Pr\u00e4zedenzfall\u201c\u00a0\u2013 Deutsche Medien fordern von Merz Unterst\u00fctzung bei US-Visaregeln"},"content":{"rendered":"<p>Deutsche Medien zeigen sich \u201ezutiefst besorgt\u201c: Verlage und Fernsehsender schlagen Alarm \u00fcber neue US-Visaregeln \u2013 sie sehen die Pressefreiheit in der Partnerdemokratie unter Druck.<\/p>\n<p class=\"is-first-paragraph\" data-external=\"Article.FirstParagraph\">Mehrere gro\u00dfe deutsche Medienunternehmen und Verlegerverb\u00e4nde haben sich gegen strengere Visa-Regeln f\u00fcr ausl\u00e4ndische Journalisten gewandt. In einem gemeinsamen Schreiben bitten sie Bundeskanzler Friedrich Merz (CDU) und Au\u00dfenminister Johann Wadephul (CDU) um politische und diplomatische Unterst\u00fctzung.<\/p>\n<p>Zu den Unterzeichnern geh\u00f6ren ARD, ZDF, Deutschlandradio, Deutsche Welle, RTL Deutschland und ProSiebenSat.1, der Bundesverband Digitalpublisher und Zeitungsverleger (BDZV) sowie der Medienverband der freien Presse (MVFP).<\/p>\n<p>Neue Regeln, die im September in Kraft treten sollen, sehen f\u00fcr Korrespondenten k\u00fcnftig eine auf acht Monate (240 Tage) begrenzte Aufenthaltsdauer vor. Verl\u00e4ngerungen sind m\u00f6glich. <\/p>\n<p>Bislang erhielten Journalisten f\u00fcr ihre Arbeit in den USA in der Regel ein Visum, das f\u00fcnf Jahre g\u00fcltig ist. Die Aufenthaltsdauer war dabei formell nicht befristet und orientierte sich an der Dauer ihrer Arbeitsauftr\u00e4ge.<\/p>\n<p>Man sei \u201ezutiefst besorgt\u201c<\/p>\n<p>In dem Schreiben appellieren die Unterzeichner an die Bundesregierung, \u201ealle Ihnen zur Verf\u00fcgung stehenden politischen und diplomatischen Mittel\u201c zu ergreifen, um eine weiterhin ungehinderte und freie Berichterstattung aus den USA zu gew\u00e4hrleisten. Zugleich solle verhindert werden, dass ein \u201ebedenklicher Pr\u00e4zedenzfall f\u00fcr den Umgang demokratischer Staaten mit ausl\u00e4ndischer Berichterstattung\u201c entstehe.<\/p>\n<p>\u201eWir kennen \u00e4hnlich kurze Zeitspannen nur aus Staaten, die die Meinungsfreiheit begrenzen oder Berichterstattung erschweren wollen\u201c, hei\u00dft es in dem Brief. Man sei \u201ezutiefst besorgt, dass nun auch die Vereinigten Staaten diese Richtung einschlagen\u201c.<\/p>\n<p>Die Medienvertreter betonten zudem die Bedeutung der Korrespondentenb\u00fcros f\u00fcr die Berichterstattung. Eine freie Meinungsbildung auf Grundlage unvoreingenommener Informationen sei ein Eckpfeiler von Demokratien. B\u00fcros in den USA, etwa in Washington und New York, geh\u00f6rten traditionell zu den wichtigsten Auslandsvertretungen deutscher Medienunternehmen.<\/p>\n<p>dpa\/doli<\/p>\n","protected":false},"excerpt":{"rendered":"Deutsche Medien zeigen sich \u201ezutiefst besorgt\u201c: Verlage und Fernsehsender schlagen Alarm \u00fcber neue US-Visaregeln \u2013 sie sehen die&hellip;\n","protected":false},"author":2,"featured_media":1258430,"comment_status":"","ping_status":"","sticky":false,"template":"","format":"standard","meta":{"footnotes":"","_share_on_mastodon":"0"},"categories":[1773],"tags":[223,29,99286,114,214,183,30,32329,86626,182,250153,110,9823,103857,640,471,1780,45,113,215,716,98228,30616],"class_list":["post-1258429","post","type-post","status-publish","format-standard","has-post-thumbnail","category-serien","tag-ard","tag-deutschland","tag-deutschlandradio","tag-donald-geb-1946","tag-entertainment","tag-friedrich-cdu","tag-germany","tag-johann","tag-journalismus-ks","tag-merz","tag-newsos-import-welt","tag-newsteam","tag-pressefreiheit","tag-prosiebensat-1-media-konzern","tag-rtl","tag-serien","tag-series","tag-texttospeech","tag-trump","tag-unterhaltung","tag-usa-politik","tag-visa-ks","tag-wadephul"],"share_on_mastodon":{"url":"https:\/\/pubeurope.com\/@de\/117152935276006668","error":""},"_links":{"self":[{"href":"https:\/\/www.europesays.com\/de\/wp-json\/wp\/v2\/posts\/1258429","targetHints":{"allow":["GET"]}}],"collection":[{"href":"https:\/\/www.europesays.com\/de\/wp-json\/wp\/v2\/posts"}],"about":[{"href":"https:\/\/www.europesays.com\/de\/wp-json\/wp\/v2\/types\/post"}],"author":[{"embeddable":true,"href":"https:\/\/www.europesays.com\/de\/wp-json\/wp\/v2\/users\/2"}],"replies":[{"embeddable":true,"href":"https:\/\/www.europesays.com\/de\/wp-json\/wp\/v2\/comments?post=1258429"}],"version-history":[{"count":0,"href":"https:\/\/www.europesays.com\/de\/wp-json\/wp\/v2\/posts\/1258429\/revisions"}],"wp:featuredmedia":[{"embeddable":true,"href":"https:\/\/www.europesays.com\/de\/wp-json\/wp\/v2\/media\/1258430"}],"wp:attachment":[{"href":"https:\/\/www.europesays.com\/de\/wp-json\/wp\/v2\/media?parent=1258429"}],"wp:term":[{"taxonomy":"category","embeddable":true,"href":"https:\/\/www.europesays.com\/de\/wp-json\/wp\/v2\/categories?post=1258429"},{"taxonomy":"post_tag","embeddable":true,"href":"https:\/\/www.europesays.com\/de\/wp-json\/wp\/v2\/tags?post=1258429"}],"curies":[{"name":"wp","href":"https:\/\/api.w.org\/{rel}","templated":true}]}}