{"id":1258446,"date":"2026-08-24T23:00:18","date_gmt":"2026-08-24T23:00:18","guid":{"rendered":"https:\/\/www.europesays.com\/de\/1258446\/"},"modified":"2026-08-24T23:00:18","modified_gmt":"2026-08-24T23:00:18","slug":"eu-verordnung-dieses-kuriose-gesetz-sorgt-fuer-chaos-so-will-bruessel-es-wieder-abschaffen-welt","status":"publish","type":"post","link":"https:\/\/www.europesays.com\/de\/1258446\/","title":{"rendered":"EU-Verordnung: Dieses kuriose Gesetz sorgt f\u00fcr Chaos \u2013 so will Br\u00fcssel es wieder abschaffen &#8211; WELT"},"content":{"rendered":"<ol>\n<li><a href=\"https:\/\/news.google.com\/rss\/articles\/CBMi6wFBVV95cUxNQUxFQmxjQ2xaOWhUQ0EySlp5aUJjNi15aUNsMkpwLWZUQlRMVkxnclBiWXFoX0UtOFNlMG93aVYwY1BMMFg0QVZ5bFVuT3BwSWI3SEw4MFYwa0c1X1dXQXNENU80a2VMY0FSOWY0Xzhyak53RHk5Y0syMktkaVpMVm02MUpJaWZsVWpHSk9DQ2ZELURqN1Boel9rVFRfSEdfRElnV0xZcFZSUnlDS2J0eDRCV1NjQk0xWE1uOVZ5RThnUTUzdjRXdEg2Z0dXcnNPVktieGZidE1Nb1M1QkpvNV9oUnhxOXpGeUFj?oc=5\" target=\"_blank\" rel=\"nofollow noopener\">EU-Verordnung: Dieses kuriose Gesetz sorgt f\u00fcr Chaos \u2013 so will Br\u00fcssel es wieder abschaffen<\/a>&nbsp;&nbsp;WELT<\/li>\n<li><a href=\"https:\/\/news.google.com\/rss\/articles\/CBMivAFBVV95cUxOWk9EbG9IYXBFVkJhd2pvaHJGaG9sNG16a3ZTVXQ1MG9WMVpRQ29OdmlJMjd6TG90UXdkYjdTMllib2U5XzZFOVBBdjlkSmVIQkdWcWlvZE9aUnVKNHBFNVlCdkFWWlZuMUVIYm55TlFuTThuaTFqQ0FTQUtOZlIzSlNNakt0LUptMWVWVHJZQVJOVlVnYmxmMG9IUHZBejZJbnQxMWZfWDBiZVRScjdwX1hubVo2ZTF3d094Tg?oc=5\" target=\"_blank\" rel=\"nofollow noopener\">EU-Verpackungsverordnung: Neue Pflichten f\u00fcr Direktvermarkter<\/a>&nbsp;&nbsp;top agrar<\/li>\n<li><a href=\"https:\/\/news.google.com\/rss\/articles\/CBMijgFBVV95cUxNb1VwQ3h6YzNnNGwyMmRuZ3I1V054aEI2VUtsSzBqbDVVUzRjdnFSaFJPTDViVmVUU1plTXdoUGFXV21LeEdwNldaeVhfeGNxRWZlRzJqcFF0MG1PYlotcDZOckpwajZYTFFNajh1VlRrZjFVUGVfeXRCX0ptQVpBcS03NkRfOFJhLThFZ3dB?oc=5\" target=\"_blank\" rel=\"nofollow noopener\">&#8222;EU sollte sich mehr in Menschen hineinversetzen&#8220;: Kritik an neuer EU-Verpackungsverordnung<\/a>&nbsp;&nbsp;ZDFheute<\/li>\n<li><a href=\"https:\/\/news.google.com\/rss\/articles\/CBMiywFBVV95cUxNbUdJb1ExMXAtbFVuUUJybXN3Q3pmVF8xU3dsSUhmd3ZGbi1vSHBtNUJFWGpVODNJdFhrR1NpQ2k3cExiVkVXTzJMSjIyR0VFaUVJZHY2N0xrQUprc3Vxd3NSdkNoRmo0S1hJdHB1X0F6UXBpdW9Ja1R3NEg0VGMyMUhqU0hjWENFMVZjNkJpVzRXMmFGNFhKYVU4YWFlNjhldGxtMklxb2tKd3l6YjFLLVNMOVRrMXZJWjl6eDZJM29vNkl4VVBuQmJpMNIB5wFBVV95cUxNdTA5M2NyVjVIcHFQSG9vUTY0Z0dBTUNPNVUyTEd6NGd1allKTXFuRHRnUjF2VXJhRVlXTk1LVFhCMFFlN2QxQlJnZ01heS1VNmd3VUNCbmhzdHJPOFpsV3VZVjVvQWc5SVFDQ3NFbC1UOXVVV1JtVDl6YUEybkd6SkM0VzN2RXd6X2JMZGtDMVNLTUlHa2RaYm53SnR4MGsxN3ZRNUN6VWsyNzZvTkRPOTFRS2pNRllkdUhHbXNDM0dtVWgwNlNTNVJGUXRkTzk2OUtyVlpBd2w1RFc2bGNkd0tnVTZXOHc?oc=5\" target=\"_blank\" rel=\"nofollow noopener\">Was eine neue EU-Regel f\u00fcr ein bergische Unternehmen bedeutet<\/a>&nbsp;&nbsp;RGA<\/li>\n<li><a href=\"https:\/\/news.google.com\/rss\/articles\/CBMi2gFBVV95cUxPYnF6YjNZMGNucGVRZDdGcFJaMW9BOFU0VVR2TjRIVDZ1ZXJDWVA4RlUxUnpnempBZ1BrbnM5aGxFRW9kTHJZSUhyZ2NjRVVYQU9hZTRsdFNFX0kwNC1sczlFU2Z1UEZtX1BxRmU2MmJRWmVXbGpZaE1vOGlXWnNWWjM1RXhYS0h1dVZveVlXRDJnT24tYjl1S3Vsdmc0emdyTnUtWS1RSU4tMGd4R05Jd0p4TXZaSDEybktmdTctNnBScnNrcEZ2bHBDMzkzR2Rudk5TMk9IYllvdw?oc=5\" target=\"_blank\" rel=\"nofollow noopener\">Neues EU-Gesetz zerst\u00f6rt Auslandsgesch\u00e4ft kleiner H\u00e4ndler<\/a>&nbsp;&nbsp;Aachener Zeitung<\/li>\n<\/ol>\n","protected":false},"excerpt":{"rendered":"EU-Verordnung: Dieses kuriose Gesetz sorgt f\u00fcr Chaos \u2013 so will Br\u00fcssel es wieder abschaffen&nbsp;&nbsp;WELT EU-Verpackungsverordnung: Neue Pflichten f\u00fcr&hellip;\n","protected":false},"author":2,"featured_media":1258447,"comment_status":"","ping_status":"","sticky":false,"template":"","format":"standard","meta":{"footnotes":"","_share_on_mastodon":"0"},"categories":[2],"tags":[59179,1098,29,7736,30,3986,13,59183,9497,14,15,12,45,10,8,9,11,9498],"class_list":["post-1258446","post","type-post","status-publish","format-standard","has-post-thumbnail","category-deutschland","tag-beutelsbacher-stefan","tag-buerokratie","tag-deutschland","tag-europaeische-union-eu","tag-germany","tag-handel","tag-headlines","tag-kc_makro","tag-leyen","tag-nachrichten","tag-news","tag-schlagzeilen","tag-texttospeech","tag-top-news","tag-top-meldungen","tag-topmeldungen","tag-topnews","tag-ursula-von-der"],"share_on_mastodon":{"url":"https:\/\/pubeurope.com\/@de\/117152974631639744","error":""},"_links":{"self":[{"href":"https:\/\/www.europesays.com\/de\/wp-json\/wp\/v2\/posts\/1258446","targetHints":{"allow":["GET"]}}],"collection":[{"href":"https:\/\/www.europesays.com\/de\/wp-json\/wp\/v2\/posts"}],"about":[{"href":"https:\/\/www.europesays.com\/de\/wp-json\/wp\/v2\/types\/post"}],"author":[{"embeddable":true,"href":"https:\/\/www.europesays.com\/de\/wp-json\/wp\/v2\/users\/2"}],"replies":[{"embeddable":true,"href":"https:\/\/www.europesays.com\/de\/wp-json\/wp\/v2\/comments?post=1258446"}],"version-history":[{"count":0,"href":"https:\/\/www.europesays.com\/de\/wp-json\/wp\/v2\/posts\/1258446\/revisions"}],"wp:featuredmedia":[{"embeddable":true,"href":"https:\/\/www.europesays.com\/de\/wp-json\/wp\/v2\/media\/1258447"}],"wp:attachment":[{"href":"https:\/\/www.europesays.com\/de\/wp-json\/wp\/v2\/media?parent=1258446"}],"wp:term":[{"taxonomy":"category","embeddable":true,"href":"https:\/\/www.europesays.com\/de\/wp-json\/wp\/v2\/categories?post=1258446"},{"taxonomy":"post_tag","embeddable":true,"href":"https:\/\/www.europesays.com\/de\/wp-json\/wp\/v2\/tags?post=1258446"}],"curies":[{"name":"wp","href":"https:\/\/api.w.org\/{rel}","templated":true}]}}