{"id":1258453,"date":"2026-08-24T23:04:30","date_gmt":"2026-08-24T23:04:30","guid":{"rendered":"https:\/\/www.europesays.com\/de\/1258453\/"},"modified":"2026-08-24T23:04:30","modified_gmt":"2026-08-24T23:04:30","slug":"fw-kiel-feuer-im-gewerbegebiet-wittland-in-kiel","status":"publish","type":"post","link":"https:\/\/www.europesays.com\/de\/1258453\/","title":{"rendered":"FW-Kiel: Feuer im Gewerbegebiet Wittland in Kiel"},"content":{"rendered":"<p class=\"date\">24.08.2026 \u2013 17:47<\/p>\n<p class=\"customer\">\n                        <a class=\"story-customer\" title=\"weiter zum newsroom von Feuerwehr Kiel\" href=\"https:\/\/www.presseportal.de\/blaulicht\/nr\/82765\" rel=\"nofollow noopener\" target=\"_blank\">Feuerwehr Kiel<\/a>\n                    <\/p>\n<p><a data-category=\"citylink-story-view\" data-action=\"click\" data-label=\"Citylink in Meldungsansicht\" class=\"story-city event-trigger\" href=\"https:\/\/www.presseportal.de\/regional\/Kiel\" title=\"News aus Kiel \" rel=\"nofollow noopener\" target=\"_blank\">Kiel<\/a> (ots)<\/p>\n<p>Gegen 13:30 Uhr meldeten mehrere Anrufer der Integrierten Regionalleitstelle Mitte eine starke Rauchentwicklung sowie sichtbare Flammen auf dem Dach eines Geb\u00e4udes in der Stra\u00dfe Wittland im Kieler Stadtteil Hasseldieksdamm.<\/p>\n<p>Bereits auf der Anfahrt konnten die alarmierten Einsatzkr\u00e4fte die Rauchentwicklung best\u00e4tigen. Bei Eintreffen zeigte sich ein Feuer im Bereich der Photovoltaikanlage auf dem Dach. Umgehend wurde die Drehleiter zur Brandbek\u00e4mpfung in Stellung gebracht. Durch das schnelle Eingreifen der Feuerwehr konnte eine Ausbreitung des Feuers auf das Geb\u00e4ude weitestgehend verhindert werden. Im Anschluss an die L\u00f6schma\u00dfnahmen, wurden kleinere Teile des Daches aufgenommen um versteckte Glutnester auszuschlie\u00dfen.<\/p>\n<p>Insgesamt waren 37 Einsatzkr\u00e4fte der Berufsfeuerwehr Kiel sowie der Freiwilligen Feuerwehr Kiel-Russe am Einsatz beteiligt. Gegen 15:20 Uhr konnten Ma\u00dfnahmen seitens der Feuerwehr beendet werden. Verletzt wurde bei dem Einsatz niemand.<\/p>\n<p class=\"contact-headline\">R\u00fcckfragen bitte an:<\/p>\n<p class=\"contact-text\">Medien-R\u00fcckfragen bitte an:<\/p>\n<p>Feuerwehr Kiel<br \/>Lagedienstf\u00fchrer<br \/>Telefon: 0431 \/ 5905 &#8211; 0<br \/>Fax: 0431 \/ 5905 &#8211; 147<br \/><a target=\"_blank\" class=\"uri-ext outbound\" rel=\"noopener nofollow\" href=\"https:\/\/www.kiel.de\/de\/gesundheit_soziales\/feuerwehr\/index.php\">https:\/\/www.kiel.de\/de\/gesundheit_soziales\/feuerwehr\/index.php<\/a><\/p>\n<p class=\"originator\">Original-Content von: Feuerwehr Kiel, \u00fcbermittelt durch news aktuell<\/p>\n","protected":false},"excerpt":{"rendered":"24.08.2026 \u2013 17:47 Feuerwehr Kiel Kiel (ots) Gegen 13:30 Uhr meldeten mehrere Anrufer der Integrierten Regionalleitstelle Mitte eine&hellip;\n","protected":false},"author":2,"featured_media":1184682,"comment_status":"","ping_status":"","sticky":false,"template":"","format":"standard","meta":{"footnotes":"","_share_on_mastodon":"0"},"categories":[1852],"tags":[2919,3364,29,548,663,3934,985,30,13,4949,14,15,178,180,179,181,12,1971,17990],"class_list":["post-1258453","post","type-post","status-publish","format-standard","has-post-thumbnail","category-kiel","tag-brand","tag-de","tag-deutschland","tag-eu","tag-europa","tag-europe","tag-feuerwehr","tag-germany","tag-headlines","tag-kiel","tag-nachrichten","tag-news","tag-presse","tag-pressemeldung","tag-pressemitteilung","tag-pressemitteilungen","tag-schlagzeilen","tag-schleswig-holstein","tag-sh"],"share_on_mastodon":{"url":"","error":""},"_links":{"self":[{"href":"https:\/\/www.europesays.com\/de\/wp-json\/wp\/v2\/posts\/1258453","targetHints":{"allow":["GET"]}}],"collection":[{"href":"https:\/\/www.europesays.com\/de\/wp-json\/wp\/v2\/posts"}],"about":[{"href":"https:\/\/www.europesays.com\/de\/wp-json\/wp\/v2\/types\/post"}],"author":[{"embeddable":true,"href":"https:\/\/www.europesays.com\/de\/wp-json\/wp\/v2\/users\/2"}],"replies":[{"embeddable":true,"href":"https:\/\/www.europesays.com\/de\/wp-json\/wp\/v2\/comments?post=1258453"}],"version-history":[{"count":0,"href":"https:\/\/www.europesays.com\/de\/wp-json\/wp\/v2\/posts\/1258453\/revisions"}],"wp:featuredmedia":[{"embeddable":true,"href":"https:\/\/www.europesays.com\/de\/wp-json\/wp\/v2\/media\/1184682"}],"wp:attachment":[{"href":"https:\/\/www.europesays.com\/de\/wp-json\/wp\/v2\/media?parent=1258453"}],"wp:term":[{"taxonomy":"category","embeddable":true,"href":"https:\/\/www.europesays.com\/de\/wp-json\/wp\/v2\/categories?post=1258453"},{"taxonomy":"post_tag","embeddable":true,"href":"https:\/\/www.europesays.com\/de\/wp-json\/wp\/v2\/tags?post=1258453"}],"curies":[{"name":"wp","href":"https:\/\/api.w.org\/{rel}","templated":true}]}}