{"id":1258476,"date":"2026-08-24T23:22:20","date_gmt":"2026-08-24T23:22:20","guid":{"rendered":"https:\/\/www.europesays.com\/de\/1258476\/"},"modified":"2026-08-24T23:22:20","modified_gmt":"2026-08-24T23:22:20","slug":"afd-zustimmung-sorgt-in-bielefelds-kirche-fuer-unruhe","status":"publish","type":"post","link":"https:\/\/www.europesays.com\/de\/1258476\/","title":{"rendered":"AfD-Zustimmung sorgt in Bielefelds Kirche f\u00fcr Unruhe"},"content":{"rendered":"<p id=\"absatz1\">Bielefeld. \u00dcber Gleichberechtigung wird in der evangelischen Kirche schon lange gesprochen. Im Kirchenkreis Bielefeld soll es k\u00fcnftig aber nicht beim Reden bleiben: Eine neue Initiativgruppe will sich gezielt f\u00fcr Geschlechtergerechtigkeit einsetzen und Diskriminierung innerhalb der Kirche und dar\u00fcber hinaus entgegentreten.<\/p>\n<p id=\"absatz2\" class=\"em_text\">Die Kreissynode hat die Gruppe bei ihrer Sommersitzung mit gro\u00dfer Mehrheit offiziell mit dieser Aufgabe betraut. Dabei geht es den Initiatoren nicht allein um die Frage, welche Rolle Frauen und M\u00e4nner innerhalb der Kirche einnehmen. Im Blick sind ebenso Queerfeindlichkeit, gesellschaftliche Ausgrenzung und der Umgang mit politischen Str\u00f6mungen, die aus Sicht der Gruppe demokratische und christliche Grundwerte infrage stellen. \u201eDieses Thema betrifft unsere Kirche als Ganzes\u201c, sagt Superintendent Christian Bald.<\/p>\n<p id=\"absatz3\" class=\"em_text\">Heidemarie Winkel, Soziologie-Professorin an der Universit\u00e4t Bielefeld und Sprecherin der Initiative, sieht vor allem angesichts gesellschaftlicher Polarisierung Handlungsbedarf.<\/p>\n<p>\n        \u00d7\n    <\/p>\n<p>\n            Sie erhalten in wenigen Minuten eine E-Mail zur Best\u00e4tigung Ihrer Anmeldung.\n        <\/p>\n<p>Erst danach ist diese abgeschlossen.<\/p>\n<p>Bitte pr\u00fcfen Sie auch den Spam-Ordner.<\/p>\n<p>\n        \u00d7\n    <\/p>\n<p>\n            Sie haben bisher Ihre E-Mail-Adresse noch nicht best\u00e4tigt.\n        <\/p>\n<p>Erst danach ist diese abgeschlossen.<\/p>\n<p>Bitte pr\u00fcfen Sie auch den Spam-Ordner.<\/p>\n<p>\n        \u00d7\n    <\/p>\n<p>\n            Es ist einen Fehler aufgetreten\n        <\/p>\n<p>Bei Fragen hilft unser Newsletter-Support<\/p>\n<p> Newsletter<\/p>\n<p> Update zum Abend<\/p>\n<p>Informiert bleiben mit t\u00e4glichen News aus Bielefeld, OWL und der Welt.<\/p>\n<p>                Jetzt anmelden<\/p>\n<p>Verrohung gesellschaftlicher Debatten und Gewalt<\/p>\n<p class=\"em_text\">Frauen- und queerfeindliche Einstellungen seien sichtbare Zeichen einer Entwicklung, die mit der Verrohung gesellschaftlicher Debatten und zum Teil auch mit Gewalt einhergehe.<\/p>\n<p id=\"absatz5\" class=\"em_text\">Dass sich die Kirche dabei selbst nicht au\u00dferhalb dieser Entwicklungen sehen k\u00f6nne, geh\u00f6rt ausdr\u00fccklich zum Ansatz der Gruppe. Eine YouGov-Umfrage im Auftrag der Katholischen Nachrichten-Agentur hatte vor wenigen Wochen erst ergeben, dass 24 Prozent der Mitglieder evangelischer Landeskirchen derzeit die AfD w\u00e4hlen w\u00fcrden.<\/p>\n<p id=\"absatz6\"><b class=\"bold\">Lesen Sie auch: <\/b><a href=\"https:\/\/www.nw.de\/lokal\/bielefeld\/mitte\/24203899_Drastischer-Schritt-Fuenf-evangelische-Gemeinden-in-Bielefeld-fusionieren.html\" rel=\"nofollow noopener\" target=\"_blank\">Drastischer Schritt: F\u00fcnf evangelische Gemeinden in Bielefeld fusionieren | nw.de<\/a><\/p>\n<p id=\"absatz7\" class=\"em_text\">Damit liegt der Anteil zwar unter dem Wert f\u00fcr die Gesamtbev\u00f6lkerung von 29 Prozent. F\u00fcr die Initiativgruppe ist es dennoch ein bemerkenswert hoher Wert \u2013 und Anlass, sich st\u00e4rker mit politischen Einstellungen innerhalb der eigenen Kirche auseinanderzusetzen.<\/p>\n<p>Offenheit im Denken und Neugier aufeinander<\/p>\n<p id=\"absatz8\" class=\"em_text\">Winkel will dabei allerdings nicht allein auf Abgrenzung setzen. Es gehe ebenso darum, \u00c4ngsten, Zukunftssorgen und gesellschaftlicher Spaltung etwas entgegenzusetzen. Daf\u00fcr brauche es \u201eOffenheit im Denken und Neugierde aufeinander\u201c. Beim Thema Migration etwa werde aus ihrer Sicht zu selten darauf geschaut, was gesellschaftlich bereits gelungen sei.<\/p>\n<p id=\"absatz9\" class=\"em_text\">Zugleich soll deutlicher werden, wof\u00fcr die evangelische Kirche selbst steht. Grundlage daf\u00fcr sei eine historisch-kritische Auslegung der Bibel, aus der sich Werte wie Menschenw\u00fcrde, Gleichheit und Gerechtigkeit ableiten lie\u00dfen. \u201eWir Christinnen und Christen m\u00fcssen Haltung zeigen und menschen- und demokratiefeindlichen Str\u00f6mungen klar entgegentreten\u201c, sagt Winkel.<\/p>\n<p id=\"absatz10\"><b class=\"bold\">Lesen Sie auch: <\/b><a href=\"https:\/\/www.nw.de\/lokal\/bielefeld\/mitte\/23183323_Deftiges-Defizit-Evangelischer-Kirchenkreis-muss-an-seine-Ruecklagen-gehen.html\" rel=\"nofollow noopener\" target=\"_blank\">Deftiges Defizit: Evangelischer Kirchenkreis muss an seine R\u00fccklagen gehen | nw.de<\/a><\/p>\n<p id=\"absatz11\" class=\"em_text\">Das bedeutet nach Auffassung der Initiative auch, die eigenen kirchlichen Strukturen immer wieder zu hinterfragen: Wo gibt es Benachteiligungen? Wie kann Kirche tats\u00e4chlich inklusiv sein? Und wie gelingt es, Menschen unterschiedlicher Herkunft, sexueller Orientierung und Lebensweise gleicherma\u00dfen das Gef\u00fchl zu geben, willkommen zu sein? Nach dem Beschluss der Kreissynode beginnt f\u00fcr die Gruppe nun die konkrete Arbeit.<\/p>\n<p id=\"absatz12\" class=\"em_text\">Sie will gemeinsam mit der Leitung des Kirchenkreises Schwerpunkte und Ans\u00e4tze entwickeln und das Thema in die kirchlichen Gremien tragen. Anfang kommenden Jahres soll es eine erste Veranstaltung geben.<\/p>\n<p id=\"absatz13\" class=\"em_text\">Wer am Thema Geschlechtergerechtigkeit mitarbeiten und in der Initiativgruppe aktiv werden m\u00f6chte, kann sich mit Heidemarie Winkel per Mail in Verbindung setzen. <a href=\"https:\/\/www.nw.de\/lokal\/bielefeld\/mitte\/mailto:heidemarie.winkel@uni-bielefeld.de\" rel=\"nofollow noopener\" target=\"_blank\">heidemarie.winkel@uni-bielefeld.de<\/a> <\/p>\n","protected":false},"excerpt":{"rendered":"Bielefeld. \u00dcber Gleichberechtigung wird in der evangelischen Kirche schon lange gesprochen. Im Kirchenkreis Bielefeld soll es k\u00fcnftig aber&hellip;\n","protected":false},"author":2,"featured_media":1258477,"comment_status":"","ping_status":"","sticky":false,"template":"","format":"standard","meta":{"footnotes":"","_share_on_mastodon":"0"},"categories":[1841],"tags":[186,80502,1605,112629,3364,29,2650,30,260225,6821,260224,31160,9307,16359,4280,198715,736,164252,22596,16362,1209,4649,39067,32420],"class_list":["post-1258476","post","type-post","status-publish","format-standard","has-post-thumbnail","category-bielefeld","tag-afd","tag-ausgrenzung","tag-bielefeld","tag-christian-bald","tag-de","tag-deutschland","tag-diskriminierung","tag-germany","tag-heidemarie-winkel","tag-initiative","tag-initiativgruppe","tag-kirchenkreis","tag-label_foto","tag-label_inspiriere-mich","tag-label_l-120","tag-meta_artikelklasse_nische","tag-meta_copyrights_nw","tag-meta_eo_zusammenfassung","tag-meta_themen_politik","tag-meta_userneeds_inspirieremich","tag-nordrhein-westfalen","tag-umfrage","tag-universitaet-bielefeld","tag-yougov"],"share_on_mastodon":{"url":"https:\/\/pubeurope.com\/@de\/117153060986689747","error":""},"_links":{"self":[{"href":"https:\/\/www.europesays.com\/de\/wp-json\/wp\/v2\/posts\/1258476","targetHints":{"allow":["GET"]}}],"collection":[{"href":"https:\/\/www.europesays.com\/de\/wp-json\/wp\/v2\/posts"}],"about":[{"href":"https:\/\/www.europesays.com\/de\/wp-json\/wp\/v2\/types\/post"}],"author":[{"embeddable":true,"href":"https:\/\/www.europesays.com\/de\/wp-json\/wp\/v2\/users\/2"}],"replies":[{"embeddable":true,"href":"https:\/\/www.europesays.com\/de\/wp-json\/wp\/v2\/comments?post=1258476"}],"version-history":[{"count":0,"href":"https:\/\/www.europesays.com\/de\/wp-json\/wp\/v2\/posts\/1258476\/revisions"}],"wp:featuredmedia":[{"embeddable":true,"href":"https:\/\/www.europesays.com\/de\/wp-json\/wp\/v2\/media\/1258477"}],"wp:attachment":[{"href":"https:\/\/www.europesays.com\/de\/wp-json\/wp\/v2\/media?parent=1258476"}],"wp:term":[{"taxonomy":"category","embeddable":true,"href":"https:\/\/www.europesays.com\/de\/wp-json\/wp\/v2\/categories?post=1258476"},{"taxonomy":"post_tag","embeddable":true,"href":"https:\/\/www.europesays.com\/de\/wp-json\/wp\/v2\/tags?post=1258476"}],"curies":[{"name":"wp","href":"https:\/\/api.w.org\/{rel}","templated":true}]}}