{"id":1258504,"date":"2026-08-24T23:41:29","date_gmt":"2026-08-24T23:41:29","guid":{"rendered":"https:\/\/www.europesays.com\/de\/1258504\/"},"modified":"2026-08-24T23:41:29","modified_gmt":"2026-08-24T23:41:29","slug":"dquadrat-living-uebernimmt-betrieb-des-intercity-hotels-in-bonn-tageskarte","status":"publish","type":"post","link":"https:\/\/www.europesays.com\/de\/1258504\/","title":{"rendered":"DQuadrat Living \u00fcbernimmt Betrieb des Intercity Hotels in Bonn: Tageskarte"},"content":{"rendered":"<p>Die <strong data-index-in-node=\"4\" data-path-to-node=\"1\">DQuadrat Living GmbH<\/strong> \u00fcbernimmt zum <strong data-index-in-node=\"39\" data-path-to-node=\"1\">1. Oktober 2026<\/strong> den Betrieb des bisherigen Intercity Hotels am Bonner Hauptbahnhof. Wie das Unternehmen mitteilt, soll das Haus k\u00fcnftig unter dem Namen <strong data-index-in-node=\"191\" data-path-to-node=\"1\">Mercure Hotel Bonn City Center<\/strong> gef\u00fchrt werden. Mit diesem Betreiberwechsel w\u00e4chst das Portfolio der Gesellschaft auf insgesamt <strong data-index-in-node=\"328\" data-path-to-node=\"1\">zehn Hotels<\/strong>, womit der Betreiber zugleich seine Pr\u00e4senz in Nordrhein-Westfalen ausbaut.<\/p>\n<p>Schrittweise Renovierung der Bonner Immobilie<\/p>\n<p>Derzeit betreibt die <strong data-index-in-node=\"21\" data-path-to-node=\"3\">Revo Hospitality<\/strong> das Hotelgeb\u00e4ude am zentralen Bonner Standort. Der Gesch\u00e4ftsf\u00fchrer der DQuadrat Living GmbH\u00a0<strong data-index-in-node=\"101\" data-path-to-node=\"3\">Jens Philipsenburg<\/strong> erkl\u00e4rt, dass der Hotelbetrieb zum Stichtag nahtlos fortgef\u00fchrt werde. In den folgenden Monaten seien schrittweise Entwicklungen sowie umfassende Renovierungsma\u00dfnahmen vorgesehen, um die Immobilie an den Standard der Marke Mercure anzupassen. Die Vorbereitungen f\u00fcr den Wechsel laufen nach Angaben des Betreibers bereits, wobei Buchungen und Aufenthalte auch w\u00e4hrend der Umstellungsphase durchgehend m\u00f6glich bleiben sollen.<\/p>\n<p>Personal soll den Hotelbetrieb nahtlos weiterf\u00fchren<\/p>\n<p>Das Hotel umfasst <strong data-index-in-node=\"18\" data-path-to-node=\"5\">161 Zimmer<\/strong>, ein Restaurant, eine Bar und ein eigenes Parkhaus mit Ladestationen f\u00fcr Elektrofahrzeuge. Bei der \u00dcbernahme setze die Betreibergesellschaft bewusst auf personelle Kontinuit\u00e4t: Das gesamte bestehende Hotelteam bleibe auch unter der neuen F\u00fchrung im Haus t\u00e4tig. <strong data-index-in-node=\"290\" data-path-to-node=\"5\">Philipsenburg<\/strong> betont, dass die Mitarbeitenden den Standort sowie die G\u00e4ste kennen und einen wichtigen Bestandteil f\u00fcr den Neustart bilden. Neben der weiteren Expansion verfolge das Unternehmen das Ziel, seine Standorte langfristig zu entwickeln und den Hotelbetrieb nachhaltig auszurichten.<\/p>\n<p>Bei der Erstellung dieses Artikels kamen KI-gest\u00fctzte Werkzeuge zum Einsatz. Die Inhalte wurden redaktionell \u00fcberpr\u00fcft. Feedback nehmen wir gerne unter news@tageskarte.io entgegen.<\/p>\n<p>\u00a0<\/p>\n","protected":false},"excerpt":{"rendered":"Die DQuadrat Living GmbH \u00fcbernimmt zum 1. Oktober 2026 den Betrieb des bisherigen Intercity Hotels am Bonner Hauptbahnhof.&hellip;\n","protected":false},"author":2,"featured_media":1258505,"comment_status":"","ping_status":"","sticky":false,"template":"","format":"standard","meta":{"footnotes":"","_share_on_mastodon":"0"},"categories":[1842],"tags":[27417,1741,260234,3364,29,120860,30,10353,260231,260233,260230,1209,260232,2910],"class_list":["post-1258504","post","type-post","status-publish","format-standard","has-post-thumbnail","category-bonn","tag-betreiberwechsel","tag-bonn","tag-bonn-hauptbahnhof","tag-de","tag-deutschland","tag-dquadrat-living","tag-germany","tag-hotellerie","tag-intercity-hotel-bonn","tag-jens-philipsenburg","tag-mercure-hotel-bonn-city-center","tag-nordrhein-westfalen","tag-revo-hospitality","tag-uebernahme"],"share_on_mastodon":{"url":"https:\/\/pubeurope.com\/@de\/117153135833752917","error":""},"_links":{"self":[{"href":"https:\/\/www.europesays.com\/de\/wp-json\/wp\/v2\/posts\/1258504","targetHints":{"allow":["GET"]}}],"collection":[{"href":"https:\/\/www.europesays.com\/de\/wp-json\/wp\/v2\/posts"}],"about":[{"href":"https:\/\/www.europesays.com\/de\/wp-json\/wp\/v2\/types\/post"}],"author":[{"embeddable":true,"href":"https:\/\/www.europesays.com\/de\/wp-json\/wp\/v2\/users\/2"}],"replies":[{"embeddable":true,"href":"https:\/\/www.europesays.com\/de\/wp-json\/wp\/v2\/comments?post=1258504"}],"version-history":[{"count":0,"href":"https:\/\/www.europesays.com\/de\/wp-json\/wp\/v2\/posts\/1258504\/revisions"}],"wp:featuredmedia":[{"embeddable":true,"href":"https:\/\/www.europesays.com\/de\/wp-json\/wp\/v2\/media\/1258505"}],"wp:attachment":[{"href":"https:\/\/www.europesays.com\/de\/wp-json\/wp\/v2\/media?parent=1258504"}],"wp:term":[{"taxonomy":"category","embeddable":true,"href":"https:\/\/www.europesays.com\/de\/wp-json\/wp\/v2\/categories?post=1258504"},{"taxonomy":"post_tag","embeddable":true,"href":"https:\/\/www.europesays.com\/de\/wp-json\/wp\/v2\/tags?post=1258504"}],"curies":[{"name":"wp","href":"https:\/\/api.w.org\/{rel}","templated":true}]}}