{"id":1258543,"date":"2026-08-25T00:13:21","date_gmt":"2026-08-25T00:13:21","guid":{"rendered":"https:\/\/www.europesays.com\/de\/1258543\/"},"modified":"2026-08-25T00:13:21","modified_gmt":"2026-08-25T00:13:21","slug":"eintracht-frankfurt-mehrheit-will-adler-attila-trotz-peta-kritik-behalten","status":"publish","type":"post","link":"https:\/\/www.europesays.com\/de\/1258543\/","title":{"rendered":"Eintracht Frankfurt: Mehrheit will Adler Attila trotz Peta-Kritik behalten"},"content":{"rendered":"<p>Nach scharfer Kritik von Peta <\/p>\n<p>Adler Attila in Rente schicken? Eintracht-Fans haben klare Meinung<\/p>\n<ul class=\"grid grid-flow-col gap-4\" aria-label=\"Autorenbilder\">\n<li class=\"leading-0\"><img data-tb-author-image=\"\"  loading=\"lazy\" src=\"https:\/\/www.europesays.com\/de\/wp-content\/uploads\/2026\/08\/1787616798_635_image.jpg\" alt=\"\" title=\"\" width=\"40\" height=\"40\" class=\"\" decoding=\"async\"\/><\/li>\n<\/ul>\n<p>Aktualisiert am 25.08.2026 &#8211; 02:02 UhrLesedauer: 2 Min.<\/p>\n<p><a href=\"#focus-0\" class=\"transition-colors block text-current relative\" data-sctrack=\"FocusGalleryImage.Reference\"><img fetchpriority=\"high\" data-testid=\"Opener.Image\"   loading=\"eager\" src=\"https:\/\/www.europesays.com\/de\/wp-content\/uploads\/2026\/08\/steinadler-attila-hat-eine-fluegelspannweite-von-fast-zwei-metern.jpg\" alt=\"Eintracht Frankfurt - Holstein Kiel\" title=\"Eintracht Frankfurt - Holstein Kiel\" width=\"2048\" height=\"1152\" class=\"bg-[url:var(--lqipURL)] bg-cover bg-center flex h-full w-full max-w-full\" style=\"--lqipURL:url('https:\/\/images.t-online.de\/2025\/02\/VPUnzprsJ-oH\/0x180:2048x1152\/fit-in\/150x0\/filters:blur(25)\/steinadler-attila-hat-eine-fluegelspannweite-von-fast-zwei-metern.jpg')\" decoding=\"async\"\/><img loading=\"lazy\" src=\"https:\/\/frankfurt.t-online.de\/s\/paper\/_next\/static\/media\/zoom-in.f7dae02f.svg\" alt=\"Vergr\u00f6\u00dfern des Bildes\" title=\"Vergr\u00f6\u00dfern des Bildes\" class=\"block h-[calc(var(--height)_\/_16_*_1rem)] w-[calc(var(--width)_\/_16_*_1rem)] max-w-none absolute right-8 bottom-8 rounded-4 bg-snow p-8\" style=\"--width:32;--height:32\" decoding=\"async\"\/><\/a><\/p>\n<p>Steinadler Attila hat eine Fl\u00fcgelspannweite von fast zwei Metern (Archivbild): Seit dem Jahr 2006 begleitet das Tier die Fu\u00dfballer von Eintracht Frankfurt zu Heimspielen. (Quelle: Arne Dedert\/dpa\/dpa-bilder)<\/p>\n<p><img loading=\"lazy\" src=\"https:\/\/frankfurt.t-online.de\/s\/paper\/_next\/static\/media\/audio-volume.6689034c.svg\" alt=\"\" title=\"\" class=\"block h-[calc(var(--height)_\/_16_*_1rem)] w-[calc(var(--width)_\/_16_*_1rem)] max-w-none group-hover:brightness-0 group-hover:invert\" style=\"--width:16;--height:16\" decoding=\"async\"\/>Vorlesen<\/p>\n<p>Aktuelle Zeit:0:00Gesamtdauer:0:00<\/p>\n<p>1x<img loading=\"lazy\" src=\"https:\/\/frankfurt.t-online.de\/s\/paper\/_next\/static\/media\/font-sizes.32942e33.svg\" alt=\"\" title=\"\" class=\"block h-[calc(var(--height)_\/_16_*_1rem)] w-[calc(var(--width)_\/_16_*_1rem)] max-w-none group-hover:hidden group-aria-expanded:hidden\" style=\"--width:16;--height:16\" decoding=\"async\"\/><img loading=\"lazy\" src=\"https:\/\/frankfurt.t-online.de\/s\/paper\/_next\/static\/media\/font-sizes-dark-mode.e382645c.svg\" alt=\"\" title=\"\" class=\"block h-[calc(var(--height)_\/_16_*_1rem)] w-[calc(var(--width)_\/_16_*_1rem)] max-w-none hidden group-hover:block group-aria-expanded:block\" style=\"--width:16;--height:16\" decoding=\"async\"\/><img loading=\"lazy\" src=\"https:\/\/frankfurt.t-online.de\/s\/paper\/_next\/static\/media\/sharing-menu-icon.1eb71368.svg\" alt=\"\" title=\"\" class=\"block h-[calc(var(--height)_\/_16_*_1rem)] w-[calc(var(--width)_\/_16_*_1rem)] max-w-none group-hover:brightness-0 group-hover:invert\" style=\"--width:16;--height:16\" decoding=\"async\"\/>Artikel teilen<\/p>\n<p class=\"font-bold text-18 leading-17 user-text-lg:text-22 user-text-xl:text-24\">Peta will Steinadler Attila als lebendes Eintracht-Maskottchen abschaffen. Eine t-online-Umfrage mit mehr als 1.000 Teilnehmern zeigt nun, wie das Internet dar\u00fcber denkt.<\/p>\n<p class=\"text-18 leading-17 user-text-lg:text-22 user-text-xl:text-24\">Soll Steinadler Attila nach rund 20 Jahren als Maskottchen von <a href=\"https:\/\/www.t-online.de\/themen\/eintracht-frankfurt\/\" class=\"transition-colors cursor-pointer no-underline md:hover:text-magenta md:focus:text-magenta border-b border-solid border-current text-salemsfur md:hover:border-magenta\" data-tracking=\"{&quot;action&quot;:&quot;click&quot;,&quot;category&quot;:&quot;intextLink&quot;,&quot;label&quot;:&quot;https:\/\/www.t-online.de\/themen\/eintracht-frankfurt\/&quot;}\" data-sctrack=\"BodyAnchor\" rel=\"nofollow noopener\" target=\"_blank\">Eintracht Frankfurt<\/a> in Rente gehen? Diese Forderung hatte die Tierschutzorganisation Peta kurz vor dem Start der Bundesliga-Saison erneut erhoben. Bei den <a href=\"https:\/\/frankfurt.t-online.de\/region\/frankfurt-am-main\/id_101401132\/eintracht-frankfurt-peta-will-adler-attila-in-rente-schicken.html\" class=\"transition-colors cursor-pointer no-underline md:hover:text-magenta md:focus:text-magenta border-b border-solid border-current text-salemsfur md:hover:border-magenta\" data-tracking=\"{&quot;action&quot;:&quot;click&quot;,&quot;category&quot;:&quot;intextLink&quot;,&quot;label&quot;:&quot;\/region\/frankfurt-am-main\/id_101401132\/eintracht-frankfurt-peta-will-adler-attila-in-rente-schicken.html&quot;}\" data-sctrack=\"BodyAnchor\" rel=\"nofollow noopener\" target=\"_blank\">Teilnehmern einer t-online-Umfrage<\/a> findet diese allerdings nur begrenzt Zustimmung.<\/p>\n<p class=\"text-18 leading-17 user-text-lg:text-22 user-text-xl:text-24\">Insgesamt 1.046 Menschen beteiligten sich bislang an der Abstimmung (Stand Montag, 10 Uhr). 54,5 Prozent und damit mehr als die H\u00e4lfte finden, Attila solle bleiben. Das Tier geh\u00f6re &#8222;schlicht zum Verein dazu&#8220;. 570 Teilnehmer stimmten f\u00fcr diese Antwort.<\/p>\n<p>Lebendes Maskottchen: Nur jeder F\u00fcnfte spricht von &#8222;Tierqu\u00e4lerei&#8220;<\/p>\n<p class=\"text-18 leading-17 user-text-lg:text-22 user-text-xl:text-24\">Weitere 21,4 Prozent \u2013 224 Stimmen \u2013 wollen den Steinadler zwar weiterhin als Maskottchen der Eintracht sehen, allerdings nicht mehr im Stadion. Zusammengenommen sprechen sich damit 75,9 Prozent daf\u00fcr aus, Attila grunds\u00e4tzlich als Maskottchen zu behalten.<\/p>\n<p class=\"text-18 leading-17 user-text-lg:text-22 user-text-xl:text-24\">Deutlich kleiner ist die Gruppe, die den Einsatz des lebenden Tieres komplett ablehnt: 20 Prozent, also 209 Teilnehmer, bezeichneten es in der Umfrage als Tierqu\u00e4lerei, Attila weiter als Maskottchen zu nutzen. 4,1 Prozent waren unentschlossen. Die Abstimmung ist nicht repr\u00e4sentativ, zeigt aber ein deutliches Stimmungsbild unter den Teilnehmern.<\/p>\n<p>Peta fordert Ende der Tradition<\/p>\n<p class=\"text-18 leading-17 user-text-lg:text-22 user-text-xl:text-24\">Peta hatte Eintracht Frankfurt zuvor erneut aufgefordert, den inzwischen 22 Jahre alten Steinadler in &#8222;Rente&#8220; zu schicken und k\u00fcnftig auf ein tierfreies Maskottchen zu setzen. Die Organisation kritisiert unter anderem den L\u00e4rm, die Menschenmassen, die Transporte und die Pr\u00e4sentation des Vogels im Stadion.<\/p>\n<p class=\"text-18 leading-17 user-text-lg:text-22 user-text-xl:text-24\">Der Streit ist nicht neu. Bereits 2023 hatte Peta ein Ende der Auftritte gefordert. Eintracht Frankfurt wies den Vorwurf der Tierqu\u00e4lerei damals zur\u00fcck. Nach Angaben des Vereins sei Attila an die Atmosph\u00e4re im Stadion gew\u00f6hnt, auch von den zust\u00e4ndigen Beh\u00f6rden gebe es keine Bedenken.<\/p>\n","protected":false},"excerpt":{"rendered":"Nach scharfer Kritik von Peta Adler Attila in Rente schicken? Eintracht-Fans haben klare Meinung Aktualisiert am 25.08.2026 &#8211;&hellip;\n","protected":false},"author":2,"featured_media":1258544,"comment_status":"","ping_status":"","sticky":false,"template":"","format":"standard","meta":{"footnotes":"","_share_on_mastodon":"0"},"categories":[1829],"tags":[522,29,460,177830,2050,2051,30,2052,21260,8302,260239,379,260240,226,10094],"class_list":["post-1258543","post","type-post","status-publish","format-standard","has-post-thumbnail","category-frankfurt-am-main","tag-522","tag-deutschland","tag-eintracht-frankfurt","tag-fluegelspannweite","tag-frankfurt","tag-frankfurt-am-main","tag-germany","tag-hessen","tag-maskottchen","tag-peta","tag-peta-peta","tag-rente","tag-steinadler","tag-t-online","tag-tierquaelerei"],"share_on_mastodon":{"url":"https:\/\/pubeurope.com\/@de\/117153262525732305","error":""},"_links":{"self":[{"href":"https:\/\/www.europesays.com\/de\/wp-json\/wp\/v2\/posts\/1258543","targetHints":{"allow":["GET"]}}],"collection":[{"href":"https:\/\/www.europesays.com\/de\/wp-json\/wp\/v2\/posts"}],"about":[{"href":"https:\/\/www.europesays.com\/de\/wp-json\/wp\/v2\/types\/post"}],"author":[{"embeddable":true,"href":"https:\/\/www.europesays.com\/de\/wp-json\/wp\/v2\/users\/2"}],"replies":[{"embeddable":true,"href":"https:\/\/www.europesays.com\/de\/wp-json\/wp\/v2\/comments?post=1258543"}],"version-history":[{"count":0,"href":"https:\/\/www.europesays.com\/de\/wp-json\/wp\/v2\/posts\/1258543\/revisions"}],"wp:featuredmedia":[{"embeddable":true,"href":"https:\/\/www.europesays.com\/de\/wp-json\/wp\/v2\/media\/1258544"}],"wp:attachment":[{"href":"https:\/\/www.europesays.com\/de\/wp-json\/wp\/v2\/media?parent=1258543"}],"wp:term":[{"taxonomy":"category","embeddable":true,"href":"https:\/\/www.europesays.com\/de\/wp-json\/wp\/v2\/categories?post=1258543"},{"taxonomy":"post_tag","embeddable":true,"href":"https:\/\/www.europesays.com\/de\/wp-json\/wp\/v2\/tags?post=1258543"}],"curies":[{"name":"wp","href":"https:\/\/api.w.org\/{rel}","templated":true}]}}