{"id":1258606,"date":"2026-08-25T00:51:14","date_gmt":"2026-08-25T00:51:14","guid":{"rendered":"https:\/\/www.europesays.com\/de\/1258606\/"},"modified":"2026-08-25T00:51:14","modified_gmt":"2026-08-25T00:51:14","slug":"augsburg-schalke-04-im-tv-und-livestream-bundesliga-start-hier-live","status":"publish","type":"post","link":"https:\/\/www.europesays.com\/de\/1258606\/","title":{"rendered":"Augsburg &#8211; Schalke 04 im TV und Livestream: Bundesliga-Start hier live"},"content":{"rendered":"\n<p class=\"wp-block-paragraph\">\u00dcber 190.000 Mitglieder, Fans auf der ganzen Welt und eine unvergleichliche Stimmung in der Arena \u2013 der FC Schalke 04 ist einer der gr\u00f6\u00dften Vereine in Deutschland und zur\u00fcck in der Bundesliga. F\u00fcr viele ist es deshalb interessant, wann Spiele des FC Schalke 04 im TV und Livestream gezeigt werden.<\/p>\n<p class=\"wp-block-paragraph\">Du bist Fan und willst die Spiele des FC Schalke 04 im TV und Livestream verfolgen? Wir sagen dir, wo du 2026\/27 jedes Spiel deiner Lieblingsmannschaft siehst.<\/p>\n<p class=\"wp-block-paragraph\">Drei Jahre spielte der <a href=\"https:\/\/www.derwesten.de\/sport\/fussball\/s04\" rel=\"nofollow noopener\" target=\"_blank\">FC Schalke 04<\/a> in 2. Bundesliga, jetzt ist der schlafende Riese zur\u00fcck im Oberhaus. F\u00fcr die Schalke-Fans bringt das eine andere Lage bei den TV-Rechten \u2013 und macht es deutlich komplizierter, die Spiele des S04 live zu schauen.<\/p>\n<p class=\"wp-block-paragraph\"><strong>Die n\u00e4chsten Spiele von Schalke 04 im TV und Livestream<\/strong><\/p>\n<ul class=\"wp-block-list\">\n<li><strong>Sonntag, 30. August, 17.30 Uhr:<\/strong> FC Augsburg \u2013 FC Schalke 04 (Bundesliga), DAZN<\/li>\n<li><strong>Samstag, 5. September, 18.30 Uhr:<\/strong> FC Schalke 04 \u2013 Bayern M\u00fcnchen (Bundesliga), Sky<\/li>\n<li><strong>Freitag, 11. September, 20.30 Uhr:<\/strong> Union Berlin \u2013 FC Schalke 04 (Bundesliga), Sky<\/li>\n<li><strong>Sonntag, 20. September, 17.30 Uhr:<\/strong> FC Schalke 04 \u2013 SV Elversberg (Bundesliga), DAZN<\/li>\n<\/ul>\n<p class=\"wp-block-paragraph\">Die TV-Rechte in der Bundesliga h\u00e4lt neben <a href=\"https:\/\/www.derwesten.de\/themen\/sky\" rel=\"nofollow noopener\" target=\"_blank\">Sky<\/a> auch <a href=\"https:\/\/www.derwesten.de\/themen\/dazn\" rel=\"nofollow noopener\" target=\"_blank\">DAZN<\/a>. Die Pay-TV-Sender zeigen alle Erstliga-Heimspiele aus der <a href=\"https:\/\/www.derwesten.de\/themen\/veltins-arena\" rel=\"nofollow noopener\" target=\"_blank\">Veltins-Arena<\/a> und Ausw\u00e4rtsspiele des FC Schalke 04 im Einzelspiel und in der Konferenz im TV oder im Stream. <\/p>\n<p class=\"has-secondary-background-color has-background wp-block-paragraph\"><strong>Sky zum Sparpreis! <\/strong>Du willst alle Freitags- und Samstagsspiele der Bundesliga und alle Spiele der 2. Bundesliga live im TV verfolgen? Sparen und sofort losschauen! <a data-type=\"link\" data-id=\"https:\/\/clk.tradedoubler.com\/click?p=297463&amp;a=3197043&amp;epi=derwesten_coco_none&amp;url=https%3A%2F%2Fwww.sky.de%2Fangebote\" href=\"https:\/\/clk.tradedoubler.com\/click?p=297463&amp;a=3197043&amp;epi=derwesten_coco_none&amp;url=https%3A%2F%2Fwww.sky.de%2Fangebote\" target=\"_blank\" rel=\"noreferrer noopener nofollow\">Hier geht\u2019s zum Angebot von Sky!<\/a>\ud83d\uded2<\/p>\n<p> Sky und DAZN teilen sich Bundesliga-Liverechte <\/p>\n<p class=\"wp-block-paragraph\">Sky h\u00e4lt die Live-Rechte f\u00fcr den Freitag (Ansto\u00dfzeit 20.30 Uhr), die Einzelspiele am Samstagnachmittag (15.30 Uhr) und Samstagabend (18.30 Uhr). Gezeigt werden die Partien linear sowie bei Sky Go, SkySport.de und WOW. Dort laufen auch die beiden Bundesliga-Relegationsspiele im Mai.<\/p>\n<p>   Display content from TikTok   <\/p>\n<p class=\"fd-embed-privacy-content-line1\">An dieser Stelle befindet sich ein externer Inhalt von TikTok der von unserer Redaktion empfohlen wird. Er erg\u00e4nzt den Artikel und kann mit einem Klick angezeigt und wieder ausgeblendet werden.<\/p>\n<p class=\"fd-embed-privacy-content-line2\">Ich bin damit einverstanden, dass mir dieser externe Inhalt angezeigt wird. Es k\u00f6nnen dabei personenbezogene Daten an den Anbieter des Inhalts und Drittdienste \u00fcbermittelt werden.<\/p>\n<p class=\"wp-block-paragraph\">DAZN h\u00e4lt alle Sonntags-Rechte. Die Spiele, die um 15.30 Uhr, 17.30 Uhr und 19.30 Uhr angepfiffen werden, laufen exklusiv beim Streamingdienst. Zudem kann man dort die Samstagskonferenz (15.30 Uhr) schauen. <\/p>\n<p> FC Schalke 04 im Free-TV <\/p>\n<p class=\"wp-block-paragraph\">Durch die Fusion mit Sky zeigt auch <a href=\"https:\/\/www.derwesten.de\/themen\/rtl\" rel=\"nofollow noopener\" target=\"_blank\">RTL<\/a> ab 2026\/27 ausgew\u00e4hlte Bundesliga-Partien live. Welche Spiele das sind, wird vorab angek\u00fcndigt. Dar\u00fcber hinaus sind ab sofort auch alle DFB-Pokalspiele bei RTL+ live zu sehen.<\/p>\n<p class=\"has-secondary-background-color has-background wp-block-paragraph\"><strong>Spitzenfu\u00dfball im Sonderangebot!<\/strong> Du willst nicht nur die Bundesliga am Samstag und Sonntag schauen, sondern auch die Champions League? <a href=\"https:\/\/www.awin1.com\/cread.phhttps:\/\/www.awin1.com\/cread.php?awinmid=126241&amp;awinaffid=696167&amp;clickref=derwesten_coco_none&amp;ued=https%3A%2F%2Fwww.dazn.com%2Fde-DE%2Fwelcome\" id=\"https:\/\/www.awin1.com\/cread.phhttps:\/\/www.awin1.com\/cread.php?awinmid=126241&amp;awinaffid=696167&amp;clickref=derwesten_coco_none&amp;ued=https%3A%2F%2Fwww.dazn.com%2Fde-DE%2Fwelcome\" target=\"_blank\" rel=\"noreferrer noopener nofollow\">Mit diesem Angebot sparst du jetzt beim DAZN-Abo!<\/a>\ud83d\uded2<\/p>\n<p class=\"wp-block-paragraph\">Bei Sky, DAZN und RTL+ gibt es die M\u00f6glichkeit, Clips und Highlights der Partien auf Abruf im Internet zu sehen. Das allerdings nur f\u00fcr Abonnenten. Im linearen Fernsehen und auch auf Abruf gibt es die Highlights etwas sp\u00e4ter kostenlos bei ARD (Sportschau, Samstag 18.30 Uhr), ZDF (Sportstudio, Samstagabend) und Sport1 (Bundesliga Pur, Sonntagvormittag). <\/p>\n<p class=\"wp-block-paragraph\">Weitere interessante Livestream-Infos:<\/p>\n<p> Schalke-Testspiele im Livestream bei YouTube und Sky\/DAZN <\/p>\n<p class=\"wp-block-paragraph\">Die Testspiele des FC Schalke 04 werden in der Regel auf dem YouTube-Kanal des Vereins im Livestream \u00fcbertragen. Hin und wieder zeigt aber auch Sky Sport News oder DAZN die Testspiele der K\u00f6nigsblauen.<\/p>\n<p class=\"wp-block-paragraph\">Nun wei\u00dft du alles \u00fcber die \u00dcbertragungen der Begegnungen von S04. Wir halten dich aber auch \u00fcber die aktuellen <a href=\"https:\/\/www.derwesten.de\/300543415\" rel=\"nofollow noopener\" target=\"_blank\">News und Transferger\u00fcchte von Schalke auf dem Laufenden &gt;&gt;&gt;<\/a><\/p>\n","protected":false},"excerpt":{"rendered":"\u00dcber 190.000 Mitglieder, Fans auf der ganzen Welt und eine unvergleichliche Stimmung in der Arena \u2013 der FC&hellip;\n","protected":false},"author":2,"featured_media":1258607,"comment_status":"","ping_status":"","sticky":false,"template":"","format":"standard","meta":{"footnotes":"","_share_on_mastodon":"0"},"categories":[1846],"tags":[680,772,1931,3364,29,548,663,3934,30,13,14,15,12,4222],"class_list":["post-1258606","post","type-post","status-publish","format-standard","has-post-thumbnail","category-augsburg","tag-augsburg","tag-bayern","tag-dazn","tag-de","tag-deutschland","tag-eu","tag-europa","tag-europe","tag-germany","tag-headlines","tag-nachrichten","tag-news","tag-schlagzeilen","tag-sky"],"share_on_mastodon":{"url":"https:\/\/pubeurope.com\/@de\/117153410974428770","error":""},"_links":{"self":[{"href":"https:\/\/www.europesays.com\/de\/wp-json\/wp\/v2\/posts\/1258606","targetHints":{"allow":["GET"]}}],"collection":[{"href":"https:\/\/www.europesays.com\/de\/wp-json\/wp\/v2\/posts"}],"about":[{"href":"https:\/\/www.europesays.com\/de\/wp-json\/wp\/v2\/types\/post"}],"author":[{"embeddable":true,"href":"https:\/\/www.europesays.com\/de\/wp-json\/wp\/v2\/users\/2"}],"replies":[{"embeddable":true,"href":"https:\/\/www.europesays.com\/de\/wp-json\/wp\/v2\/comments?post=1258606"}],"version-history":[{"count":0,"href":"https:\/\/www.europesays.com\/de\/wp-json\/wp\/v2\/posts\/1258606\/revisions"}],"wp:featuredmedia":[{"embeddable":true,"href":"https:\/\/www.europesays.com\/de\/wp-json\/wp\/v2\/media\/1258607"}],"wp:attachment":[{"href":"https:\/\/www.europesays.com\/de\/wp-json\/wp\/v2\/media?parent=1258606"}],"wp:term":[{"taxonomy":"category","embeddable":true,"href":"https:\/\/www.europesays.com\/de\/wp-json\/wp\/v2\/categories?post=1258606"},{"taxonomy":"post_tag","embeddable":true,"href":"https:\/\/www.europesays.com\/de\/wp-json\/wp\/v2\/tags?post=1258606"}],"curies":[{"name":"wp","href":"https:\/\/api.w.org\/{rel}","templated":true}]}}