{"id":1258618,"date":"2026-08-25T00:59:25","date_gmt":"2026-08-25T00:59:25","guid":{"rendered":"https:\/\/www.europesays.com\/de\/1258618\/"},"modified":"2026-08-25T00:59:25","modified_gmt":"2026-08-25T00:59:25","slug":"ausgerastet-aggressive-bielefelderin-schlaegt-polizisten-eine-harke-ueber-den-kopf","status":"publish","type":"post","link":"https:\/\/www.europesays.com\/de\/1258618\/","title":{"rendered":"Ausgerastet: Aggressive Bielefelderin schl\u00e4gt Polizisten eine Harke \u00fcber den Kopf"},"content":{"rendered":"<p id=\"absatz1\" class=\"em_text\">Bielefeld-Senne. Eine offensichtlich unter Drogen stehende Bielefelderin (37) hat sich am Samstagmorgen, 22. August, schwer daneben benommen. Bei einer Polizeikontrolle ging sie fluchend, spuckend und tretend auf Beamte los. Am Ende verletzte sie einen Polizeibeamten mit einer Gartenharke leicht.<\/p>\n<p id=\"absatz2\" class=\"em_text\">Wie die Polizei mitteilte, wollten Streifenbeamte gegen 7.15 Uhr am Morgen eine Autofahrerin an der Wilhelmsdorfer Stra\u00dfe kontrollieren. Die 37-J\u00e4hrige fuhr ihr Auto in Richtung Verler Stra\u00dfe, als Polizisten sie zwischen Buschkampstra\u00dfe und Eisterfeldweg stoppten. Weil die Fahrerin alkohol- und drogentypische Ausfallerscheinungen zeigte, war an eine Weiterfahrt nicht mehr zu denken.<\/p>\n<p id=\"absatz3\" class=\"em_text\">Das gefiel der polizeibekannten Frau offenbar gar nicht. Sie reagierte sehr aggressiv, wehrte sich gegen die Kontrolle \u201edurchgehend massiv\u201c, hei\u00dft es im Polizeibericht. Schlie\u00dflich versuchte sie, die Beamten sogar zu treten und anzuspucken.<\/p>\n<p id=\"absatz4\"><b class=\"bold\">Lesen Sie auch<\/b>: <a href=\"https:\/\/www.nw.de\/lokal\/bielefeld\/mitte\/24402665_Fans-von-Arminia-Bielefeld-nach-Pokal-Pleite-auch-noch-ausgeraubt.html\" rel=\"nofollow noopener\" target=\"_blank\">Fans von Arminia Bielefeld nach Pokal-Pleite auch noch ausgeraubt<\/a><\/p>\n<p>Beim Gerangel am Boden schl\u00e4gt Bielefelderin mit Harke zu<\/p>\n<p id=\"absatz5\" class=\"em_text\">Als die Beamten die wehrhafte Frau deshalb zu Boden brachten, griff sie sich eine Harke, die offenbar dort lag, und schlug damit zu. Sie erwischte damit einen Polizisten am Kopf, der dabei leicht verletzt wurde. Der Beamte war anschlie\u00dfend nicht mehr dienstf\u00e4hig.<\/p>\n<p id=\"absatz6\"><b class=\"bold\">Pl\u00f6tzlich Puff:<\/b> <a href=\"https:\/\/www.nw.de\/lokal\/bielefeld\/mitte\/24401624_Ploetzlich-Puff-Bielefelder-Mieter-wehren-sich-gegen-ungebetene-Gaeste-im-Haus.html\" rel=\"nofollow noopener\" target=\"_blank\">Bielefelder Mieter wehren sich gegen ungebetene G\u00e4ste im Haus<\/a><\/p>\n<p id=\"absatz7\" class=\"em_text\">Die 37-J\u00e4hrige, die aktuell nicht im Besitz einer Fahrerlaubnis ist, musste per Gefangenenwagen in ein Krankenhaus gefahren werden, um dort eine Blutprobe abzugeben. Anschlie\u00dfend landete sie in einer Polizeizelle, wo sie auf richterliche Anordnung \u201ezur Verhinderung weiterer Straftaten\u201c bis 16 Uhr bleiben musste, wie es im Polizeibericht hei\u00dft.<\/p>\n<p>Die 37-J\u00e4hrige muss sich wegen vier Straftatbest\u00e4nden verantworten<\/p>\n<p id=\"absatz8\" class=\"em_text\">Die Deutsche muss sich nun f\u00fcr das Fahren ohne Fahrerlaubnis, f\u00fcr die Alkohol- und Drogenfahrt, f\u00fcr Widerstand und den t\u00e4tlichen Angriff auf den Polizisten verantworten. <\/p>\n","protected":false},"excerpt":{"rendered":"Bielefeld-Senne. Eine offensichtlich unter Drogen stehende Bielefelderin (37) hat sich am Samstagmorgen, 22. August, schwer daneben benommen. Bei&hellip;\n","protected":false},"author":2,"featured_media":1258619,"comment_status":"","ping_status":"","sticky":false,"template":"","format":"standard","meta":{"footnotes":"","_share_on_mastodon":"0"},"categories":[1841],"tags":[513,1605,102404,3364,29,433,260252,30,682,16392,1611,1606,1608,198079,736,164252,16384,1613,1209,121,16722,16721,10192,3724,200886,260253,255456],"class_list":["post-1258618","post","type-post","status-publish","format-standard","has-post-thumbnail","category-bielefeld","tag-auto","tag-bielefeld","tag-cnt_top-artikel","tag-de","tag-deutschland","tag-drogen","tag-eisterfeldweg","tag-germany","tag-koerperverletzung","tag-label_blaulicht","tag-label_informiere-mich","tag-label_m-80","tag-label_top-news","tag-meta_artikelklasse_seo","tag-meta_copyrights_nw","tag-meta_eo_zusammenfassung","tag-meta_themen_blaulicht_sicherheit","tag-meta_userneeds_informieremich","tag-nordrhein-westfalen","tag-polizei","tag-polizei-bielefeld","tag-polizeibericht-bielefeld","tag-polizeikontrolle","tag-verl","tag-widerstand-gegen-die-staatsgewalt","tag-widerstand-gegen-polizisten","tag-wilhelmsdorfer-strasse"],"share_on_mastodon":{"url":"","error":"Validation failed: Text character limit of 500 exceeded"},"_links":{"self":[{"href":"https:\/\/www.europesays.com\/de\/wp-json\/wp\/v2\/posts\/1258618","targetHints":{"allow":["GET"]}}],"collection":[{"href":"https:\/\/www.europesays.com\/de\/wp-json\/wp\/v2\/posts"}],"about":[{"href":"https:\/\/www.europesays.com\/de\/wp-json\/wp\/v2\/types\/post"}],"author":[{"embeddable":true,"href":"https:\/\/www.europesays.com\/de\/wp-json\/wp\/v2\/users\/2"}],"replies":[{"embeddable":true,"href":"https:\/\/www.europesays.com\/de\/wp-json\/wp\/v2\/comments?post=1258618"}],"version-history":[{"count":0,"href":"https:\/\/www.europesays.com\/de\/wp-json\/wp\/v2\/posts\/1258618\/revisions"}],"wp:featuredmedia":[{"embeddable":true,"href":"https:\/\/www.europesays.com\/de\/wp-json\/wp\/v2\/media\/1258619"}],"wp:attachment":[{"href":"https:\/\/www.europesays.com\/de\/wp-json\/wp\/v2\/media?parent=1258618"}],"wp:term":[{"taxonomy":"category","embeddable":true,"href":"https:\/\/www.europesays.com\/de\/wp-json\/wp\/v2\/categories?post=1258618"},{"taxonomy":"post_tag","embeddable":true,"href":"https:\/\/www.europesays.com\/de\/wp-json\/wp\/v2\/tags?post=1258618"}],"curies":[{"name":"wp","href":"https:\/\/api.w.org\/{rel}","templated":true}]}}