{"id":1258640,"date":"2026-08-25T01:16:27","date_gmt":"2026-08-25T01:16:27","guid":{"rendered":"https:\/\/www.europesays.com\/de\/1258640\/"},"modified":"2026-08-25T01:16:27","modified_gmt":"2026-08-25T01:16:27","slug":"europa-park-gewinnspiel-wochenende-mit-sc-freiburg-spiel-gewinnen-sonstiges","status":"publish","type":"post","link":"https:\/\/www.europesays.com\/de\/1258640\/","title":{"rendered":"Europa-Park-Gewinnspiel: Wochenende mit SC-Freiburg-Spiel gewinnen | Sonstiges"},"content":{"rendered":"<p>Ein Wochenende lang Fu\u00dfball, Freizeitpark und Wasserwelt: Mit BILDplus haben Sie die Chance auf 2 \u00dcbernachtungen f\u00fcr 4 Personen im 4-Sterne-Hotel des Europa-Park, inklusive Fr\u00fchst\u00fcck, Tickets f\u00fcr den Europa-Park und die Wasserwelt Rulantica. Dazu gibt es Karten f\u00fcr SC Freiburg \u2013 Borussia M\u00f6nchengladbach im Europa-Park Stadion am 12. September 2026.<br \/>\nErfahren Sie, was genau im Gewinn enthalten ist, welche Bedingungen gelten und wie Sie teilnehmen k\u00f6nnen. Jetzt BILDplus sichern und beim gro\u00dfen Europa-Park-Gewinnspiel dabei sein!<\/p>\n","protected":false},"excerpt":{"rendered":"Ein Wochenende lang Fu\u00dfball, Freizeitpark und Wasserwelt: Mit BILDplus haben Sie die Chance auf 2 \u00dcbernachtungen f\u00fcr 4&hellip;\n","protected":false},"author":2,"featured_media":1258641,"comment_status":"","ping_status":"","sticky":false,"template":"","format":"standard","meta":{"footnotes":"","_share_on_mastodon":"0"},"categories":[3933],"tags":[331,332,815,548,663,16062,158,3934,3935,7759,174848,13,14,15,298,12],"class_list":["post-1258640","post","type-post","status-publish","format-standard","has-post-thumbnail","category-eu","tag-aktuelle-nachrichten","tag-aktuelle-news","tag-borussia-moenchengladbach","tag-eu","tag-europa","tag-europa-park","tag-europaeische-union","tag-europe","tag-european-union","tag-freizeitparks","tag-gewinnspiele-vorteilswelt","tag-headlines","tag-nachrichten","tag-news","tag-sc-freiburg","tag-schlagzeilen"],"share_on_mastodon":{"url":"https:\/\/pubeurope.com\/@de\/117153509577889923","error":""},"_links":{"self":[{"href":"https:\/\/www.europesays.com\/de\/wp-json\/wp\/v2\/posts\/1258640","targetHints":{"allow":["GET"]}}],"collection":[{"href":"https:\/\/www.europesays.com\/de\/wp-json\/wp\/v2\/posts"}],"about":[{"href":"https:\/\/www.europesays.com\/de\/wp-json\/wp\/v2\/types\/post"}],"author":[{"embeddable":true,"href":"https:\/\/www.europesays.com\/de\/wp-json\/wp\/v2\/users\/2"}],"replies":[{"embeddable":true,"href":"https:\/\/www.europesays.com\/de\/wp-json\/wp\/v2\/comments?post=1258640"}],"version-history":[{"count":0,"href":"https:\/\/www.europesays.com\/de\/wp-json\/wp\/v2\/posts\/1258640\/revisions"}],"wp:featuredmedia":[{"embeddable":true,"href":"https:\/\/www.europesays.com\/de\/wp-json\/wp\/v2\/media\/1258641"}],"wp:attachment":[{"href":"https:\/\/www.europesays.com\/de\/wp-json\/wp\/v2\/media?parent=1258640"}],"wp:term":[{"taxonomy":"category","embeddable":true,"href":"https:\/\/www.europesays.com\/de\/wp-json\/wp\/v2\/categories?post=1258640"},{"taxonomy":"post_tag","embeddable":true,"href":"https:\/\/www.europesays.com\/de\/wp-json\/wp\/v2\/tags?post=1258640"}],"curies":[{"name":"wp","href":"https:\/\/api.w.org\/{rel}","templated":true}]}}