{"id":125868,"date":"2025-05-20T16:33:10","date_gmt":"2025-05-20T16:33:10","guid":{"rendered":"https:\/\/www.europesays.com\/de\/125868\/"},"modified":"2025-05-20T16:33:10","modified_gmt":"2025-05-20T16:33:10","slug":"extremismus-verfassungsschutz-verzeichnet-anwachsen-der-islamisten-szene-in-berlin","status":"publish","type":"post","link":"https:\/\/www.europesays.com\/de\/125868\/","title":{"rendered":"Extremismus: Verfassungsschutz verzeichnet Anwachsen der Islamisten-Szene in Berlin"},"content":{"rendered":"<p class=\"is-first-paragraph\" data-external=\"Article.FirstParagraph\">Die islamistische Szene in Berlin ist im vergangenen Jahr laut Verfassungsschutz weiter auf 2440 Personen gewachsen. Der Anstieg um 60 Personen sei vor allem auf ein gr\u00f6\u00dferes Unterst\u00fctzerumfeld der terroristischen Hamas zur\u00fcckzuf\u00fchren, hei\u00dft es in dem am Dienstag ver\u00f6ffentlichten Berliner Verfassungsschutzbericht. Das belaufe sich in der Hauptstadt aktuell auf etwa 200 Menschen.<\/p>\n<p>Etwa 1100 Personen sind laut Verfassungsschutz der salafistischen Szene zuzurechnen. Von denen seien etwa 350 als gewaltorientiert einzustufen. Als Radikalisierungstreiber fungiere im islamistischen Spektrum insbesondere die \u00fcber soziale Netzwerke verbreitete Propaganda, die sich gezielt immer st\u00e4rker an Jugendliche und auch Kinder richte.<\/p>\n<p>Beim sogenannten auslandsbezogenen Extremismus sch\u00e4tzen die Sicherheitsbeh\u00f6rden das Personenpotenzial in Berlin auf etwa 1680. Ein Gro\u00dfteil von 1100 Personen sei der kurdischen PKK zuzurechnen. Ferner pr\u00e4gten vor allem israelfeindliche und antisemitische Akteure die Szene des auslandsbezogenen Extremismus. Dazu geh\u00f6rten Anh\u00e4nger der Volksfront zur Befreiung Pal\u00e4stinas (PFLP), t\u00fcrkischst\u00e4mmige Rechtsextremisten und die israelfeindliche Boykottbewegung BDS.<\/p>\n","protected":false},"excerpt":{"rendered":"Die islamistische Szene in Berlin ist im vergangenen Jahr laut Verfassungsschutz weiter auf 2440 Personen gewachsen. Der Anstieg&hellip;\n","protected":false},"author":2,"featured_media":125869,"comment_status":"","ping_status":"","sticky":false,"template":"","format":"standard","meta":{"footnotes":""},"categories":[2],"tags":[296,29,30,13,556,14,15,110,12,45,10,8,9,11,37225],"class_list":{"0":"post-125868","1":"post","2":"type-post","3":"status-publish","4":"format-standard","5":"has-post-thumbnail","7":"category-deutschland","8":"tag-berlin","9":"tag-deutschland","10":"tag-germany","11":"tag-headlines","12":"tag-islamismus","13":"tag-nachrichten","14":"tag-news","15":"tag-newsteam","16":"tag-schlagzeilen","17":"tag-texttospeech","18":"tag-top-news","19":"tag-top-meldungen","20":"tag-topmeldungen","21":"tag-topnews","22":"tag-verfassungsschutzberichte"},"share_on_mastodon":{"url":"https:\/\/pubeurope.com\/@de\/114541127521928803","error":""},"_links":{"self":[{"href":"https:\/\/www.europesays.com\/de\/wp-json\/wp\/v2\/posts\/125868","targetHints":{"allow":["GET"]}}],"collection":[{"href":"https:\/\/www.europesays.com\/de\/wp-json\/wp\/v2\/posts"}],"about":[{"href":"https:\/\/www.europesays.com\/de\/wp-json\/wp\/v2\/types\/post"}],"author":[{"embeddable":true,"href":"https:\/\/www.europesays.com\/de\/wp-json\/wp\/v2\/users\/2"}],"replies":[{"embeddable":true,"href":"https:\/\/www.europesays.com\/de\/wp-json\/wp\/v2\/comments?post=125868"}],"version-history":[{"count":0,"href":"https:\/\/www.europesays.com\/de\/wp-json\/wp\/v2\/posts\/125868\/revisions"}],"wp:featuredmedia":[{"embeddable":true,"href":"https:\/\/www.europesays.com\/de\/wp-json\/wp\/v2\/media\/125869"}],"wp:attachment":[{"href":"https:\/\/www.europesays.com\/de\/wp-json\/wp\/v2\/media?parent=125868"}],"wp:term":[{"taxonomy":"category","embeddable":true,"href":"https:\/\/www.europesays.com\/de\/wp-json\/wp\/v2\/categories?post=125868"},{"taxonomy":"post_tag","embeddable":true,"href":"https:\/\/www.europesays.com\/de\/wp-json\/wp\/v2\/tags?post=125868"}],"curies":[{"name":"wp","href":"https:\/\/api.w.org\/{rel}","templated":true}]}}