{"id":1258727,"date":"2026-08-25T02:16:17","date_gmt":"2026-08-25T02:16:17","guid":{"rendered":"https:\/\/www.europesays.com\/de\/1258727\/"},"modified":"2026-08-25T02:16:17","modified_gmt":"2026-08-25T02:16:17","slug":"amira-aly-ist-schwanger-und-verraet-jetzt-das-geschlecht-des-babys-freuen-uns-riesig-unterhaltung","status":"publish","type":"post","link":"https:\/\/www.europesays.com\/de\/1258727\/","title":{"rendered":"Amira Aly ist schwanger und verr\u00e4t jetzt das Geschlecht des Babys! \u201eFreuen uns riesig\u201c | Unterhaltung"},"content":{"rendered":"<p><b>Auf Instagram versorgt Moderatorin Amira Aly (33) ihre Follower regelm\u00e4\u00dfig mit Einblicken in ihre Schwangerschaft. Ob beim Sport, am Pool oder beim Backen\u00a0\u2013 ihren wachsenden Babybauch zeigt sie dabei immer wieder.<\/b><\/p>\n<p>Doch ihr gr\u00f6\u00dftes Schwangerschaftsgeheimnis behielt sie bisher f\u00fcr sich: Erwartet sie einen Jungen oder ein M\u00e4dchen?<\/p>\n<p><b>Lesen Sie exklusiv mit BILDplus, welches Geschlecht Amiras Baby hat und was Amira dazu sagt.<\/b><\/p>\n","protected":false},"excerpt":{"rendered":"Auf Instagram versorgt Moderatorin Amira Aly (33) ihre Follower regelm\u00e4\u00dfig mit Einblicken in ihre Schwangerschaft. Ob beim Sport,&hellip;\n","protected":false},"author":2,"featured_media":1258728,"comment_status":"","ping_status":"","sticky":false,"template":"","format":"standard","meta":{"footnotes":"","_share_on_mastodon":"0"},"categories":[155],"tags":[13823,29,214,30,152,13824,13821,834,138370,215],"class_list":["post-1258727","post","type-post","status-publish","format-standard","has-post-thumbnail","category-unterhaltung","tag-aly-amira","tag-deutschland","tag-entertainment","tag-germany","tag-instagram","tag-pocher-amira","tag-pocher-oliver","tag-schwangerschaft","tag-team-first","tag-unterhaltung"],"share_on_mastodon":{"url":"https:\/\/pubeurope.com\/@de\/117153745401577795","error":""},"_links":{"self":[{"href":"https:\/\/www.europesays.com\/de\/wp-json\/wp\/v2\/posts\/1258727","targetHints":{"allow":["GET"]}}],"collection":[{"href":"https:\/\/www.europesays.com\/de\/wp-json\/wp\/v2\/posts"}],"about":[{"href":"https:\/\/www.europesays.com\/de\/wp-json\/wp\/v2\/types\/post"}],"author":[{"embeddable":true,"href":"https:\/\/www.europesays.com\/de\/wp-json\/wp\/v2\/users\/2"}],"replies":[{"embeddable":true,"href":"https:\/\/www.europesays.com\/de\/wp-json\/wp\/v2\/comments?post=1258727"}],"version-history":[{"count":0,"href":"https:\/\/www.europesays.com\/de\/wp-json\/wp\/v2\/posts\/1258727\/revisions"}],"wp:featuredmedia":[{"embeddable":true,"href":"https:\/\/www.europesays.com\/de\/wp-json\/wp\/v2\/media\/1258728"}],"wp:attachment":[{"href":"https:\/\/www.europesays.com\/de\/wp-json\/wp\/v2\/media?parent=1258727"}],"wp:term":[{"taxonomy":"category","embeddable":true,"href":"https:\/\/www.europesays.com\/de\/wp-json\/wp\/v2\/categories?post=1258727"},{"taxonomy":"post_tag","embeddable":true,"href":"https:\/\/www.europesays.com\/de\/wp-json\/wp\/v2\/tags?post=1258727"}],"curies":[{"name":"wp","href":"https:\/\/api.w.org\/{rel}","templated":true}]}}