{"id":1258776,"date":"2026-08-25T02:50:21","date_gmt":"2026-08-25T02:50:21","guid":{"rendered":"https:\/\/www.europesays.com\/de\/1258776\/"},"modified":"2026-08-25T02:50:21","modified_gmt":"2026-08-25T02:50:21","slug":"lockerbie-prozess-in-den-usa-wird-verschoben-news","status":"publish","type":"post","link":"https:\/\/www.europesays.com\/de\/1258776\/","title":{"rendered":"Lockerbie: Prozess in den USA wird verschoben | News"},"content":{"rendered":"<p><a class=\"skip-content skip-content--link\" href=\"#in-content-skip-link-target-v-0-0\">TTS-Player \u00fcberspringen\u21b5<\/a><a id=\"in-content-skip-link-target-v-0-0\" class=\"skip-content--target-link-hidden skip-content skip-content--target-link\" href=\"#in-content-skip-link-target-v-0-0\">Artikel weiterlesen<\/a><\/p>\n<p>Washington (USA) \u2013 <b>Der Prozess um den Bombenanschlag auf den Pan-Am-Flug 103 im Jahr 1988 ist kurzfristig verschoben worden. Eine US-Richterin setzte die f\u00fcr Mittwoch geplante Geschworenen-Auswahl aus, nachdem die Verteidigung neue Beweise zur Pr\u00fcfung erhalten hatte. Bei dem Flugzeugabsturz \u00fcber dem schottischen Lockerbie am 21. Dezember 1988 starben 270 Menschen. <\/b><\/p>\n<p>Der <a href=\"https:\/\/www.bild.de\/themen\/ereignisse\/prozess\/news-fotos-videos-17024714.bild.html\" class=\"text-link\" rel=\"nofollow noopener\" target=\"_blank\">Prozess<\/a> gegen den mutma\u00dflichen Bombenbauer Abu Agila Mohammad Masud Kheir Al-Marimi ist der erste in den <a href=\"https:\/\/www.bild.de\/news\/ausland\/usa\/thema-usa-alle-infos-80032950.bild.html\" class=\"text-link\" rel=\"nofollow noopener\" target=\"_blank\">USA<\/a> wegen des Terroranschlags. Der ehemalige libysche Geheimdienst-Mitarbeiter wird beschuldigt, die Bombe hergestellt zu haben, die das Flugzeug zum Absturz brachte. Die meisten der Get\u00f6teten waren Amerikaner. Richterin Dabney Friedrich machte keine Angaben zur Art der neu entdeckten Beweise. <\/p>\n<p>Angeh\u00f6rige reagieren mit gemischten Gef\u00fchlen<\/p>\n<p>Kara Weipz ist die Vorstandsvorsitzende der gemeinn\u00fctzigen Opfer-Organisation \u201eVictims of Pan Am Flight 103\u201c. Sie sagte, ihre Organisation habe keine Einzelheiten \u00fcber die neuen Beweise erhalten. Weipz\u2019 Bruder Richard Monetti wurde bei dem Absturz get\u00f6tet.<\/p>\n<p><img decoding=\"async\" width=\"992\" height=\"558\" alt=\"Abu Agila Mohammad Masud Kheir Al-Marimi droht eine lebenslange Haftstrafe\" loading=\"lazy\" src=\"https:\/\/www.europesays.com\/de\/wp-content\/uploads\/2026\/08\/337edbef12047d67e83513ac267134ad,18814542.jpeg\"   class=\"landscape\"\/><\/p>\n<p class=\"fig__caption__text\">Abu Agila Mohammad Masud Kheir Al-Marimi droht eine lebenslange Haftstrafe<\/p>\n<p>Foto: ALEXANDRIA SHERIFF&#8217;S OFFICE\/REUTERS<\/p>\n<p>Sie bezeichnete die Verschiebung als Schock und wies darauf hin, dass einige Angeh\u00f6rige bereits ihre Koffer f\u00fcr die Reise zum Prozess gepackt h\u00e4tten. \u201eGleichzeitig suchen wir seit fast 38 Jahren nach der Wahrheit dar\u00fcber, was passiert ist\u201c, sagte Weipz. \u201eWenn das der Grund daf\u00fcr ist, dann ist das eine gute Sache, und diese Verz\u00f6gerung ist es wert. &#8230; Es ist wichtig, alle Fakten zu h\u00f6ren.\u201c<\/p>\n<p>Menschen sterben bei Absturz und am Boden<\/p>\n<p>Pan-Am-Flug 103 befand sich mehr als neun Kilometer \u00fcber Lockerbie, als 38 Minuten nach dem Start von London eine Bombe explodierte. Das Flugzeug war auf dem Weg nach New York. Bei der Explosion kamen alle 259 Insassen sowie elf Menschen am Boden ums Leben. Die Tr\u00fcmmer zerst\u00f6rten dort einen gesamten H\u00e4userblock. <\/p>\n<p><img decoding=\"async\" width=\"992\" height=\"558\" alt=\"Tr\u00fcmmerteile zerst\u00f6rten am Boden der schottischen Stadt Lockerbie einen ganzen H\u00e4userblock\" loading=\"lazy\" src=\"https:\/\/www.europesays.com\/de\/wp-content\/uploads\/2026\/08\/70ccfb7ff4f0fdb9d85282d255a25180,8d70b3d3.jpeg\"   class=\"landscape\"\/><\/p>\n<p class=\"fig__caption__text\">Tr\u00fcmmerteile zerst\u00f6rten am Boden der schottischen Stadt Lockerbie einen ganzen H\u00e4userblock<\/p>\n<p>Foto: AFP\/Getty Images<\/p>\n<p>Die Staatsanwaltschaft wirft Marimi und anderen vor, den Anschlag auf Anweisung des libyschen Staatschefs Muammar al-Gaddafi ver\u00fcbt zu haben. Gaddafi wurde w\u00e4hrend des libyschen B\u00fcrgerkriegs 2011 gest\u00fcrzt und get\u00f6tet. Nach Angaben der Staatsanwaltschaft arbeitete <a href=\"https:\/\/www.bild.de\/news\/ausland\/news-ausland\/us-behoerden-sicher-das-ist-der-lockerbie-bomber-82219638.bild.html\" class=\"text-link\" rel=\"nofollow noopener\" target=\"_blank\">Marimi<\/a> von etwa 1973 bis 2011 f\u00fcr den libyschen Geheimdienst und stieg dort bis zum Rang eines Obersts auf. Er soll die Bombe auf den Weg gebracht haben. Marimi ist heute Mitte 70 und wegen der Zerst\u00f6rung eines Luftfahrzeugs mit Todesfolge angeklagt. Im Falle einer Verurteilung droht ihm eine lebenslange Freiheitsstrafe. (AP\/ias)<\/p>\n","protected":false},"excerpt":{"rendered":"TTS-Player \u00fcberspringen\u21b5Artikel weiterlesen Washington (USA) \u2013 Der Prozess um den Bombenanschlag auf den Pan-Am-Flug 103 im Jahr 1988&hellip;\n","protected":false},"author":2,"featured_media":1258777,"comment_status":"","ping_status":"","sticky":false,"template":"","format":"standard","meta":{"footnotes":"","_share_on_mastodon":"0"},"categories":[3977],"tags":[331,332,155748,13,37860,155747,260283,14,15,12,138370,10037,4017,4018,4016,64,4019,4020],"class_list":["post-1258776","post","type-post","status-publish","format-standard","has-post-thumbnail","category-usa","tag-aktuelle-nachrichten","tag-aktuelle-news","tag-gaddafi-muammar","tag-headlines","tag-libyen","tag-libyen-krise","tag-lockerbie-anschlag","tag-nachrichten","tag-news","tag-schlagzeilen","tag-team-first","tag-terroranschlag","tag-united-states","tag-united-states-of-america","tag-us","tag-usa","tag-vereinigte-staaten","tag-vereinigte-staaten-von-amerika"],"share_on_mastodon":{"url":"https:\/\/pubeurope.com\/@de\/117153879413285759","error":""},"_links":{"self":[{"href":"https:\/\/www.europesays.com\/de\/wp-json\/wp\/v2\/posts\/1258776","targetHints":{"allow":["GET"]}}],"collection":[{"href":"https:\/\/www.europesays.com\/de\/wp-json\/wp\/v2\/posts"}],"about":[{"href":"https:\/\/www.europesays.com\/de\/wp-json\/wp\/v2\/types\/post"}],"author":[{"embeddable":true,"href":"https:\/\/www.europesays.com\/de\/wp-json\/wp\/v2\/users\/2"}],"replies":[{"embeddable":true,"href":"https:\/\/www.europesays.com\/de\/wp-json\/wp\/v2\/comments?post=1258776"}],"version-history":[{"count":0,"href":"https:\/\/www.europesays.com\/de\/wp-json\/wp\/v2\/posts\/1258776\/revisions"}],"wp:featuredmedia":[{"embeddable":true,"href":"https:\/\/www.europesays.com\/de\/wp-json\/wp\/v2\/media\/1258777"}],"wp:attachment":[{"href":"https:\/\/www.europesays.com\/de\/wp-json\/wp\/v2\/media?parent=1258776"}],"wp:term":[{"taxonomy":"category","embeddable":true,"href":"https:\/\/www.europesays.com\/de\/wp-json\/wp\/v2\/categories?post=1258776"},{"taxonomy":"post_tag","embeddable":true,"href":"https:\/\/www.europesays.com\/de\/wp-json\/wp\/v2\/tags?post=1258776"}],"curies":[{"name":"wp","href":"https:\/\/api.w.org\/{rel}","templated":true}]}}