{"id":1258796,"date":"2026-08-25T03:03:16","date_gmt":"2026-08-25T03:03:16","guid":{"rendered":"https:\/\/www.europesays.com\/de\/1258796\/"},"modified":"2026-08-25T03:03:16","modified_gmt":"2026-08-25T03:03:16","slug":"deutsche-eishockey-liga-nuernberg-ice-tigers-mehrere-wochen-ohne-neuzugang-dufour-bayern","status":"publish","type":"post","link":"https:\/\/www.europesays.com\/de\/1258796\/","title":{"rendered":"Deutsche Eishockey Liga: N\u00fcrnberg Ice Tigers mehrere Wochen ohne Neuzugang Dufour &#8211; Bayern"},"content":{"rendered":"<p>N\u00fcrnberg (dpa\/lby) &#8211; Die N\u00fcrnberg Ice Tigers m\u00fcssen in den n\u00e4chsten Wochen auf Neuzugang William Dufour verzichten. Wie der Verein aus der Deutschen <a href=\"https:\/\/www.np-coburg.de\/thema\/Eishockey\" title=\"Eishockey\" class=\"art_thema\" rel=\"nofollow noopener\" target=\"_blank\">Eishockey<\/a> Liga mitteilte, hat sich der 24 Jahre alte St\u00fcrmer im Training eine Verletzung am Oberk\u00f6rper zugezogen. Dufour, f\u00fcr diese Saison von den unterklassigen Fort Wayne Komets aus den USA gekommen, wird demnach drei bis vier Wochen fehlen.<\/p>\n","protected":false},"excerpt":{"rendered":"N\u00fcrnberg (dpa\/lby) &#8211; Die N\u00fcrnberg Ice Tigers m\u00fcssen in den n\u00e4chsten Wochen auf Neuzugang William Dufour verzichten. Wie&hellip;\n","protected":false},"author":2,"featured_media":1258797,"comment_status":"","ping_status":"","sticky":false,"template":"","format":"standard","meta":{"footnotes":"","_share_on_mastodon":"0"},"categories":[1837],"tags":[772,3364,2097,29,2100,30,3783,11406],"class_list":["post-1258796","post","type-post","status-publish","format-standard","has-post-thumbnail","category-nuernberg","tag-bayern","tag-de","tag-del","tag-deutschland","tag-eishockey","tag-germany","tag-nuernberg","tag-nuernberg-ice-tigers"],"share_on_mastodon":{"url":"https:\/\/pubeurope.com\/@de\/117153929986723246","error":""},"_links":{"self":[{"href":"https:\/\/www.europesays.com\/de\/wp-json\/wp\/v2\/posts\/1258796","targetHints":{"allow":["GET"]}}],"collection":[{"href":"https:\/\/www.europesays.com\/de\/wp-json\/wp\/v2\/posts"}],"about":[{"href":"https:\/\/www.europesays.com\/de\/wp-json\/wp\/v2\/types\/post"}],"author":[{"embeddable":true,"href":"https:\/\/www.europesays.com\/de\/wp-json\/wp\/v2\/users\/2"}],"replies":[{"embeddable":true,"href":"https:\/\/www.europesays.com\/de\/wp-json\/wp\/v2\/comments?post=1258796"}],"version-history":[{"count":0,"href":"https:\/\/www.europesays.com\/de\/wp-json\/wp\/v2\/posts\/1258796\/revisions"}],"wp:featuredmedia":[{"embeddable":true,"href":"https:\/\/www.europesays.com\/de\/wp-json\/wp\/v2\/media\/1258797"}],"wp:attachment":[{"href":"https:\/\/www.europesays.com\/de\/wp-json\/wp\/v2\/media?parent=1258796"}],"wp:term":[{"taxonomy":"category","embeddable":true,"href":"https:\/\/www.europesays.com\/de\/wp-json\/wp\/v2\/categories?post=1258796"},{"taxonomy":"post_tag","embeddable":true,"href":"https:\/\/www.europesays.com\/de\/wp-json\/wp\/v2\/tags?post=1258796"}],"curies":[{"name":"wp","href":"https:\/\/api.w.org\/{rel}","templated":true}]}}