{"id":1258806,"date":"2026-08-25T03:09:35","date_gmt":"2026-08-25T03:09:35","guid":{"rendered":"https:\/\/www.europesays.com\/de\/1258806\/"},"modified":"2026-08-25T03:09:35","modified_gmt":"2026-08-25T03:09:35","slug":"hamburger-strasse-dresden-gesperrt-umleitung-am-wochenende","status":"publish","type":"post","link":"https:\/\/www.europesays.com\/de\/1258806\/","title":{"rendered":"Hamburger Stra\u00dfe Dresden gesperrt: Umleitung am Wochenende"},"content":{"rendered":"<p>Vollsperrung auf der B6 <\/p>\n<p>Hamburger Stra\u00dfe in Cotta ab Freitagabend dicht<\/p>\n<p>24.08.2026 &#8211; 17:05 UhrLesedauer: 1 Min.<\/p>\n<p><a href=\"#focus-0\" class=\"transition-colors block text-current relative\" data-sctrack=\"FocusGalleryImage.Reference\"><img fetchpriority=\"high\" data-testid=\"Opener.Image\"   loading=\"eager\" src=\"https:\/\/www.europesays.com\/de\/wp-content\/uploads\/2026\/08\/strassenschild-hamburger-strasse-symbolbild.jpg\" alt=\"Stra\u00dfenschild Hamburger Stra\u00dfe (Symbolbild):\" title=\"Stra\u00dfenschild Hamburger Stra\u00dfe (Symbolbild):\" width=\"1067\" height=\"600\" class=\"bg-[url:var(--lqipURL)] bg-cover bg-center flex h-full w-full max-w-full\" style=\"--lqipURL:url('https:\/\/images.t-online.de\/2026\/08\/i4km293bBU-I\/2080x49:1067x600\/fit-in\/150x0\/filters:blur(25)\/strassenschild-hamburger-strasse-symbolbild.jpg')\" decoding=\"async\"\/><img loading=\"lazy\" src=\"https:\/\/dresden.t-online.de\/s\/paper\/_next\/static\/media\/zoom-in.f7dae02f.svg\" alt=\"Vergr\u00f6\u00dfern des Bildes\" title=\"Vergr\u00f6\u00dfern des Bildes\" class=\"block h-[calc(var(--height)_\/_16_*_1rem)] w-[calc(var(--width)_\/_16_*_1rem)] max-w-none absolute right-8 bottom-8 rounded-4 bg-snow p-8\" style=\"--width:32;--height:32\" decoding=\"async\"\/><\/a><\/p>\n<p>Stra\u00dfenschild Hamburger Stra\u00dfe (Symbolbild): Die Baustelle befindet sich auf H\u00f6he des Haltepunkts Dresden-Cotta. (Quelle: Sven Ellger\/imago)<\/p>\n<p><img loading=\"lazy\" src=\"https:\/\/dresden.t-online.de\/s\/paper\/_next\/static\/media\/audio-volume.6689034c.svg\" alt=\"\" title=\"\" class=\"block h-[calc(var(--height)_\/_16_*_1rem)] w-[calc(var(--width)_\/_16_*_1rem)] max-w-none group-hover:brightness-0 group-hover:invert\" style=\"--width:16;--height:16\" decoding=\"async\"\/>Vorlesen<\/p>\n<p>Aktuelle Zeit:0:00Gesamtdauer:0:00<\/p>\n<p>1x<img loading=\"lazy\" src=\"https:\/\/dresden.t-online.de\/s\/paper\/_next\/static\/media\/font-sizes.32942e33.svg\" alt=\"\" title=\"\" class=\"block h-[calc(var(--height)_\/_16_*_1rem)] w-[calc(var(--width)_\/_16_*_1rem)] max-w-none group-hover:hidden group-aria-expanded:hidden\" style=\"--width:16;--height:16\" decoding=\"async\"\/><img loading=\"lazy\" src=\"https:\/\/dresden.t-online.de\/s\/paper\/_next\/static\/media\/font-sizes-dark-mode.e382645c.svg\" alt=\"\" title=\"\" class=\"block h-[calc(var(--height)_\/_16_*_1rem)] w-[calc(var(--width)_\/_16_*_1rem)] max-w-none hidden group-hover:block group-aria-expanded:block\" style=\"--width:16;--height:16\" decoding=\"async\"\/><img loading=\"lazy\" src=\"https:\/\/dresden.t-online.de\/s\/paper\/_next\/static\/media\/sharing-menu-icon.1eb71368.svg\" alt=\"\" title=\"\" class=\"block h-[calc(var(--height)_\/_16_*_1rem)] w-[calc(var(--width)_\/_16_*_1rem)] max-w-none group-hover:brightness-0 group-hover:invert\" style=\"--width:16;--height:16\" decoding=\"async\"\/>Artikel teilen<\/p>\n<p class=\"font-bold text-18 leading-17 user-text-lg:text-22 user-text-xl:text-24\">Die Deutsche Bahn sperrt die B6 im Bereich der Eisenbahnbr\u00fccke in Cotta am Wochenende erneut komplett. Vier Buslinien der DVB sind betroffen.<\/p>\n<p class=\"text-18 leading-17 user-text-lg:text-22 user-text-xl:text-24\">Die Hamburger Stra\u00dfe in Dresden-Cotta wird ab Freitagabend erneut komplett gesperrt. Die Vollsperrung dauert von Freitag, 28. August, 22 Uhr, bis Montag, 31. August, 4 Uhr. Das teilen die Landeshauptstadt Dresden. Grund sind die laufenden Bauarbeiten an der Eisenbahnbr\u00fccke \u00fcber die B6.<\/p>\n<p class=\"text-18 leading-17 user-text-lg:text-22 user-text-xl:text-24\">Autofahrer k\u00f6nnen die Baustelle in dieser Zeit nicht passieren. Die Stadt empfiehlt eine weitr\u00e4umige Umfahrung des Gebiets. Bei den vorangegangenen Sperrungen lief die Umleitung \u00fcber die Tonbergstra\u00dfe und die Cossebauder Stra\u00dfe.<\/p>\n<p>Vier Buslinien von Sperrung betroffen<\/p>\n<p class=\"text-18 leading-17 user-text-lg:text-22 user-text-xl:text-24\">Die Dresdner Verkehrsbetriebe (DVB) leiten die Buslinien 68, 70, 80 und 92 w\u00e4hrend der Sperrung um. Laut dem Verkehrsverbund Oberelbe (VVO) fahren die Busse \u00fcber die Warthaer Stra\u00dfe, die Cossebauder Stra\u00dfe, die Tonbergstra\u00dfe und den Fl\u00fcgelweg zur Hamburger Stra\u00dfe.<\/p>\n<p class=\"text-18 leading-17 user-text-lg:text-22 user-text-xl:text-24\">Es ist bereits die f\u00fcnfte Sperrung in diesem Jahr an der Hamburger Stra\u00dfe. Die Deutsche Bahn erneuert an der Hamburger Stra\u00dfe die Eisenbahnbr\u00fccke und baut den barrierefreien Haltepunkt Dresden-Cotta. Er soll den Stadtteil an die geplante S-Bahn-Linie S6 anbinden.<\/p>\n","protected":false},"excerpt":{"rendered":"Vollsperrung auf der B6 Hamburger Stra\u00dfe in Cotta ab Freitagabend dicht 24.08.2026 &#8211; 17:05 UhrLesedauer: 1 Min. Stra\u00dfenschild&hellip;\n","protected":false},"author":2,"featured_media":1258807,"comment_status":"","ping_status":"","sticky":false,"template":"","format":"standard","meta":{"footnotes":"","_share_on_mastodon":"0"},"categories":[1835],"tags":[522,3364,2030,29,2386,16097,30,27616,27916,859,36153,3043],"class_list":["post-1258806","post","type-post","status-publish","format-standard","has-post-thumbnail","category-dresden","tag-522","tag-de","tag-deutsche-bahn","tag-deutschland","tag-dresden","tag-eisenbahnbruecke","tag-germany","tag-haltepunkt","tag-hamburger-strasse","tag-sachsen","tag-strassenschild","tag-vollsperrung"],"share_on_mastodon":{"url":"https:\/\/pubeurope.com\/@de\/117153954213119756","error":""},"_links":{"self":[{"href":"https:\/\/www.europesays.com\/de\/wp-json\/wp\/v2\/posts\/1258806","targetHints":{"allow":["GET"]}}],"collection":[{"href":"https:\/\/www.europesays.com\/de\/wp-json\/wp\/v2\/posts"}],"about":[{"href":"https:\/\/www.europesays.com\/de\/wp-json\/wp\/v2\/types\/post"}],"author":[{"embeddable":true,"href":"https:\/\/www.europesays.com\/de\/wp-json\/wp\/v2\/users\/2"}],"replies":[{"embeddable":true,"href":"https:\/\/www.europesays.com\/de\/wp-json\/wp\/v2\/comments?post=1258806"}],"version-history":[{"count":0,"href":"https:\/\/www.europesays.com\/de\/wp-json\/wp\/v2\/posts\/1258806\/revisions"}],"wp:featuredmedia":[{"embeddable":true,"href":"https:\/\/www.europesays.com\/de\/wp-json\/wp\/v2\/media\/1258807"}],"wp:attachment":[{"href":"https:\/\/www.europesays.com\/de\/wp-json\/wp\/v2\/media?parent=1258806"}],"wp:term":[{"taxonomy":"category","embeddable":true,"href":"https:\/\/www.europesays.com\/de\/wp-json\/wp\/v2\/categories?post=1258806"},{"taxonomy":"post_tag","embeddable":true,"href":"https:\/\/www.europesays.com\/de\/wp-json\/wp\/v2\/tags?post=1258806"}],"curies":[{"name":"wp","href":"https:\/\/api.w.org\/{rel}","templated":true}]}}