{"id":1258813,"date":"2026-08-25T03:15:58","date_gmt":"2026-08-25T03:15:58","guid":{"rendered":"https:\/\/www.europesays.com\/de\/1258813\/"},"modified":"2026-08-25T03:15:58","modified_gmt":"2026-08-25T03:15:58","slug":"mann-sticht-in-essen-auf-ehefrau-ein-polizei-schreitet-im-letzten-moment-ein","status":"publish","type":"post","link":"https:\/\/www.europesays.com\/de\/1258813\/","title":{"rendered":"Mann sticht in Essen auf Ehefrau ein &#8211; Polizei schreitet im letzten Moment ein"},"content":{"rendered":"<p class=\"wp-block-paragraph\">Wie nun bekannt wurde, kam es am Freitagabend (21. August) zu einem schweren Angriff in Essen. In einer gemeinsamen Wohnung im Stadtteil Dellwig geriet ein Ehepaar gegen 21 Uhr zun\u00e4chst verbal aneinander. Der Streit zwischen den beiden eskalierte kurze Zeit sp\u00e4ter massiv. Ein 43-j\u00e4hriger Mann attackierte seine zehn Jahre j\u00fcngere Ehefrau k\u00f6rperlich und verletzte sie dabei schwer.<\/p>\n<p class=\"wp-block-paragraph\">Die 33-j\u00e4hrige Frau erlitt durch die Gewalteinwirkung Verletzungen, die potenziell lebensbedrohlich waren. Rettungskr\u00e4fte \u00fcbernahmen die Erstversorgung und brachten sie f\u00fcr die weitere medizinische Behandlung umgehend in ein Krankenhaus. Der mutma\u00dfliche T\u00e4ter befand sich noch am Tatort.<\/p>\n<blockquote class=\"wp-block-quote is-style-default is-layout-flow wp-block-quote-is-layout-flow\" style=\"padding-right:var(--wp--preset--spacing--60);padding-left:var(--wp--preset--spacing--60)\"><p> \ud83d\udccc Vorgehen der Polizei bei h\u00e4uslicher Gewalt  <\/p>\n<ul class=\"wp-block-list has-small-font-size\">\n<li><strong>Die Polizei sch\u00fctzt zuerst die gef\u00e4hrdete Person<\/strong> und trennt die Beteiligten r\u00e4umlich. <\/li>\n<li><strong>Die gewaltaus\u00fcbende Person kann der Wohnung verwiesen werden<\/strong>, auch wenn sie Eigent\u00fcmerin, Eigent\u00fcmer oder Hauptmieter ist. <\/li>\n<li><strong>Kontakt- und N\u00e4herungsverbote<\/strong> k\u00f6nnen zun\u00e4chst polizeilich und anschlie\u00dfend gerichtlich nach dem Gewaltschutzgesetz angeordnet werden. <\/li>\n<li><strong>Bei Verdacht auf eine Straftat ermittelt die Polizei<\/strong> \u2013 etwa wegen K\u00f6rperverletzung, Bedrohung, N\u00f6tigung oder Stalking. Eine sp\u00e4tere Vers\u00f6hnung beendet das Verfahren nicht automatisch. <\/li>\n<li><strong>Beweise sind wichtig:<\/strong> Verletzungen, besch\u00e4digte Gegenst\u00e4nde, Nachrichten und Zeugenaussagen sollten dokumentiert werden. Die Polizei kann au\u00dferdem Kontakte zu Beratungsstellen oder Frauenh\u00e4usern vermitteln.<\/li>\n<\/ul>\n<\/blockquote>\n<p>\t\t Ehefrau w\u00e4hlt nach der Tat selbst den Notruf <\/p>\n<p class=\"wp-block-paragraph\">Trotz ihrer schweren Verletzungen gelang es der 33-J\u00e4hrigen, selbst die Polizei zu verst\u00e4ndigen. Zuvor hatte ihr Ehemann sie nach den bisherigen Erkenntnissen der Ermittler gew\u00fcrgt. Im weiteren Verlauf der Auseinandersetzung f\u00fcgte er ihr zudem Verletzungen mit einem Messer zu.<\/p>\n<p class=\"wp-block-paragraph\">W\u00e4hrend der k\u00f6rperlichen Attacke sprach der Mann au\u00dferdem mehrfach Todesdrohungen gegen seine Frau aus. Als die alarmierten Einsatzkr\u00e4fte an der Wohnung in Dellwig eintrafen, leistete der 43-J\u00e4hrige keinen Widerstand. Die Polizisten nahmen den Mann daraufhin fest.<\/p>\n<p>  Ermittlungen wegen versuchten Mordes laufen <\/p>\n<p class=\"wp-block-paragraph\">Die Staatsanwaltschaft Essen schaltete sich in den Fall ein und stellte einen Antrag auf Untersuchungshaft. Das zust\u00e4ndige Amtsgericht Essen folgte diesem Antrag und erlie\u00df einen Haftbefehl gegen den 43-J\u00e4hrigen. Der offizielle Vorwurf der Justiz lautet auf den Verdacht des versuchten Mordes.<\/p>\n<p class=\"wp-block-paragraph\">Der Tatverd\u00e4chtige befindet sich seit der richterlichen Entscheidung in Untersuchungshaft. Die zust\u00e4ndige Staatsanwaltschaft und eine eigens eingerichtete Mordkommission der Polizei untersuchen nun die genauen Hintergr\u00fcnde f\u00fcr den Angriff in Essen. Die Ermittlungen zu dem Fall dauern derzeit weiter an.<\/p>\n","protected":false},"excerpt":{"rendered":"Wie nun bekannt wurde, kam es am Freitagabend (21. August) zu einem schweren Angriff in Essen. In einer&hellip;\n","protected":false},"author":2,"featured_media":820375,"comment_status":"","ping_status":"","sticky":false,"template":"","format":"standard","meta":{"footnotes":"","_share_on_mastodon":"0"},"categories":[1834],"tags":[4572,3364,29,3688,30,1209],"class_list":["post-1258813","post","type-post","status-publish","format-standard","has-post-thumbnail","category-essen","tag-polizei-essen","tag-de","tag-deutschland","tag-essen","tag-germany","tag-nordrhein-westfalen"],"share_on_mastodon":{"url":"https:\/\/pubeurope.com\/@de\/117153980978295592","error":""},"_links":{"self":[{"href":"https:\/\/www.europesays.com\/de\/wp-json\/wp\/v2\/posts\/1258813","targetHints":{"allow":["GET"]}}],"collection":[{"href":"https:\/\/www.europesays.com\/de\/wp-json\/wp\/v2\/posts"}],"about":[{"href":"https:\/\/www.europesays.com\/de\/wp-json\/wp\/v2\/types\/post"}],"author":[{"embeddable":true,"href":"https:\/\/www.europesays.com\/de\/wp-json\/wp\/v2\/users\/2"}],"replies":[{"embeddable":true,"href":"https:\/\/www.europesays.com\/de\/wp-json\/wp\/v2\/comments?post=1258813"}],"version-history":[{"count":0,"href":"https:\/\/www.europesays.com\/de\/wp-json\/wp\/v2\/posts\/1258813\/revisions"}],"wp:featuredmedia":[{"embeddable":true,"href":"https:\/\/www.europesays.com\/de\/wp-json\/wp\/v2\/media\/820375"}],"wp:attachment":[{"href":"https:\/\/www.europesays.com\/de\/wp-json\/wp\/v2\/media?parent=1258813"}],"wp:term":[{"taxonomy":"category","embeddable":true,"href":"https:\/\/www.europesays.com\/de\/wp-json\/wp\/v2\/categories?post=1258813"},{"taxonomy":"post_tag","embeddable":true,"href":"https:\/\/www.europesays.com\/de\/wp-json\/wp\/v2\/tags?post=1258813"}],"curies":[{"name":"wp","href":"https:\/\/api.w.org\/{rel}","templated":true}]}}