{"id":125882,"date":"2025-05-20T16:40:09","date_gmt":"2025-05-20T16:40:09","guid":{"rendered":"https:\/\/www.europesays.com\/de\/125882\/"},"modified":"2025-05-20T16:40:09","modified_gmt":"2025-05-20T16:40:09","slug":"fahrradfahrer-flucht-in-moenchengladbach-65-jaehrige-schwer-verletzt","status":"publish","type":"post","link":"https:\/\/www.europesays.com\/de\/125882\/","title":{"rendered":"Fahrradfahrer-Flucht in M\u00f6nchengladbach: 65-J\u00e4hrige schwer verletzt"},"content":{"rendered":"<p class=\"text_ohne_einzug richtext text-em-55 !leading-serif mx-6 desktop:mx-0\"> Ein Fahrradfahrer hat am Montag, 19. Mai, eine 65-j\u00e4hrige Fu\u00dfg\u00e4ngerin auf der Bahnhofstra\u00dfe angefahren. Sie wurde dabei schwer verletzt, wie die Polizei mitteilt. Laut mehreren Zeugenaussagen soll der Fahrradfahrer mit hoher Geschwindigkeit auf der Bahnhofstra\u00dfe in Richtung Marienplatz unterwegs gewesen sein. Dabei kollidierte er mit der 65-j\u00e4hrigen Frau, die gerade die Stra\u00dfe \u00fcberquerte.<\/p>\n","protected":false},"excerpt":{"rendered":"Ein Fahrradfahrer hat am Montag, 19. Mai, eine 65-j\u00e4hrige Fu\u00dfg\u00e4ngerin auf der Bahnhofstra\u00dfe angefahren. Sie wurde dabei schwer&hellip;\n","protected":false},"author":2,"featured_media":125883,"comment_status":"","ping_status":"","sticky":false,"template":"","format":"standard","meta":{"footnotes":""},"categories":[1849],"tags":[13299,3364,29,548,663,3934,6112,16278,26595,30,13,4455,14,15,1209,29330,12,3981,524,5185,47226],"class_list":{"0":"post-125882","1":"post","2":"type-post","3":"status-publish","4":"format-standard","5":"has-post-thumbnail","7":"category-moenchengladbach","8":"tag-bahnhofstrasse","9":"tag-de","10":"tag-deutschland","11":"tag-eu","12":"tag-europa","13":"tag-europe","14":"tag-fahrradfahrer","15":"tag-fuss","16":"tag-fussgaengerin","17":"tag-germany","18":"tag-headlines","19":"tag-moenchengladbach","20":"tag-nachrichten","21":"tag-news","22":"tag-nordrhein-westfalen","23":"tag-rheydt","24":"tag-schlagzeilen","25":"tag-schwarzen","26":"tag-strasse","27":"tag-verletzt","28":"tag-zeugenaussagen"},"share_on_mastodon":{"url":"https:\/\/pubeurope.com\/@de\/114541155056717432","error":""},"_links":{"self":[{"href":"https:\/\/www.europesays.com\/de\/wp-json\/wp\/v2\/posts\/125882","targetHints":{"allow":["GET"]}}],"collection":[{"href":"https:\/\/www.europesays.com\/de\/wp-json\/wp\/v2\/posts"}],"about":[{"href":"https:\/\/www.europesays.com\/de\/wp-json\/wp\/v2\/types\/post"}],"author":[{"embeddable":true,"href":"https:\/\/www.europesays.com\/de\/wp-json\/wp\/v2\/users\/2"}],"replies":[{"embeddable":true,"href":"https:\/\/www.europesays.com\/de\/wp-json\/wp\/v2\/comments?post=125882"}],"version-history":[{"count":0,"href":"https:\/\/www.europesays.com\/de\/wp-json\/wp\/v2\/posts\/125882\/revisions"}],"wp:featuredmedia":[{"embeddable":true,"href":"https:\/\/www.europesays.com\/de\/wp-json\/wp\/v2\/media\/125883"}],"wp:attachment":[{"href":"https:\/\/www.europesays.com\/de\/wp-json\/wp\/v2\/media?parent=125882"}],"wp:term":[{"taxonomy":"category","embeddable":true,"href":"https:\/\/www.europesays.com\/de\/wp-json\/wp\/v2\/categories?post=125882"},{"taxonomy":"post_tag","embeddable":true,"href":"https:\/\/www.europesays.com\/de\/wp-json\/wp\/v2\/tags?post=125882"}],"curies":[{"name":"wp","href":"https:\/\/api.w.org\/{rel}","templated":true}]}}