{"id":1258820,"date":"2026-08-25T03:20:20","date_gmt":"2026-08-25T03:20:20","guid":{"rendered":"https:\/\/www.europesays.com\/de\/1258820\/"},"modified":"2026-08-25T03:20:20","modified_gmt":"2026-08-25T03:20:20","slug":"interner-aufsteiger-ezechiel-banzuzi-ist-der-gewinner-bei-rb-leipzig-sport","status":"publish","type":"post","link":"https:\/\/www.europesays.com\/de\/1258820\/","title":{"rendered":"Interner Aufsteiger: Ezechiel Banzuzi ist der Gewinner bei RB Leipzig | Sport"},"content":{"rendered":"<p><a class=\"skip-content skip-content--link\" href=\"#in-content-skip-link-target-v-0-0\">TTS-Player \u00fcberspringen\u21b5<\/a><a id=\"in-content-skip-link-target-v-0-0\" class=\"skip-content--target-link-hidden skip-content skip-content--target-link\" href=\"#in-content-skip-link-target-v-0-0\">Artikel weiterlesen<\/a><\/p>\n<p data-21134c99=\"0-2411\"><a href=\"https:\/\/www.bild.de\/sport\/fussball\/rb-leipzig\/startseite-leipzig-31148870.bild.html\" class=\"text-link\" rel=\"nofollow noopener\" target=\"_blank\"><b>RB Leipzig<\/b><\/a><b> schaut sich nach Verst\u00e4rkungen um. <\/b><a href=\"https:\/\/www.bild.de\/sport\/fussball\/rb-leipzig-spielidee-und-personalplan-reicht-das-wirklich-fuer-die-bundesliga-und-die-hohen-ziele-6a8a10d42811aba4e4bb5111\" class=\"text-link\" rel=\"nofollow noopener\" target=\"_blank\"><b>M\u00f6glich aber, dass nicht mehr alle Transfer-W\u00fcnsche erf\u00fcllt werden und Spieler aus der bisher zweiten Reihe in die Startelf r\u00fccken<\/b><\/a><b>. \u201eMit dem Kader sind wir gut ger\u00fcstet. Die Jungs bekommen das Vertrauen ausgesprochen\u201c, sagte Manager Marcel Sch\u00e4fer. Doch wer sind die Kandidaten f\u00fcr einen solchen Schritt?<\/b><\/p>\n<p>Mehr zum ThemaViel Lob f\u00fcr Banzuzi<\/p>\n<p data-21134c99=\"0-2411\">Daf\u00fcr muss man wissen, auf welchen Positionen RB noch nach neuen Spielern fahndet: Neben der Offensive k\u00f6nnte noch ein zentraler Mittelfeldspieler kommen. Aber dort entwickelt sich gerade Ezechiel Banzuzi pr\u00e4chtig. Der Niederl\u00e4nder ist einer der Gewinner der Vorbereitung und stand beim Pokalspiel in Trier (6:0) in der Startelf.<\/p>\n<p data-21134c99=\"0-2411\">\u201eEr hat eine sehr gute Vorbereitung gespielt\u201c, lobt Sch\u00e4fer. \u201eEr hat eine ungeheure physische Power. Das sehen wir in jedem Spiel. Von ihm versprechen wir uns sehr viel.\u201c Aber: Sch\u00e4fer wei\u00df auch: \u201eEr braucht Vertrauen und Spielzeit.\u201c Die hatte er seit seinem Wechsel nach Leipzig vor einem Jahr noch nicht so \u00fcppig. \u201eIn der vergangenen Saison war er schon dran, aber da war das Mittelfeld sehr gut besetzt.\u201c<\/p>\n<p><img decoding=\"async\" width=\"992\" height=\"558\" alt=\"Banzuzi ist physisch herausragend im Leipziger Mittelfeld\" loading=\"lazy\" src=\"https:\/\/www.europesays.com\/de\/wp-content\/uploads\/2026\/08\/ad9f313bc648e894dfc420d138f7e78b,493e55c3.jpeg\"   class=\"landscape\"\/><\/p>\n<p class=\"fig__caption__text\">Banzuzi ist physisch herausragend im Leipziger Mittelfeld<\/p>\n<p>Foto: Harald Tittel\/dpa<\/p>\n<p>Reitz will den Mittelfeld-Platz auch<\/p>\n<p data-21134c99=\"0-2411\">Banzuzi spielte unter Trainer Ole Werner in der Bundesliga nur zweimal von Beginn an. Auf seiner Position hatte Xaver Schlager die Nase vorn, bei offensiverer Ausrichtung auch mal Assan Ou\u00e9draogo. Nun ist Banzuzi der konstanteste Spieler des Sommers, bringt seine Leistung, auch wenn die Mannschaft in einigen Testspielen noch Probleme hatte.<\/p>\n<p data-21134c99=\"0-2411\">Ziemlich klar ist: Banzuzi wird am Samstag beim Bundesliga-Start gegen Gladbach in der Startelf stehen. Doch der 21-J\u00e4hrige muss um seinen Platz k\u00e4mpfen. Denn Neuzugang Rocco Reitz wird immer mehr fit und wird sich diese Position schnell schnappen wollen.<\/p>\n<p>Bei Supercup-Sieg: Bayerns \u201eMr. Aura\u201c checkt Flitzer um<a class=\"anchor video-teaser__anchor\" href=\"https:\/\/www.bild.de\/sport\/fussball\/supercup-bayerns-mr-aura-checkt-flitzer-um-6a8b08f3c3692834ff6da37b\" rel=\"nofollow noopener\" target=\"_blank\"><img decoding=\"async\" width=\"992\" height=\"558\" alt=\"Supercup: Bayerns \u201eMr. Aura\u201c checkt Flitzer um\" loading=\"lazy\" src=\"https:\/\/www.europesays.com\/de\/wp-content\/uploads\/2026\/08\/6f5239e053f1479463a9d2470c053daa,d3d7e248.jpeg\"   class=\"landscape teaser__image\"\/><\/a><\/p>\n<p>Quelle: BILD24.08.2026<\/p>\n<p>Bakayoko und Gomis mit Startelf-Chancen<\/p>\n<p data-21134c99=\"0-2411\">Welche internen Aufsteiger kann es neben Banzuzi noch geben? Kommt kein Hochkar\u00e4ter mehr als Ersatz f\u00fcr Yan Diomande hat Vorjahres-Zugang Johan Bakayoko eine neue Chance. Der Belgier durfte in der vergangenen Saison nur achtmal von Beginn an spielen. Er muss intern vor allem gegen Brajan Gruda k\u00e4mpfen.<\/p>\n<p data-21134c99=\"0-2411\">Und im Sturmzentrum ist von Startelf-\u00dcberraschung bis Last-Minute-Wechsel alles m\u00f6glich. Das trifft vor allem auf die bisherige Entt\u00e4uschung Conrad Harder zu. Trainer Martin Demichelis sch\u00e4tzt aber Youngster Tidiam Gomis sehr. Er k\u00f6nnte im Angriff auch zum internen Aufsteiger werden.<\/p>\n","protected":false},"excerpt":{"rendered":"TTS-Player \u00fcberspringen\u21b5Artikel weiterlesen RB Leipzig schaut sich nach Verst\u00e4rkungen um. M\u00f6glich aber, dass nicht mehr alle Transfer-W\u00fcnsche erf\u00fcllt&hellip;\n","protected":false},"author":2,"featured_media":1258821,"comment_status":"","ping_status":"","sticky":false,"template":"","format":"standard","meta":{"footnotes":"","_share_on_mastodon":"0"},"categories":[1832],"tags":[3364,231305,29,538,30,61496,71,1655,18893,859,10779,803,3460,4581],"class_list":["post-1258820","post","type-post","status-publish","format-standard","has-post-thumbnail","category-leipzig","tag-de","tag-demichelis-martin","tag-deutschland","tag-erste-bundesliga","tag-germany","tag-gruda-brajan","tag-leipzig","tag-rb-leipzig","tag-reitz-rocco","tag-sachsen","tag-schaefer-marcel","tag-spielertransfer","tag-sport-leuchtturm-leipzig","tag-sport-tag-im-ticker"],"share_on_mastodon":{"url":"https:\/\/pubeurope.com\/@de\/117153999740776277","error":""},"_links":{"self":[{"href":"https:\/\/www.europesays.com\/de\/wp-json\/wp\/v2\/posts\/1258820","targetHints":{"allow":["GET"]}}],"collection":[{"href":"https:\/\/www.europesays.com\/de\/wp-json\/wp\/v2\/posts"}],"about":[{"href":"https:\/\/www.europesays.com\/de\/wp-json\/wp\/v2\/types\/post"}],"author":[{"embeddable":true,"href":"https:\/\/www.europesays.com\/de\/wp-json\/wp\/v2\/users\/2"}],"replies":[{"embeddable":true,"href":"https:\/\/www.europesays.com\/de\/wp-json\/wp\/v2\/comments?post=1258820"}],"version-history":[{"count":0,"href":"https:\/\/www.europesays.com\/de\/wp-json\/wp\/v2\/posts\/1258820\/revisions"}],"wp:featuredmedia":[{"embeddable":true,"href":"https:\/\/www.europesays.com\/de\/wp-json\/wp\/v2\/media\/1258821"}],"wp:attachment":[{"href":"https:\/\/www.europesays.com\/de\/wp-json\/wp\/v2\/media?parent=1258820"}],"wp:term":[{"taxonomy":"category","embeddable":true,"href":"https:\/\/www.europesays.com\/de\/wp-json\/wp\/v2\/categories?post=1258820"},{"taxonomy":"post_tag","embeddable":true,"href":"https:\/\/www.europesays.com\/de\/wp-json\/wp\/v2\/tags?post=1258820"}],"curies":[{"name":"wp","href":"https:\/\/api.w.org\/{rel}","templated":true}]}}