{"id":1258826,"date":"2026-08-25T03:23:20","date_gmt":"2026-08-25T03:23:20","guid":{"rendered":"https:\/\/www.europesays.com\/de\/1258826\/"},"modified":"2026-08-25T03:23:20","modified_gmt":"2026-08-25T03:23:20","slug":"fahrplanabweichung-bei-s2-s4-s5-und-s6-das-aendert-sich-am-3-9-4-9-nachrichten-aus-dem-rems-murr-kreis","status":"publish","type":"post","link":"https:\/\/www.europesays.com\/de\/1258826\/","title":{"rendered":"Fahrplanabweichung bei S2, S4, S5 und S6: Das \u00e4ndert sich am 3.9\/4.9. &#8211; Nachrichten aus dem Rems-Murr-Kreis"},"content":{"rendered":"<p><strong>Rems-Murr-Kreis.<\/strong> Wie der Verkehrs- und Tarifverbund Stuttgart (VVS) mitteilt, kommt  es aufgrund von Instandhaltungsma\u00dfnahmen in der Nacht 3.\/4. September 2026 von ca. 22 bis 4 Uhr zu Fahrplan\u00e4nderungen der Linien S2, S4, S5 und S6. Was Bahnfahrende jetzt wissen m\u00fcssen.<\/p>\n<p>Was sich bei der Bahn \u00e4ndert<\/p>\n<p>Die S2 entf\u00e4llt zwischen Bad Cannstatt und Hauptbahnhof (oben). Die S4 entf\u00e4llt zwischen Ludwigsburg und Hauptbahnhof (oben). Die S5 h\u00e4lt in Richtung Hauptbahnhof<\/p>\n","protected":false},"excerpt":{"rendered":"Rems-Murr-Kreis. Wie der Verkehrs- und Tarifverbund Stuttgart (VVS) mitteilt, kommt es aufgrund von Instandhaltungsma\u00dfnahmen in der Nacht 3.\/4.&hellip;\n","protected":false},"author":2,"featured_media":1258827,"comment_status":"","ping_status":"","sticky":false,"template":"","format":"standard","meta":{"footnotes":"","_share_on_mastodon":"0"},"categories":[1830],"tags":[11226,11421,1634,1739,3364,29,30,3601,16033,54225,70068,85772,1441,190824,2036,6427,2080],"class_list":["post-1258826","post","type-post","status-publish","format-standard","has-post-thumbnail","category-stuttgart","tag-s6","tag-bad-cannstatt","tag-baden-wuerttemberg","tag-bahn","tag-de","tag-deutschland","tag-germany","tag-hauptbahnhof","tag-ludwigsburg","tag-s2","tag-s4","tag-s5","tag-stuttgart","tag-un_kein-userneed","tag-zug","tag-zugausfall","tag-zugausfaelle"],"share_on_mastodon":{"url":"https:\/\/pubeurope.com\/@de\/117154008526837566","error":""},"_links":{"self":[{"href":"https:\/\/www.europesays.com\/de\/wp-json\/wp\/v2\/posts\/1258826","targetHints":{"allow":["GET"]}}],"collection":[{"href":"https:\/\/www.europesays.com\/de\/wp-json\/wp\/v2\/posts"}],"about":[{"href":"https:\/\/www.europesays.com\/de\/wp-json\/wp\/v2\/types\/post"}],"author":[{"embeddable":true,"href":"https:\/\/www.europesays.com\/de\/wp-json\/wp\/v2\/users\/2"}],"replies":[{"embeddable":true,"href":"https:\/\/www.europesays.com\/de\/wp-json\/wp\/v2\/comments?post=1258826"}],"version-history":[{"count":0,"href":"https:\/\/www.europesays.com\/de\/wp-json\/wp\/v2\/posts\/1258826\/revisions"}],"wp:featuredmedia":[{"embeddable":true,"href":"https:\/\/www.europesays.com\/de\/wp-json\/wp\/v2\/media\/1258827"}],"wp:attachment":[{"href":"https:\/\/www.europesays.com\/de\/wp-json\/wp\/v2\/media?parent=1258826"}],"wp:term":[{"taxonomy":"category","embeddable":true,"href":"https:\/\/www.europesays.com\/de\/wp-json\/wp\/v2\/categories?post=1258826"},{"taxonomy":"post_tag","embeddable":true,"href":"https:\/\/www.europesays.com\/de\/wp-json\/wp\/v2\/tags?post=1258826"}],"curies":[{"name":"wp","href":"https:\/\/api.w.org\/{rel}","templated":true}]}}