{"id":1258847,"date":"2026-08-25T03:36:11","date_gmt":"2026-08-25T03:36:11","guid":{"rendered":"https:\/\/www.europesays.com\/de\/1258847\/"},"modified":"2026-08-25T03:36:11","modified_gmt":"2026-08-25T03:36:11","slug":"pr-kampagne-neue-bvg-kampagne-berlin-die-echte-stadt-der-liebe-wirtschaft","status":"publish","type":"post","link":"https:\/\/www.europesays.com\/de\/1258847\/","title":{"rendered":"PR-Kampagne &#8211; Neue BVG-Kampagne: Berlin die \u201eechte Stadt der Liebe\u201c &#8211; Wirtschaft"},"content":{"rendered":"<p data-manual=\"paragraph\" data-schema-org-speakable=\"true\" class=\"css-1eosz7k\"><a href=\"https:\/\/www.sueddeutsche.de\/thema\/Berlin\" rel=\"nofollow noopener\" target=\"_blank\">Berlin<\/a> (dpa) &#8211; In einer neuen Marketing-Kampagne stellen die Berliner Verkehrsbetriebe (BVG) den Ruf von Paris als Stadt der Liebe infrage und behaupten: Die \u201eechte Stadt der Liebe\u201c steht an der Spree. In einem knapp zweimin\u00fctigen Werbefilm nimmt die BVG Klischees \u00fcber die Pariser Hauptstadt aufs Korn und stellt ihr solche aus Berlin gegen\u00fcber: Ein schwules Paar knutscht auf den \u00dcberresten der Berliner Mauer und ein stark gepierctes Paar in der U-Bahn.\u00a0<\/p>\n<p data-manual=\"paragraph\" data-schema-org-speakable=\"true\" class=\"css-1eosz7k\">Eine Mona Lisa habe Berlin zwar nicht, hei\u00dft es in dem Video, daf\u00fcr aber Busfahrerin Mona, die verliebt Fahrgast Carsten hinterherschaut. Nacktbaden im Wannsee oder mit Blumen im \u00fcberf\u00fcllten Nahverkehr zum Date: alles Zeichen der echten Liebe in Berlin. Daf\u00fcr m\u00fcsse man nicht nach Paris fahren.\u00a0<\/p>\n<p data-manual=\"paragraph\" data-schema-org-speakable=\"true\" class=\"css-1eosz7k\">\u201eWir wollten Berlin so feiern, wie wir es jeden Tag erleben. Mit Ecken und Kanten und vor allem mit den Menschen, die es zu dem machen, was es ist\u201c, teilte BVG-Marketingleiterin Ineke Paulsen mit.\u00a0<\/p>\n<p data-manual=\"paragraph\" data-schema-org-speakable=\"true\" class=\"css-1eosz7k\">Der Imagefilm sowie weitere kleinere Clips sollen ab heute \u00fcber die sozialen Kan\u00e4le der BVG ausgespielt werden. Au\u00dferdem w\u00fcrden Plakate mit Szenen aus dem Film in der Stadt aufgeh\u00e4ngt, hie\u00df es.\u00a0<\/p>\n<p data-manual=\"paragraph\" data-schema-org-speakable=\"true\" class=\"css-1eosz7k\">Entstanden ist die Werbekampagne laut BVG mit einer Hamburger Agentur. Zu den Kosten \u00e4u\u00dferte sich das <a href=\"https:\/\/www.sueddeutsche.de\/thema\/Unternehmen\" rel=\"nofollow noopener\" target=\"_blank\">Unternehmen<\/a> nicht. Die Kampagne l\u00e4uft den Angaben zufolge bis zum 10. September.\u00a0<\/p>\n<p data-manual=\"paragraph\" data-schema-org-speakable=\"true\" class=\"css-1eosz7k\">Die BVG zeichnete sich in den vergangenen Jahren immer wieder und unkonventionelle und selbstironische Werbekampagnen aus. So forderte sie unter anderem, dass das Berliner U-Bahn-Netz zum Weltkulturerbe ernannt werden solle.<\/p>\n<p data-manual=\"paragraph\" data-schema-org-speakable=\"true\" class=\"css-1eosz7k\">\u00a9 dpa-infocom, dpa:260825-930-577397\/1<\/p>\n","protected":false},"excerpt":{"rendered":"Berlin (dpa) &#8211; In einer neuen Marketing-Kampagne stellen die Berliner Verkehrsbetriebe (BVG) den Ruf von Paris als Stadt&hellip;\n","protected":false},"author":2,"featured_media":1258848,"comment_status":"","ping_status":"","sticky":false,"template":"","format":"standard","meta":{"footnotes":"","_share_on_mastodon":"0"},"categories":[1825],"tags":[1941,1939,296,1937,2236,29,30,1940,1938,149,173,601,55],"class_list":["post-1258847","post","type-post","status-publish","format-standard","has-post-thumbnail","category-berlin","tag-aktuelle-nachrichten-aus-berlin","tag-aktuelle-news-aus-berlin","tag-berlin","tag-berlin-news","tag-bvg","tag-deutschland","tag-germany","tag-nachrichten-aus-berlin","tag-news-aus-berlin","tag-sueddeutsche-zeitung","tag-unternehmen","tag-verkehr","tag-wirtschaft"],"share_on_mastodon":{"url":"https:\/\/pubeurope.com\/@de\/117154059792679975","error":""},"_links":{"self":[{"href":"https:\/\/www.europesays.com\/de\/wp-json\/wp\/v2\/posts\/1258847","targetHints":{"allow":["GET"]}}],"collection":[{"href":"https:\/\/www.europesays.com\/de\/wp-json\/wp\/v2\/posts"}],"about":[{"href":"https:\/\/www.europesays.com\/de\/wp-json\/wp\/v2\/types\/post"}],"author":[{"embeddable":true,"href":"https:\/\/www.europesays.com\/de\/wp-json\/wp\/v2\/users\/2"}],"replies":[{"embeddable":true,"href":"https:\/\/www.europesays.com\/de\/wp-json\/wp\/v2\/comments?post=1258847"}],"version-history":[{"count":0,"href":"https:\/\/www.europesays.com\/de\/wp-json\/wp\/v2\/posts\/1258847\/revisions"}],"wp:featuredmedia":[{"embeddable":true,"href":"https:\/\/www.europesays.com\/de\/wp-json\/wp\/v2\/media\/1258848"}],"wp:attachment":[{"href":"https:\/\/www.europesays.com\/de\/wp-json\/wp\/v2\/media?parent=1258847"}],"wp:term":[{"taxonomy":"category","embeddable":true,"href":"https:\/\/www.europesays.com\/de\/wp-json\/wp\/v2\/categories?post=1258847"},{"taxonomy":"post_tag","embeddable":true,"href":"https:\/\/www.europesays.com\/de\/wp-json\/wp\/v2\/tags?post=1258847"}],"curies":[{"name":"wp","href":"https:\/\/api.w.org\/{rel}","templated":true}]}}