{"id":1258849,"date":"2026-08-25T03:37:21","date_gmt":"2026-08-25T03:37:21","guid":{"rendered":"https:\/\/www.europesays.com\/de\/1258849\/"},"modified":"2026-08-25T03:37:21","modified_gmt":"2026-08-25T03:37:21","slug":"konzert-mit-der-maus-mozart-fuer-kinder-beim-berliner-musikfest-unterhaltung","status":"publish","type":"post","link":"https:\/\/www.europesays.com\/de\/1258849\/","title":{"rendered":"Konzert mit der Maus: Mozart f\u00fcr Kinder beim Berliner Musikfest | Unterhaltung"},"content":{"rendered":"<p>Mitte \u2013 Klassik taugt nicht nur f\u00fcr Erwachsene. Beim Berliner Musikfest ab kommendem Freitag gibt es neben den Auftritten von internationalen Star-Dirigenten auch das \u201eKonzert mit der Maus\u201c. Die s\u00fc\u00dfe TV-Figur tritt hier in einem Programm auf, das jungen Besuchern Mozart nahebringen soll. <\/p>\n<p>Zwei Konzerte (11 und 14 Uhr) sind f\u00fcr den 6. September im Gro\u00dfen Saal der Philharmonie angesetzt. Die Moderatoren Jana Forkel und Johannes B\u00fcchs f\u00fchren durchs Programm mit dem WDR Sinfonieorchester. Zusammen mit <a href=\"https:\/\/www.bz-berlin.de\/unterhaltung\/kirill-petrenko-kein-dirigent\" class=\"text-link\" rel=\"nofollow noopener\" target=\"_blank\">Dirigent<\/a> Bar Avni und der lebensgro\u00dfen Maus erkunden sie Mozarts Leben mit vielen Musikbeispielen.<\/p>\n<p>Wiener Philharmoniker machen Station in Berlin<\/p>\n<p>Weitere H\u00f6hepunkte des Festivals: Die Wiener <a href=\"https:\/\/www.bz-berlin.de\/unterhaltung\/kirill-petrenko-berliner-publikum-springt-von-den-sitzen-6a88456789ff002330aa25f3\" class=\"text-link\" rel=\"nofollow noopener\" target=\"_blank\">Philharmoniker <\/a>sind am 9. September in der Philharmonie zu Gast. Tugan Sokhiev dirigiert Werke von Dvo\u0159\u00e1k und Ausz\u00fcge aus Prokofjews \u201eRomeo und Julia\u201c. Interessant ist sicher auch das Gastspiel des Salzburger Marionettentheaters, das Strawinskys \u201eDie Geschichte vom Soldaten\u201c zeigt, es spielt ein Solisten-Ensemble mit Geigerin Isabelle Faust, es spricht Dominique Horwitz. Termine: 19. und 20. September im Haus der Berliner Festspiele.<\/p>\n<p>Als prominente Dirigenten beim Musikfest sind unter anderem <a href=\"https:\/\/www.bz-berlin.de\/thema\/joana-mallwitz\" class=\"text-link\" rel=\"nofollow noopener\" target=\"_blank\">Joana Mallwitz,<\/a> Sir Simon Rattle, Christian Thielemann und Simone Young vertreten.<\/p>\n<p>Infos und Tickets gibt es <a href=\"https:\/\/www.berlinerfestspiele.de\/musikfest-berlin\/programm\/2026\/kalender\" target=\"_blank\" rel=\"nofollow noopener\" class=\"text-link\">hier<\/a>.<\/p>\n<p>Haben Sie einen Fehler in diesem Artikel entdeckt? Dann schreiben Sie uns gern: <a href=\"mailto:fehler.melden@bz.de?body=%0A%0A%0AURL%3A%20https%3A%2F%2Fwww.bz-berlin.de%2Funterhaltung%2Fkonzert-mit-der-maus-mozart-fuer-kinder-beim-berliner-musikfest-6a8be9e36d71b45dbda0f257%0ADatum%3A%2025.8.2026%2C%2005%3A34%3A01%0A\" target=\"_blank\" rel=\"noopener\" class=\"anchor anchor--external\">fehler.melden@bz.de.<\/a><\/p>\n","protected":false},"excerpt":{"rendered":"Mitte \u2013 Klassik taugt nicht nur f\u00fcr Erwachsene. Beim Berliner Musikfest ab kommendem Freitag gibt es neben den&hellip;\n","protected":false},"author":2,"featured_media":1258850,"comment_status":"","ping_status":"","sticky":false,"template":"","format":"standard","meta":{"footnotes":"","_share_on_mastodon":"0"},"categories":[1825],"tags":[296,237049,29,30,91,810],"class_list":["post-1258849","post","type-post","status-publish","format-standard","has-post-thumbnail","category-berlin","tag-berlin","tag-berliner-kultur","tag-deutschland","tag-germany","tag-klassik","tag-musik"],"share_on_mastodon":{"url":"https:\/\/pubeurope.com\/@de\/117154063931980514","error":""},"_links":{"self":[{"href":"https:\/\/www.europesays.com\/de\/wp-json\/wp\/v2\/posts\/1258849","targetHints":{"allow":["GET"]}}],"collection":[{"href":"https:\/\/www.europesays.com\/de\/wp-json\/wp\/v2\/posts"}],"about":[{"href":"https:\/\/www.europesays.com\/de\/wp-json\/wp\/v2\/types\/post"}],"author":[{"embeddable":true,"href":"https:\/\/www.europesays.com\/de\/wp-json\/wp\/v2\/users\/2"}],"replies":[{"embeddable":true,"href":"https:\/\/www.europesays.com\/de\/wp-json\/wp\/v2\/comments?post=1258849"}],"version-history":[{"count":0,"href":"https:\/\/www.europesays.com\/de\/wp-json\/wp\/v2\/posts\/1258849\/revisions"}],"wp:featuredmedia":[{"embeddable":true,"href":"https:\/\/www.europesays.com\/de\/wp-json\/wp\/v2\/media\/1258850"}],"wp:attachment":[{"href":"https:\/\/www.europesays.com\/de\/wp-json\/wp\/v2\/media?parent=1258849"}],"wp:term":[{"taxonomy":"category","embeddable":true,"href":"https:\/\/www.europesays.com\/de\/wp-json\/wp\/v2\/categories?post=1258849"},{"taxonomy":"post_tag","embeddable":true,"href":"https:\/\/www.europesays.com\/de\/wp-json\/wp\/v2\/tags?post=1258849"}],"curies":[{"name":"wp","href":"https:\/\/api.w.org\/{rel}","templated":true}]}}