{"id":1258857,"date":"2026-08-25T03:42:16","date_gmt":"2026-08-25T03:42:16","guid":{"rendered":"https:\/\/www.europesays.com\/de\/1258857\/"},"modified":"2026-08-25T03:42:16","modified_gmt":"2026-08-25T03:42:16","slug":"korschenbroich-fotoausstellung-im-kulturbahnhof","status":"publish","type":"post","link":"https:\/\/www.europesays.com\/de\/1258857\/","title":{"rendered":"Korschenbroich: Fotoausstellung im Kulturbahnhof"},"content":{"rendered":"<p class=\"text_ohne_einzug richtext text-em-55 !leading-serif mx-6 desktop:mx-0\">  In Regenbogenfarben leuchtet die gl\u00e4serne Fassade des Paragon-Geb\u00e4udes in <a href=\"https:\/\/rp-online.de\/thema\/korschenbroich\/\" rel=\"nofollow noopener\" target=\"_blank\">Korschenbroich<\/a>. Fotografin Monika Bet hat diese irisierende Lichtstimmung mit ihrer Kamera eingefangen. Das Werk ist Teil einer Kostenpflichtiger Inhalt <a href=\"https:\/\/rp-online.de\/nrw\/staedte\/korschenbroich\/korschenbroich-ausstellung-zum-thema-unterwegs-im-kulturbahnhof_aid-131159747\" rel=\"nofollow noopener\" target=\"_blank\">Ausstellung<\/a> der \u201eZwar-Montags-Fotogruppe\u201c im Kulturbahnhof Korschenbroich, Am Bahnhof 2, die am Sonntag, 6. September um 12 Uhr beginnt.<\/p>\n<p class=\"richtext text-em-55 !leading-serif mx-6 desktop:mx-0\">Die Abk\u00fcrzung \u201eZwar\u201c steht f\u00fcr \u201eZwischen Arbeit und Ruhestand\u201c. Zum zweiten Mal ist die Fotogruppe zu Gast im Kulturbahnhof. Unter dem Titel \u201eBlick-Wechsel Korschenbroich\u201c zeigen sieben Fotografen und eine Fotografin Aufnahmen, die die Stadt Korschenbroich und ihre Umgebung aus unterschiedlichen Perspektiven zeigen. Mit einem kreativen Blick auf das Allt\u00e4gliche kann Vertrautes neu zu entdeckt werden.<\/p>\n<p class=\"richtext text-em-55 !leading-serif mx-6 desktop:mx-0\">Die Ausstellung wird von Museumsleiterin Hilla Baecker er\u00f6ffnet. Stefan Schmitt, 1. Vorsitzender des Heimatvereins Korschenbroich, h\u00e4lt einen Einf\u00fchrungsvortrag. Die Schau dauert bis 11. Oktober, \u00d6ffnungszeiten: Sonntags von 14 bis 17 Uhr.<\/p>\n","protected":false},"excerpt":{"rendered":"In Regenbogenfarben leuchtet die gl\u00e4serne Fassade des Paragon-Geb\u00e4udes in Korschenbroich. Fotografin Monika Bet hat diese irisierende Lichtstimmung mit&hellip;\n","protected":false},"author":2,"featured_media":1258858,"comment_status":"","ping_status":"","sticky":false,"template":"","format":"standard","meta":{"footnotes":"","_share_on_mastodon":"0"},"categories":[1775],"tags":[1793,29,214,10790,30,24741,42998,2075,1794,215,27898],"class_list":["post-1258857","post","type-post","status-publish","format-standard","has-post-thumbnail","category-kunst-und-design","tag-art-and-design","tag-deutschland","tag-entertainment","tag-fotografen","tag-germany","tag-korschenbroich","tag-kulturbahnhof","tag-kunst","tag-kunst-und-design","tag-unterhaltung","tag-werke"],"share_on_mastodon":{"url":"https:\/\/pubeurope.com\/@de\/117154083321793455","error":""},"_links":{"self":[{"href":"https:\/\/www.europesays.com\/de\/wp-json\/wp\/v2\/posts\/1258857","targetHints":{"allow":["GET"]}}],"collection":[{"href":"https:\/\/www.europesays.com\/de\/wp-json\/wp\/v2\/posts"}],"about":[{"href":"https:\/\/www.europesays.com\/de\/wp-json\/wp\/v2\/types\/post"}],"author":[{"embeddable":true,"href":"https:\/\/www.europesays.com\/de\/wp-json\/wp\/v2\/users\/2"}],"replies":[{"embeddable":true,"href":"https:\/\/www.europesays.com\/de\/wp-json\/wp\/v2\/comments?post=1258857"}],"version-history":[{"count":0,"href":"https:\/\/www.europesays.com\/de\/wp-json\/wp\/v2\/posts\/1258857\/revisions"}],"wp:featuredmedia":[{"embeddable":true,"href":"https:\/\/www.europesays.com\/de\/wp-json\/wp\/v2\/media\/1258858"}],"wp:attachment":[{"href":"https:\/\/www.europesays.com\/de\/wp-json\/wp\/v2\/media?parent=1258857"}],"wp:term":[{"taxonomy":"category","embeddable":true,"href":"https:\/\/www.europesays.com\/de\/wp-json\/wp\/v2\/categories?post=1258857"},{"taxonomy":"post_tag","embeddable":true,"href":"https:\/\/www.europesays.com\/de\/wp-json\/wp\/v2\/tags?post=1258857"}],"curies":[{"name":"wp","href":"https:\/\/api.w.org\/{rel}","templated":true}]}}