{"id":1258859,"date":"2026-08-25T03:44:25","date_gmt":"2026-08-25T03:44:25","guid":{"rendered":"https:\/\/www.europesays.com\/de\/1258859\/"},"modified":"2026-08-25T03:44:25","modified_gmt":"2026-08-25T03:44:25","slug":"trotz-regelaenderungen-niederlaendischer-sender-avrotos-haelt-an-esc-boykott-fest-medien","status":"publish","type":"post","link":"https:\/\/www.europesays.com\/de\/1258859\/","title":{"rendered":"Trotz Regel\u00e4nderungen: Niederl\u00e4ndischer Sender Avrotos h\u00e4lt an ESC-Boykott fest &#8211; Medien"},"content":{"rendered":"<p data-manual=\"paragraph\" data-schema-org-speakable=\"true\" class=\"css-1eosz7k\">Der niederl\u00e4ndische Sender Avrotros h\u00e4lt den European Song Contest f\u00fcr \u201enicht mehr neutral\u201c.\u00a0 Er will deshalb auch 2027 nicht an dem Wettbewerb teilnehmen, den er in diesem Jahr boykottiert hat, wie vier weitere Rundfunkanstalten, die f\u00fcr ihr Land K\u00fcnstler h\u00e4tten entsenden sollen.<\/p>\n<p data-manual=\"paragraph\" data-schema-org-speakable=\"true\" class=\"css-1eosz7k\">Sie protestierten damit gegen das milit\u00e4rische Vorgehen des ESC-Teilnehmerlandes <a href=\"https:\/\/www.sueddeutsche.de\/thema\/Israel\" rel=\"nofollow noopener\" target=\"_blank\">Israel<\/a> im Gazastreifen, auch wegen des Vorwurfs, die israelische Regierung missbrauche den Wettbewerb zur Imagepflege und versuche, mit staatlichen Kampagnen das Ergebnis zu beeinflussen. Die European Broadcasting Union (EBU), die den ESC ausrichtet, \u00fcberarbeitete in mehreren Schritten ihr Regelwerk, um dieser Kritik zu begegnen. Versuche der Beeinflussung sollten durch eine st\u00e4rkere Rolle der Jury und die Begrenzung der Stimmenanzahl pro Person verhindert werden.<\/p>\n<p data-manual=\"paragraph\" data-schema-org-speakable=\"true\" class=\"css-1eosz7k\">Mitte August kam noch der Beschluss hinzu, dass L\u00e4nder in \u201eheikler geopolitischer Lage\u201c \u2013 wie Israel \u2013 nicht zum Gastgeberland werden k\u00f6nnen, auch wenn sie den Wettbewerb gewinnen. Die schwedische Zeitung\u00a0Aftonbladet\u00a0berichtete au\u00dferdem von einem Vorschlag der EBU an die Teilnehmerl\u00e4nder, die Abstimmung des Publikums komplett ins Internet zu verlegen,\u00a0die Stimmen m\u00fcssten auf mindestens drei Lieder verteilt werden. Auch das richtete sich gegen den bef\u00fcrchteten Einfluss staatlicher Kampagnen.<\/p>\n<p>Der ESC sei \u201ezu einer B\u00fchne der Spaltung\u201c geworden<\/p>\n<p data-manual=\"paragraph\" data-schema-org-speakable=\"true\" class=\"css-1eosz7k\">Diese Anpassungen erzeugten aus Sicht des Senders jedoch \u201enicht gen\u00fcgend Vertrauen, dass der unabh\u00e4ngige und neutrale Charakter des Song Contests wiederhergestellt werden kann\u201c, sagt Avrotros nun. \u201eEines der teilnehmenden L\u00e4nder\u201c sei noch immer \u201ein einen gro\u00df angelegten milit\u00e4rischen Konflikt\u201c verwickelt. Israel wird nicht namentlich genannt, die Beschreibung passt auch auf die Ukraine, es hei\u00dft in der Erkl\u00e4rung aber: \u201eDie geopolitischen Spannungen im Nahen Osten belasten den Song Contest zu stark.\u201c Der Sender nennt zudem das \u201eschwere humanit\u00e4re Leid im Gazastreifen und die anhaltenden Angriffe auf die Pressefreiheit\u201c als Grund f\u00fcr die Fortsetzung des Boykotts.<\/p>\n<p data-manual=\"paragraph\" data-schema-org-speakable=\"true\" class=\"css-1eosz7k\">Der Gesch\u00e4ftsf\u00fchrer von Avrotros, Taco Zimmerman, l\u00e4sst sich mit der Einsch\u00e4tzung zitieren, dass der ESC \u201ezu einer B\u00fchne der Spaltung\u201c geworden sei. Sein Sender m\u00fcsse aber \u201eseinen Werten treu\u201c bleiben und \u00fcbertrage deshalb die Verantwortung f\u00fcr die niederl\u00e4ndische Teilnahme zur\u00fcck an die NPO, den Dachverband der \u00f6ffentlich-rechtlichen Sender in den Niederlanden.<\/p>\n<p data-manual=\"paragraph\" data-schema-org-speakable=\"true\" class=\"css-1eosz7k\">Dort muss nun entschieden werden, ob das Land am ESC 2027 teilnimmt.<\/p>\n","protected":false},"excerpt":{"rendered":"Der niederl\u00e4ndische Sender Avrotros h\u00e4lt den European Song Contest f\u00fcr \u201enicht mehr neutral\u201c.\u00a0 Er will deshalb auch 2027&hellip;\n","protected":false},"author":2,"featured_media":1258860,"comment_status":"","ping_status":"","sticky":false,"template":"","format":"standard","meta":{"footnotes":"","_share_on_mastodon":"0"},"categories":[1773],"tags":[29,214,4629,4631,30,411,62,6000,965,1703,471,1780,149,215],"class_list":["post-1258859","post","type-post","status-publish","format-standard","has-post-thumbnail","category-serien","tag-deutschland","tag-entertainment","tag-esc","tag-eurovision-song-contest","tag-germany","tag-israel","tag-medien","tag-nahost","tag-niederlande","tag-pop","tag-serien","tag-series","tag-sueddeutsche-zeitung","tag-unterhaltung"],"share_on_mastodon":{"url":"https:\/\/pubeurope.com\/@de\/117154091278514655","error":""},"_links":{"self":[{"href":"https:\/\/www.europesays.com\/de\/wp-json\/wp\/v2\/posts\/1258859","targetHints":{"allow":["GET"]}}],"collection":[{"href":"https:\/\/www.europesays.com\/de\/wp-json\/wp\/v2\/posts"}],"about":[{"href":"https:\/\/www.europesays.com\/de\/wp-json\/wp\/v2\/types\/post"}],"author":[{"embeddable":true,"href":"https:\/\/www.europesays.com\/de\/wp-json\/wp\/v2\/users\/2"}],"replies":[{"embeddable":true,"href":"https:\/\/www.europesays.com\/de\/wp-json\/wp\/v2\/comments?post=1258859"}],"version-history":[{"count":0,"href":"https:\/\/www.europesays.com\/de\/wp-json\/wp\/v2\/posts\/1258859\/revisions"}],"wp:featuredmedia":[{"embeddable":true,"href":"https:\/\/www.europesays.com\/de\/wp-json\/wp\/v2\/media\/1258860"}],"wp:attachment":[{"href":"https:\/\/www.europesays.com\/de\/wp-json\/wp\/v2\/media?parent=1258859"}],"wp:term":[{"taxonomy":"category","embeddable":true,"href":"https:\/\/www.europesays.com\/de\/wp-json\/wp\/v2\/categories?post=1258859"},{"taxonomy":"post_tag","embeddable":true,"href":"https:\/\/www.europesays.com\/de\/wp-json\/wp\/v2\/tags?post=1258859"}],"curies":[{"name":"wp","href":"https:\/\/api.w.org\/{rel}","templated":true}]}}