{"id":125888,"date":"2025-05-20T16:43:10","date_gmt":"2025-05-20T16:43:10","guid":{"rendered":"https:\/\/www.europesays.com\/de\/125888\/"},"modified":"2025-05-20T16:43:10","modified_gmt":"2025-05-20T16:43:10","slug":"theaterstueck-im-weiler-kesselhaus-der-ozeanpianist-und-sein-geheimnis-weil-am-rhein","status":"publish","type":"post","link":"https:\/\/www.europesays.com\/de\/125888\/","title":{"rendered":"Theaterst\u00fcck im Weiler Kesselhaus: Der Ozeanpianist und sein Geheimnis &#8211; Weil am Rhein"},"content":{"rendered":"<p class=\"article-site__ressore | pb-400\">Theater im Kesselhaus<\/p>\n<p class=\"article-site__topic article-site-plr | mb-1000\">\n\t\t\t<img loading=\"lazy\" decoding=\"async\" class=\"badge\" src=\"https:\/\/www.europesays.com\/de\/wp-content\/uploads\/2025\/04\/premium-bzo.svg.svg+xml\" alt=\"BZ-Plus\" title=\"BZ-Plus\" width=\"50\" height=\"16\"\/><br \/>\n\t\t\t<strong><br \/>\n\t\t\t\t\t\t\t\t\t\t\t\t\tAssoziationsreich hat die Theatergruppe Tempus fugit ihr Publikum im Weiler Kesselhaus auf eine maritime Reise entf\u00fchrt. Nun folgen weitere Vorstellungen in L\u00f6rrach.<br \/>\n\t\t\t\t\t\t\t<\/strong><br \/>\n\t\t\t\u00a0<\/p>\n<p>        Wir ben\u00f6tigen Ihre Zustimmung um BotTalk anzuzeigen<\/p>\n<p class=\"mb-400\">Unter Umst\u00e4nden sammelt BotTalk personenbezogene Daten f\u00fcr eigene Zwecke und verarbeitet diese in einem Land mit nach EU-Standards nicht ausreichenden Datenschutzniveau.<\/p>\n<p class=\"mb-900\">Durch Klick auf &#8222;Akzeptieren&#8220; geben Sie Ihre Einwilligung f\u00fcr die Daten\u00fcbermittlung, die Sie jederzeit \u00fcber Cookie-Einstellungen widerrufen k\u00f6nnen.<\/p>\n<p>        <a data-cmp-servicename=\"BotTalk\" href=\"#\" class=\"cmpButtonAccept btn | bg-primary-400 fc-neutral-100\">Akzeptieren<\/a><br \/>\n        <a href=\"#\" onclick=\"UC_UI.showSecondLayer(); return false;\" class=\"fs-300\">Mehr Informationen<\/a><\/p>\n<p>Eine Schiffsglocke ert\u00f6nt. Es tutet. Im St\u00fcck &#8222;Novecento &#8211; Die Legende vom Ozeanpianisten&#8220; f\u00fchlt sich das Publikum im Weiler Kesselhaus &#8230;<\/p>\n<p>\t\t\t&gt;<\/p>\n<p>\t\tArtikel verlinken<\/p>\n<p class=\"pb-400\">Wenn Sie auf diesen Artikel von badische-zeitung.de verlinken m\u00f6chten, k\u00f6nnen Sie einfach und kostenlos folgenden HTML-Code in Ihre Internetseite einbinden:<\/p>\n<p>\t\t\t<a href=\"https:\/\/www.badische-zeitung.de\/theaterstueck-im-weiler-kesselhaus-der-ozeanpianist-und-sein-geheimnis\" target=\"_top\" rel=\"noopener\"><strong>Theaterst\u00fcck im Weiler Kesselhaus: Der Ozeanpianist und sein Geheimnis<\/strong> (ver\u00f6ffentlicht am Di, 20. Mai 2025, 18:30 Uhr auf badische-zeitung.de)<\/a><\/p>\n<p class=\"lh-0\">\n\t\t\t\u00a9 2025 Badische Zeitung. Keine Gew\u00e4hr f\u00fcr die Richtigkeit der Angaben.<br \/>Bitte beachten Sie auch folgende <a href=\"https:\/\/www.badische-zeitung.de\/service\/agb.html\" target=\"_blank\" rel=\"noopener\">Nutzungshinweise<\/a>, die <a href=\"https:\/\/www.badische-zeitung.de\/service\/datenschutz.html\" target=\"_blank\" title=\"Zur Datenschutzerkl\u00ef\u00bf\u00bdrung\" rel=\"noopener\">Datenschutzerkl\u00e4rung<\/a> und das <a href=\"https:\/\/www.badische-zeitung.de\/service\/impressum.html\" target=\"_blank\" title=\"Zum Impressum\" rel=\"noopener\">Impressum<\/a>.\n\t\t<\/p>\n","protected":false},"excerpt":{"rendered":"Theater im Kesselhaus Assoziationsreich hat die Theatergruppe Tempus fugit ihr Publikum im Weiler Kesselhaus auf eine maritime Reise&hellip;\n","protected":false},"author":2,"featured_media":125889,"comment_status":"","ping_status":"","sticky":false,"template":"","format":"standard","meta":{"footnotes":""},"categories":[1846],"tags":[680,772,20134,47231,3364,29,548,663,3934,3229,30,13,14,15,47232,12,94,47233],"class_list":{"0":"post-125888","1":"post","2":"type-post","3":"status-publish","4":"format-standard","5":"has-post-thumbnail","7":"category-augsburg","8":"tag-augsburg","9":"tag-bayern","10":"tag-darsteller","11":"tag-darstellerinnen","12":"tag-de","13":"tag-deutschland","14":"tag-eu","15":"tag-europa","16":"tag-europe","17":"tag-geheimnis","18":"tag-germany","19":"tag-headlines","20":"tag-nachrichten","21":"tag-news","22":"tag-ozeanpianist","23":"tag-schlagzeilen","24":"tag-theater","25":"tag-weiler"},"share_on_mastodon":{"url":"https:\/\/pubeurope.com\/@de\/114541166792479988","error":""},"_links":{"self":[{"href":"https:\/\/www.europesays.com\/de\/wp-json\/wp\/v2\/posts\/125888","targetHints":{"allow":["GET"]}}],"collection":[{"href":"https:\/\/www.europesays.com\/de\/wp-json\/wp\/v2\/posts"}],"about":[{"href":"https:\/\/www.europesays.com\/de\/wp-json\/wp\/v2\/types\/post"}],"author":[{"embeddable":true,"href":"https:\/\/www.europesays.com\/de\/wp-json\/wp\/v2\/users\/2"}],"replies":[{"embeddable":true,"href":"https:\/\/www.europesays.com\/de\/wp-json\/wp\/v2\/comments?post=125888"}],"version-history":[{"count":0,"href":"https:\/\/www.europesays.com\/de\/wp-json\/wp\/v2\/posts\/125888\/revisions"}],"wp:featuredmedia":[{"embeddable":true,"href":"https:\/\/www.europesays.com\/de\/wp-json\/wp\/v2\/media\/125889"}],"wp:attachment":[{"href":"https:\/\/www.europesays.com\/de\/wp-json\/wp\/v2\/media?parent=125888"}],"wp:term":[{"taxonomy":"category","embeddable":true,"href":"https:\/\/www.europesays.com\/de\/wp-json\/wp\/v2\/categories?post=125888"},{"taxonomy":"post_tag","embeddable":true,"href":"https:\/\/www.europesays.com\/de\/wp-json\/wp\/v2\/tags?post=125888"}],"curies":[{"name":"wp","href":"https:\/\/api.w.org\/{rel}","templated":true}]}}