{"id":1258968,"date":"2026-08-25T04:56:37","date_gmt":"2026-08-25T04:56:37","guid":{"rendered":"https:\/\/www.europesays.com\/de\/1258968\/"},"modified":"2026-08-25T04:56:37","modified_gmt":"2026-08-25T04:56:37","slug":"bericht-deniz-undav-wird-neuer-kapitaen-beim-vfb-stuttgart-4","status":"publish","type":"post","link":"https:\/\/www.europesays.com\/de\/1258968\/","title":{"rendered":"Bericht: Deniz Undav wird neuer Kapit\u00e4n beim VfB Stuttgart"},"content":{"rendered":"<p><a href=\"https:\/\/www.onetz.de\/f\/ic\/ga-large\/articlemedia\/2026\/08\/24\/50454c8b-c031-4005-940e-2da3074a7e60.jpg\" class=\"ps-item\" data-psg=\"https:\/\/www.onetz.de\/sport\/1\" data-size=\"960x640\" data-caption=\"&lt;div&gt;Bild: Tom Weller\/dpa&lt;\/div&gt;Der Kapit\u00e4n und sein m\u00f6glicher Nachfolger: Atakan Karazor (r) muss die Binde offenbar an Deniz Undav abgeben. (Archivbild)\" rel=\"nofollow noopener\" target=\"_blank\"><img loading=\"lazy\" decoding=\"async\" src=\"https:\/\/www.europesays.com\/de\/wp-content\/uploads\/2026\/08\/50454c8b-c031-4005-940e-2da3074a7e60.jpg\" alt=\"Der Kapit\u00e4n und sein m\u00f6glicher Nachfolger: Atakan Karazor (r) muss die Binde offenbar an Deniz Undav abgeben. (Archivbild) Bild: Tom Weller\/dpa\" title=\"\" width=\"805\" height=\"453\" class=\"img-responsive\"\/><\/a><\/p>\n<p>Der Kapit\u00e4n und sein m\u00f6glicher Nachfolger: Atakan Karazor (r) muss die Binde offenbar an Deniz Undav abgeben. (Archivbild)<\/p>\n<p>Bild: Tom Weller\/dpa<\/p>\n<p>Der VfB Stuttgart hat seine Kapit\u00e4nsfrage wenige Tage vor dem Bundesliga-Er\u00f6ffnungsspiel beim FC Bayern M\u00fcnchen offenbar gekl\u00e4rt. Nach Sky-Informationen soll Fu\u00dfball-Nationalspieler Deniz Undav die Binde vom bisherigen Amtsinhaber Atakan Karazor \u00fcbernehmen. Dies sei intern bereits entschieden worden.<\/p>\n<p>Der 30 Jahre alte Undav hatte kurz vor Beginn der Weltmeisterschaft seinen Vertrag bei den Schwaben vorzeitig bis Mitte 2029 verl\u00e4ngert und gilt am Neckar als Publikumsliebling. Die Stuttgarter gastieren am Freitag (20.30 Uhr\/Sat.1) zum Liga-Auftakt in der M\u00fcnchner Arena.<\/p>\n<p>Karazor hatte 2024 Waldemar Anton abgel\u00f6st <\/p>\n<p>Mit Karazors Amtszeit hatte sich VfB-Trainer Sebastian Hoene\u00df zuletzt zufrieden gezeigt. \u201eWas klar ist, dass Ata jetzt zwei Jahre Kapit\u00e4n war und das Amt aus meiner Sicht sehr gut ausge\u00fcbt hat. Deswegen m\u00fcssen wir jetzt mal schauen, wie sich die Dinge entwickeln\u201c, erkl\u00e4rte der Coach vor zweieinhalb Wochen.<\/p>\n<p>Der 29 Jahre alte Karazor hatte im Sommer 2024 das Amt von dem zu Borussia Dortmund gewechselten Waldemar Anton \u00fcbernommen. Beim VfB-Sieg in der ersten Runde des DFB-Pokals bei Hansa Rostock (4:0) sa\u00df der Mittelfeldspieler allerdings \u00fcber die komplette Spielzeit nur auf der Bank. Die Binde hatte Undav getragen.\u00a0<\/p>\n<p>Karazor steht seit 2019 in Stuttgart unter Vertrag und ist zusammen mit Torwart Fabian Bredlow der dienst\u00e4lteste Profi im Kader des Champions-League-Teilnehmers.<\/p>\n<p>\u00a9 dpa-infocom, dpa:260824-930-576901\/1<\/p>\n","protected":false},"excerpt":{"rendered":"Der Kapit\u00e4n und sein m\u00f6glicher Nachfolger: Atakan Karazor (r) muss die Binde offenbar an Deniz Undav abgeben. (Archivbild)&hellip;\n","protected":false},"author":2,"featured_media":1258969,"comment_status":"","ping_status":"","sticky":false,"template":"","format":"standard","meta":{"footnotes":"","_share_on_mastodon":"0"},"categories":[1830],"tags":[1634,299,3364,29,7488,347,30,265,1441,2915],"class_list":["post-1258968","post","type-post","status-publish","format-standard","has-post-thumbnail","category-stuttgart","tag-baden-wuerttemberg","tag-bundesliga","tag-de","tag-deutschland","tag-dpa","tag-fussball","tag-germany","tag-sport","tag-stuttgart","tag-vfb-stuttgart"],"share_on_mastodon":{"url":"https:\/\/pubeurope.com\/@de\/117154376119460494","error":""},"_links":{"self":[{"href":"https:\/\/www.europesays.com\/de\/wp-json\/wp\/v2\/posts\/1258968","targetHints":{"allow":["GET"]}}],"collection":[{"href":"https:\/\/www.europesays.com\/de\/wp-json\/wp\/v2\/posts"}],"about":[{"href":"https:\/\/www.europesays.com\/de\/wp-json\/wp\/v2\/types\/post"}],"author":[{"embeddable":true,"href":"https:\/\/www.europesays.com\/de\/wp-json\/wp\/v2\/users\/2"}],"replies":[{"embeddable":true,"href":"https:\/\/www.europesays.com\/de\/wp-json\/wp\/v2\/comments?post=1258968"}],"version-history":[{"count":0,"href":"https:\/\/www.europesays.com\/de\/wp-json\/wp\/v2\/posts\/1258968\/revisions"}],"wp:featuredmedia":[{"embeddable":true,"href":"https:\/\/www.europesays.com\/de\/wp-json\/wp\/v2\/media\/1258969"}],"wp:attachment":[{"href":"https:\/\/www.europesays.com\/de\/wp-json\/wp\/v2\/media?parent=1258968"}],"wp:term":[{"taxonomy":"category","embeddable":true,"href":"https:\/\/www.europesays.com\/de\/wp-json\/wp\/v2\/categories?post=1258968"},{"taxonomy":"post_tag","embeddable":true,"href":"https:\/\/www.europesays.com\/de\/wp-json\/wp\/v2\/tags?post=1258968"}],"curies":[{"name":"wp","href":"https:\/\/api.w.org\/{rel}","templated":true}]}}