{"id":1259016,"date":"2026-08-25T05:26:21","date_gmt":"2026-08-25T05:26:21","guid":{"rendered":"https:\/\/www.europesays.com\/de\/1259016\/"},"modified":"2026-08-25T05:26:21","modified_gmt":"2026-08-25T05:26:21","slug":"hinweise-auf-massive-missstaende-in-oberbayerischer-rehaklinik","status":"publish","type":"post","link":"https:\/\/www.europesays.com\/de\/1259016\/","title":{"rendered":"Hinweise auf massive Missst\u00e4nde in oberbayerischer Rehaklinik"},"content":{"rendered":"<p>            <img loading=\"lazy\" decoding=\"async\" class=\"ts-image\" src=\"https:\/\/www.europesays.com\/de\/wp-content\/uploads\/2026\/08\/seniorenheim-102.jpg\" alt=\"Eine Mitarbeiterin eines Seniorenheims schiebt eine Bewohnerin \u00fcber einen Flur.\" title=\"Eine Mitarbeiterin eines Seniorenheims schiebt eine Bewohnerin \u00fcber einen Flur. | Christoph Reichwein\/dpa\"\/><\/p>\n<p>                    <strong>Exklusiv<\/strong><\/p>\n<p class=\"metatextline\">Stand: 25.08.2026 \u2022 05:00 Uhr<\/p>\n<p class=\"article-head__shorttext\">\n        <strong>BR-Recherchen zeigen schwere Missst\u00e4nde in einer geriatrischen Rehaklinik in Oberbayern. Ein weiteres Haus der Betreiber wurde im Fr\u00fchjahr aus \u00e4hnlichen Gr\u00fcnden geschlossen. Hauptgesellschafter ist ein Finanzinvestor.<\/strong>\n    <\/p>\n<p>Von Claudia G\u00fcrkov, Kira Lorenz und Ludwig Spitaler, BR\n                    <\/p>\n<p class=\"textabsatz m-ten m-offset-one l-eight l-offset-two columns twelve\">Stephan L. steht vor der geriatrischen Rehaklinik in Bruckm\u00fchl. Er ist sicher, der Aufenthalt hier hat seiner betagten Mutter eher geschadet als geholfen. Die Seniorin hatte Blasenkrebs und gerade einen k\u00fcnstlichen Ausgang, ein sogenanntes Stoma, bekommen, als sie im Oktober 2024 hier ankam. Die Reha musste sie nach wenigen Tagen abbrechen, erz\u00e4hlt Stephan L.: &#8222;Der k\u00fcnstliche Blasenausgang muss sp\u00e4testens alle drei Tage gereinigt und desinfiziert werden. Das ist nicht passiert.&#8220; Seine Mutter kam mit einer schweren Infektion in ein Krankenhaus.<\/p>\n<p class=\"textabsatz m-ten m-offset-one l-eight l-offset-two columns twelve\">Auf Beschwerden der Familie hin kommt 2025 ein Entschuldigungsschreiben der Geriatrischen Rehabilitation Oberbayern Bruckm\u00fchl GmbH, das dem BR vorliegt.<\/p>\n<p>    Immer wieder Hinweise auf Missst\u00e4nde<\/p>\n<p class=\"textabsatz m-ten m-offset-one l-eight l-offset-two columns twelve\">Senioren und Angeh\u00f6rige von Patienten, die zwischen 2024 und Mitte Juli 2026 in der Rehaklinik Bruckm\u00fchl waren, erheben im Interview mit report M\u00fcnchen schwere Vorw\u00fcrfe: Demnach erhielten manche der Patienten in der Rehaklinik Bruckm\u00fchl nicht die verordneten Medikamente, in mehreren F\u00e4llen verschwanden mitgebrachte Medikamentenvorr\u00e4te. Wunden oder k\u00fcnstliche Ausg\u00e4nge sollen teils nicht oder unzureichend versorgt worden sein.<\/p>\n<p class=\"textabsatz m-ten m-offset-one l-eight l-offset-two columns twelve\">Au\u00dferdem, berichten Gespr\u00e4chspartner, habe es nur wenige Anwendungen gegeben. Es sei zu wenig Personal vor Ort gewesen, auf Klingeln habe das Personal teils erst sehr sp\u00e4t reagiert. Das Essen wird \u00fcbereinstimmend als zu wenig und von schlechter Qualit\u00e4t beschrieben. Teils nahmen Patienten stark ab.<\/p>\n<p class=\"textabsatz m-ten m-offset-one l-eight l-offset-two columns twelve\">Das zust\u00e4ndige Landratsamt Rosenheim schreibt dem BR, es h\u00e4tten seit 2023 regelm\u00e4\u00dfige Begehungen stattgefunden. Auf einzelne Patientenbeschwerden habe die Klinikleitung zeitnah reagiert. Nach einer unangek\u00fcndigten Routinekontrolle im Fr\u00fchjahr seien keine Ma\u00dfnahmen erforderlich gewesen.<\/p>\n<p>    Betreiber lassen Vorw\u00fcrfe zur\u00fcckweisen<\/p>\n<p class=\"textabsatz m-ten m-offset-one l-eight l-offset-two columns twelve\">Die Betreiber haben eine Agentur f\u00fcr Krisenkommunikation mit der Antwort an den BR beauftragt: Sie weist Vorw\u00fcrfe &#8211; insbesondere zum Umgang mit Medikamenten und zu \u00fcberlangen Reaktionszeiten auf Patientenrufe &#8211; zur\u00fcck. Strukturell bedingte Patientensch\u00e4digungen oder einen patientengef\u00e4hrdenden Betrieb habe es demnach nicht gegeben.<\/p>\n<p class=\"textabsatz m-ten m-offset-one l-eight l-offset-two columns twelve\">Der PR-Berater betont, wie viel investiert und an Prozessen und Strukturen ge\u00e4ndert worden sei. In Bruckm\u00fchl h\u00e4tten die Bem\u00fchungen der Betreiber zu &#8222;einer nachhaltig funktionierenden geriatrischen Rehaklinik gef\u00fchrt&#8220;.<\/p>\n<p>    Todesf\u00e4lle in anderer Klinik des Betreibers<\/p>\n<p class=\"textabsatz m-ten m-offset-one l-eight l-offset-two columns twelve\">Ganz \u00e4hnliche Missst\u00e4nde hatte das Landratsamt Bad T\u00f6lz-Wolfratshausen in der anderen geriatrischen Rehaklinik der Betreiber in Lenggries vorgefunden. Seit 2023 ermittelt die Staatsanwaltschaft M\u00fcnchen II, sie pr\u00fcft inzwischen eine mittlere zweistellige Zahl an Todesf\u00e4llen. Au\u00dferdem ermittelt sie wegen des Verdachts auf vors\u00e4tzliche K\u00f6rperverletzung.<\/p>\n<p class=\"textabsatz m-ten m-offset-one l-eight l-offset-two columns twelve\">Das Haus wurde im Fr\u00fchjahr 2026 nach erneuten schweren M\u00e4ngeln bei Patientenversorgung, Personal und Hygiene geschlossen. Das Landratsamt Bad T\u00f6lz-Wolfratshausen hatte die Rehaklinik in Lenggries zuvor regelm\u00e4\u00dfig und teils unangek\u00fcndigt kontrolliert. Von Betreiberseite hei\u00dft es: &#8222;Patienten wurden nicht gef\u00e4hrdet, geschweige denn konkret gesch\u00e4digt.&#8220; Er betont, dass man die Klinik Lenggries aus wirtschaftlichen Gr\u00fcnden, nicht aufgrund medizinischer Qualit\u00e4tsm\u00e4ngel geschlossen h\u00e4tte.<\/p>\n<p>    Finanzinvestor als Hauptgesellschafter<\/p>\n<p class=\"textabsatz m-ten m-offset-one l-eight l-offset-two columns twelve\">Hauptgesellschafter der Betreiberholding beider Rehakliniken ist seit 2020 der Finanzinvestor Auctus. Auf Anfrage hei\u00dft es von Auctus, man nehme die Vorw\u00fcrfe sehr ernst, sei aber nicht in den medizinischen oder pflegerischen Betrieb der Kliniken eingebunden.<\/p>\n<p class=\"textabsatz m-ten m-offset-one l-eight l-offset-two columns twelve\">Der Finanzinvestor betont: &#8222;Wir haben zu keinem Zeitpunkt Gewinn- oder Renditeziele f\u00fcr die Kliniken vorgegeben.&#8220; Gewinne habe man nicht gemacht.<\/p>\n<p>    Investoren an deutschen Rehakliniken interessiert<\/p>\n<p class=\"textabsatz m-ten m-offset-one l-eight l-offset-two columns twelve\">2023 waren laut Statistischem Bundesamt rund 66 Prozent der Reha-Betten in Deutschland in privater Hand. Der US-Immobiliendienstleister Cushman &amp; Wakefield empfiehlt Anlegern im Januar 2024 zu investieren: &#8222;Die Reha-Immobilie erfreut sich dank stabiler Belegungsquoten, sicherer Cashflows durch langfristige Mietvertr\u00e4ge, geringer Kostenrisiken und attraktiver Renditen gro\u00dfer Beliebtheit im institutionellen Anlegerportfolio.&#8220;<\/p>\n<p class=\"textabsatz m-ten m-offset-one l-eight l-offset-two columns twelve\">Andreas Beivers von der Hochschule Fresenius M\u00fcnchen versteht das Interesse der Investoren: Aufgrund der Alterung der Gesellschaft bestehe ein wachsender Bedarf an geriatrischen Rehakliniken. Es spreche bei guter Versorgung nichts gegen Rendite im Gesundheitswesen, so Beivers, aber es m\u00fcsse klare Regeln geben. Er schl\u00e4gt vor, l\u00e4ngerfristige Investitionen zu verlangen. Bei schlechter Versorgung m\u00fcsse es zudem Sanktionen geben: &#8222;Es muss vermieden werden &#8211; unabh\u00e4ngig vom Tr\u00e4ger &#8211; dass Einsparungen zu Lasten der Patienten gehen.&#8220;<\/p>\n<p>    Intransparentes System<\/p>\n<p class=\"textabsatz m-ten m-offset-one l-eight l-offset-two columns twelve\">Das Reha-System in Deutschland ist intransparent. Die Versorgungsvertr\u00e4ge handelt jeder Betreiber mit den einzelnen Krankenkassen aus. Hinzu kommen Schlupfl\u00f6cher bei der Verg\u00fctung, erkl\u00e4rt eine hochrangige Quelle aus der Gesetzlichen Krankenversicherung: &#8222;Rehaklinikbetreiber legen uns Kalkulationen vor. Das ist die Vorhersage, was der Betreiber in den n\u00e4chsten zw\u00f6lf Monaten an Ausgaben erwartet. Wir k\u00f6nnen nicht einmal im Nachgang konkrete Belege f\u00fcr diese Kalkulationen fordern.&#8220;<\/p>\n<p class=\"textabsatz m-ten m-offset-one l-eight l-offset-two columns twelve\">Pro Patient erh\u00e4lt eine geriatrische Rehaklinik am Tag eine Pauschale zwischen 280 und 350 Euro, berichtet die GKV-Quelle. Die Kassen k\u00f6nnen nicht sehen, welche Therapien ein einzelner Patient bekommt. Die Rehaklinikbetreiber reichen die Gesamtzahl der dokumentierten Anwendungen ein, keine Belege. Auch die Auslastung einer Rehaklinik k\u00f6nnen die Krankenkassen nicht pr\u00fcfen, sie wissen nur von ihren eigenen Versicherten. So wird wie im Fall der Rehaklinik in Lenggries eine \u00dcberbelegung m\u00f6glich.<\/p>\n<p>    L\u00fccken bei der Aufsicht von Rehakliniken<\/p>\n<p class=\"textabsatz m-ten m-offset-one l-eight l-offset-two columns twelve\">Auf BR-Anfrage schreibt die Arbeitsgemeinschaft der Krankenkassenverb\u00e4nde in Bayern (ARGE), die Kontroll- und Eingriffsm\u00f6glichkeiten seien gesetzlich eingeschr\u00e4nkt: &#8222;So sind beispielsweise unangek\u00fcndigte Kontrollen gesetzlich nicht vorgesehen.&#8220; Tats\u00e4chlich muss sich der Medizinische Dienst, den die Kassen mit Kontrollen beauftragen, 48 Stunden vorher ank\u00fcndigen. Und auch dann darf er im Wesentlichen nur Papiere und Strukturen pr\u00fcfen.<\/p>\n<p class=\"textabsatz m-ten m-offset-one l-eight l-offset-two columns twelve\">Landrats\u00e4mter hingegen d\u00fcrfen unangek\u00fcndigt kontrollieren. Die gr\u00f6\u00dfte H\u00fcrde sehen Kasseninsider darin, dass Krankenkassen und Landrats\u00e4mter aus datenschutzrechtlichen Gr\u00fcnden nicht zusammenarbeiten d\u00fcrfen. Der M\u00fcnchner Gesundheits\u00f6konom Andreas Beivers h\u00e4lt eine Zusammenarbeit von \u00c4mtern und Medizinischem Dienst f\u00fcr notwendig. Der Experte regt an, dass die Bundesl\u00e4nder analog zu den bestehenden Krankenhauspl\u00e4nen einen Rehaklinikplan entwickeln. Damit w\u00e4re auch der Reha-Markt st\u00e4rker unter staatlicher Aufsicht.<\/p>\n<p class=\"textabsatz m-ten m-offset-one l-eight l-offset-two columns twelve\">Mehr zu diesem Thema sehen Sie heute bei report M\u00fcnchen um 21.45 Uhr im Ersten.<\/p>\n","protected":false},"excerpt":{"rendered":"Exklusiv Stand: 25.08.2026 \u2022 05:00 Uhr BR-Recherchen zeigen schwere Missst\u00e4nde in einer geriatrischen Rehaklinik in Oberbayern. Ein weiteres&hellip;\n","protected":false},"author":2,"featured_media":1259017,"comment_status":"","ping_status":"","sticky":false,"template":"","format":"standard","meta":{"footnotes":"","_share_on_mastodon":"0"},"categories":[5],"tags":[13,20069,51640,14,15,2339,74296,12,10,8,9,11],"class_list":["post-1259016","post","type-post","status-publish","format-standard","has-post-thumbnail","category-nachrichten","tag-headlines","tag-klinik","tag-missstaende","tag-nachrichten","tag-news","tag-oberbayern","tag-reha","tag-schlagzeilen","tag-top-news","tag-top-meldungen","tag-topmeldungen","tag-topnews"],"share_on_mastodon":{"url":"https:\/\/pubeurope.com\/@de\/117154493828673625","error":""},"_links":{"self":[{"href":"https:\/\/www.europesays.com\/de\/wp-json\/wp\/v2\/posts\/1259016","targetHints":{"allow":["GET"]}}],"collection":[{"href":"https:\/\/www.europesays.com\/de\/wp-json\/wp\/v2\/posts"}],"about":[{"href":"https:\/\/www.europesays.com\/de\/wp-json\/wp\/v2\/types\/post"}],"author":[{"embeddable":true,"href":"https:\/\/www.europesays.com\/de\/wp-json\/wp\/v2\/users\/2"}],"replies":[{"embeddable":true,"href":"https:\/\/www.europesays.com\/de\/wp-json\/wp\/v2\/comments?post=1259016"}],"version-history":[{"count":0,"href":"https:\/\/www.europesays.com\/de\/wp-json\/wp\/v2\/posts\/1259016\/revisions"}],"wp:featuredmedia":[{"embeddable":true,"href":"https:\/\/www.europesays.com\/de\/wp-json\/wp\/v2\/media\/1259017"}],"wp:attachment":[{"href":"https:\/\/www.europesays.com\/de\/wp-json\/wp\/v2\/media?parent=1259016"}],"wp:term":[{"taxonomy":"category","embeddable":true,"href":"https:\/\/www.europesays.com\/de\/wp-json\/wp\/v2\/categories?post=1259016"},{"taxonomy":"post_tag","embeddable":true,"href":"https:\/\/www.europesays.com\/de\/wp-json\/wp\/v2\/tags?post=1259016"}],"curies":[{"name":"wp","href":"https:\/\/api.w.org\/{rel}","templated":true}]}}