{"id":1259045,"date":"2026-08-25T05:47:16","date_gmt":"2026-08-25T05:47:16","guid":{"rendered":"https:\/\/www.europesays.com\/de\/1259045\/"},"modified":"2026-08-25T05:47:16","modified_gmt":"2026-08-25T05:47:16","slug":"bielefeld-herausfordernde-wohnungssuche-fuer-studierende","status":"publish","type":"post","link":"https:\/\/www.europesays.com\/de\/1259045\/","title":{"rendered":"Bielefeld: Herausfordernde Wohnungssuche f\u00fcr Studierende"},"content":{"rendered":"<p>Trotz des in diesem Sommer viel kleineren Abiturjahrgangs bleibt die Wohnungssuche f\u00fcr Studierende in Ostwestfalen-Lippe schwierig. Das betrifft vor allem Wohnheimpl\u00e4tze. Es gebe einen viel h\u00f6heren Bedarf an bezahlbaren Wohnungen als an Angeboten, sagte ein Sprecher des Bielefelder Studierendenwerks der DPA. Viele Studierende m\u00fcssten mit sehr wenig Geld auskommen.<\/p>\n<p>An kleineren Hochschulstandorten wie Lemgo sei die Lage zwar entspannter, trotzdem sei die Wohnungssuche auch dort eine Herausforderung.<\/p>\n<p>Die hohe Nachfrage nach Wohnheimpl\u00e4tzen erkl\u00e4rt sich auch durch den zuletzt starken Anstieg der internationalen Studierenden in NRW.<\/p>\n<p><a href=\"https:\/\/www.radiolippe.de\/nachrichten\/nrw-und-die-welt.html\" rel=\"nofollow noopener\" target=\"_blank\"><strong>NRW und die Welt<\/strong><\/a><\/p>\n","protected":false},"excerpt":{"rendered":"Trotz des in diesem Sommer viel kleineren Abiturjahrgangs bleibt die Wohnungssuche f\u00fcr Studierende in Ostwestfalen-Lippe schwierig. Das betrifft&hellip;\n","protected":false},"author":2,"featured_media":1259046,"comment_status":"","ping_status":"","sticky":false,"template":"","format":"standard","meta":{"footnotes":"","_share_on_mastodon":"0"},"categories":[1841],"tags":[3803,1605,3364,29,30,1209,176,22058,18171],"class_list":["post-1259045","post","type-post","status-publish","format-standard","has-post-thumbnail","category-bielefeld","tag-studierende","tag-bielefeld","tag-de","tag-deutschland","tag-germany","tag-nordrhein-westfalen","tag-nrw","tag-ostwestfalen-lippe","tag-wohnungssuche"],"share_on_mastodon":{"url":"https:\/\/pubeurope.com\/@de\/117154575030345300","error":""},"_links":{"self":[{"href":"https:\/\/www.europesays.com\/de\/wp-json\/wp\/v2\/posts\/1259045","targetHints":{"allow":["GET"]}}],"collection":[{"href":"https:\/\/www.europesays.com\/de\/wp-json\/wp\/v2\/posts"}],"about":[{"href":"https:\/\/www.europesays.com\/de\/wp-json\/wp\/v2\/types\/post"}],"author":[{"embeddable":true,"href":"https:\/\/www.europesays.com\/de\/wp-json\/wp\/v2\/users\/2"}],"replies":[{"embeddable":true,"href":"https:\/\/www.europesays.com\/de\/wp-json\/wp\/v2\/comments?post=1259045"}],"version-history":[{"count":0,"href":"https:\/\/www.europesays.com\/de\/wp-json\/wp\/v2\/posts\/1259045\/revisions"}],"wp:featuredmedia":[{"embeddable":true,"href":"https:\/\/www.europesays.com\/de\/wp-json\/wp\/v2\/media\/1259046"}],"wp:attachment":[{"href":"https:\/\/www.europesays.com\/de\/wp-json\/wp\/v2\/media?parent=1259045"}],"wp:term":[{"taxonomy":"category","embeddable":true,"href":"https:\/\/www.europesays.com\/de\/wp-json\/wp\/v2\/categories?post=1259045"},{"taxonomy":"post_tag","embeddable":true,"href":"https:\/\/www.europesays.com\/de\/wp-json\/wp\/v2\/tags?post=1259045"}],"curies":[{"name":"wp","href":"https:\/\/api.w.org\/{rel}","templated":true}]}}