{"id":1259120,"date":"2026-08-25T06:39:17","date_gmt":"2026-08-25T06:39:17","guid":{"rendered":"https:\/\/www.europesays.com\/de\/1259120\/"},"modified":"2026-08-25T06:39:17","modified_gmt":"2026-08-25T06:39:17","slug":"coesfelder-liste-koeln-ignorierte-abschiebe-abschiebeskandal-erschuettert-koeln","status":"publish","type":"post","link":"https:\/\/www.europesays.com\/de\/1259120\/","title":{"rendered":"Coesfelder Liste: K\u00f6ln ignorierte Abschiebe Abschiebeskandal ersch\u00fcttert K\u00f6ln"},"content":{"rendered":"<p>Asylskandal w\u00fchlt K\u00f6ln aufJede dritte Person auf ignorierter Abschiebeliste beging Straftaten<\/p>\n<p>25.08.2026, 08:22 Uhr <\/p>\n<p>Artikel anh\u00f6ren(04:08 min)<\/p>\n<p><img decoding=\"async\" class=\"Image_img__fQCi0 Image_Img_16_9__4BLfH widget-picture-inline_maximizable__t_E7h\" loading=\"eager\" fetchpriority=\"high\" src=\"https:\/\/www.europesays.com\/de\/wp-content\/uploads\/2026\/08\/498610907.webp\" alt=\"498610907\"\/>Die Abteilungen der K\u00f6lner Ausl\u00e4nderbeh\u00f6rde sprechen von einer ungl\u00fccklichen und missverst\u00e4ndlichen Kommunikation. (Foto: picture alliance\/dpa\/dpa-Zentralbild)<\/p>\n<p class=\"Typography_text-m__XI0da Typography_weight-bold__uT6mq storyline_lead_text_leadtext__q_wg8\">Vor knapp zwei Jahren geht die Zentrale Ausl\u00e4nderbeh\u00f6rde des Landes Nordrhein-Westfalen mit einer Liste auf die Stadt K\u00f6ln zu: Sollen wir bei der Abschiebung von 471 abgelehnten Asylbewerbern helfen? Nur eine Abteilung antwortet. Seitdem mehren sich unter den gelisteten Personen die Straftaten.   <\/p>\n<p class=\"Typography_text-default__P3otY Typography_weight-normal__pqUbH storyline_paragraph_p__qSR5N\">Der nachl\u00e4ssige Umgang der Ausl\u00e4nderbeh\u00f6rde mit ausreisepflichtigen Asylbewerbern ersch\u00fcttert die Stadt K\u00f6ln. Wie der &#8222;K\u00f6lner Stadt-Anzeiger&#8220; unter Berufung auf nordrhein-westf\u00e4lische Sicherheitskreise berichtet, ist fast jeder dritte der abgelehnten Asylbewerber aus dem Westbalkan, deren Name auf der sogenannten Coesfelder Liste steht, straff\u00e4llig geworden: 152 der ausreisepflichtigen Migranten haben seit Herbst 2024 insgesamt 568 Straftaten begangen. Wie viele der 471 Asylbewerber bereits vor dem Erstellen der Liste straff\u00e4llig wurden, ist unklar.<\/p>\n<p class=\"Typography_text-default__P3otY Typography_weight-normal__pqUbH storyline_paragraph_p__qSR5N\">In Coesfeld sitzt die Zentrale Ausl\u00e4nderbeh\u00f6rde (ZAB) des Landes Nordrhein-Westfalen. Im November 2024 hatte die Beh\u00f6rde dem K\u00f6lner Ausl\u00e4nderamt angeboten, f\u00fcr die 471 ausreisepflichtigen Personen auf der Coesfelder Liste Passersatzpapiere f\u00fcr die Abschiebung zu beschaffen.<\/p>\n<p class=\"Typography_text-default__P3otY Typography_weight-normal__pqUbH storyline_paragraph_p__qSR5N\">Die ZAB erhielt auf ihren Vorschlag keine zentrale R\u00fcckmeldung der K\u00f6lner Ausl\u00e4nderbeh\u00f6rde, sondern lediglich eine Antwort aus der Abteilung, die f\u00fcr das K\u00f6lner Bleiberechtsprogramm zust\u00e4ndig ist: Dort wurde das Angebot mit dem Hinweis abgelehnt mit der Begr\u00fcndung, dass man die Kandidaten aus dem Programm integrieren wolle und sich bereits Sozialberater aus Nichtregierungsorganisationen k\u00fcmmerten. Passersatzpapiere w\u00fcrden nicht ben\u00f6tigt. <\/p>\n<p class=\"Typography_text-default__P3otY Typography_weight-normal__pqUbH storyline_paragraph_p__qSR5N\">Die anderen Abteilungen der K\u00f6lner Ausl\u00e4nderbeh\u00f6rde antworteten nicht und baten auch nicht um Unterst\u00fctzung. Darunter war auch die Abteilung f\u00fcr das R\u00fcckkehrmanagement.<\/p>\n<p class=\"Typography_text-default__P3otY Typography_weight-normal__pqUbH storyline_paragraph_p__qSR5N\">In der Folge sollen wegen Abschiebehindernissen lediglich f\u00fcnf Personen von der Coesfelder Liste tats\u00e4chlich ausgereist sein. 218 der rund 500 Personen befinden sich dagegen im st\u00e4dtischen Bleiberechtsprogramm, das Langzeitgeduldeten zu einem Aufenthaltstitel verhelfen soll.<\/p>\n<p>Ungl\u00fcckliche Kommunikation<\/p>\n<p class=\"Typography_text-default__P3otY Typography_weight-normal__pqUbH storyline_paragraph_p__qSR5N\">Die K\u00f6lner Stadtdirektorin D\u00f6rte Diemert wurde mit einer Untersuchung des Vorgangs beauftragt. Sie sprach im &#8222;K\u00f6lner Stadt-Anzeiger&#8220; unl\u00e4ngst von einer ungl\u00fccklichen und missverst\u00e4ndlichen Kommunikation, bestritt aber, dass die Abteilungen der Ausl\u00e4nderbeh\u00f6rde unt\u00e4tig geblieben sind: Die zust\u00e4ndigen Stellen h\u00e4tten weiterhin ausreisepflichtige F\u00e4lle bearbeitet, sagte sie. &#8222;Die Pr\u00fcfung der Einzelf\u00e4lle l\u00e4uft und wird zeigen, ob es weiteren Verbesserungs- und Nachsteuerungsbedarf gibt.&#8220; <\/p>\n<p class=\"Typography_text-default__P3otY Typography_weight-normal__pqUbH storyline_paragraph_p__qSR5N\">Das Bleiberechtsprogramm ist dem WDR zufolge ein <a class=\"inline_link\" href=\"https:\/\/www1.wdr.de\/politik\/politik-in-nrw\/coesfelder-liste-stadt-koeln-abschiebungen-100.html\" target=\"_blank\" rel=\"nofollow noopener\">Projekt<\/a> der Stadt K\u00f6ln, das seit 2018 besteht. Zusammen mit Beratungsstellen wie dem K\u00f6lner Fl\u00fcchtlingsrat sucht die Stadt f\u00fcr seit vielen Jahren geduldete Personen nach M\u00f6glichkeiten, einen gesicherten Aufenthaltstitel zu erlangen. \u00dcber die Aufnahme in das Programm entscheidet das K\u00f6lner Ausl\u00e4nderamt. Laut NRW-Flucht- und Integrationsministerium hatte die Stadt K\u00f6ln die Coesfelder Amtshilfe unter Verweis auf das Bleiberechtsprogramm abgelehnt.<\/p>\n<p class=\"Typography_text-default__P3otY Typography_weight-normal__pqUbH storyline_paragraph_p__qSR5N\">Die Coesfelder Liste wurde nach Angaben des nordrhein-westf\u00e4lischen Flucht- und Integrationsministeriums auf dessen Initiative hin erstellt. Ausl\u00f6ser war demzufolge, dass &#8222;die Anmeldungen f\u00fcr die Sammelcharterma\u00dfnahmen in den Westbalkan zur\u00fcckgingen&#8220;, sagte ein Ministeriumssprecher dem WDR. &#8222;Dies stand im Widerspruch zu der weiterhin hohen Zahl der Ausreisepflichtigen.&#8220;<\/p>\n<p class=\"Typography_text-s__wu_cm Typography_weight-normal__pqUbH Typography_color-darkgrey__sZEnP article-detail-footer_source__KslPc\">Quelle: ntv.de, chr<\/p>\n","protected":false},"excerpt":{"rendered":"Asylskandal w\u00fchlt K\u00f6ln aufJede dritte Person auf ignorierter Abschiebeliste beging Straftaten 25.08.2026, 08:22 Uhr Artikel anh\u00f6ren(04:08 min) Die&hellip;\n","protected":false},"author":2,"featured_media":1259121,"comment_status":"","ping_status":"","sticky":false,"template":"","format":"standard","meta":{"footnotes":"","_share_on_mastodon":"0"},"categories":[1828],"tags":[414,10232,1680,29,30,1420,1209,16],"class_list":["post-1259120","post","type-post","status-publish","format-standard","has-post-thumbnail","category-koeln","tag-abschiebung","tag-asylbewerber","tag-asylpolitik","tag-deutschland","tag-germany","tag-koeln","tag-nordrhein-westfalen","tag-politik"],"share_on_mastodon":{"url":"https:\/\/pubeurope.com\/@de\/117154781389753658","error":""},"_links":{"self":[{"href":"https:\/\/www.europesays.com\/de\/wp-json\/wp\/v2\/posts\/1259120","targetHints":{"allow":["GET"]}}],"collection":[{"href":"https:\/\/www.europesays.com\/de\/wp-json\/wp\/v2\/posts"}],"about":[{"href":"https:\/\/www.europesays.com\/de\/wp-json\/wp\/v2\/types\/post"}],"author":[{"embeddable":true,"href":"https:\/\/www.europesays.com\/de\/wp-json\/wp\/v2\/users\/2"}],"replies":[{"embeddable":true,"href":"https:\/\/www.europesays.com\/de\/wp-json\/wp\/v2\/comments?post=1259120"}],"version-history":[{"count":0,"href":"https:\/\/www.europesays.com\/de\/wp-json\/wp\/v2\/posts\/1259120\/revisions"}],"wp:featuredmedia":[{"embeddable":true,"href":"https:\/\/www.europesays.com\/de\/wp-json\/wp\/v2\/media\/1259121"}],"wp:attachment":[{"href":"https:\/\/www.europesays.com\/de\/wp-json\/wp\/v2\/media?parent=1259120"}],"wp:term":[{"taxonomy":"category","embeddable":true,"href":"https:\/\/www.europesays.com\/de\/wp-json\/wp\/v2\/categories?post=1259120"},{"taxonomy":"post_tag","embeddable":true,"href":"https:\/\/www.europesays.com\/de\/wp-json\/wp\/v2\/tags?post=1259120"}],"curies":[{"name":"wp","href":"https:\/\/api.w.org\/{rel}","templated":true}]}}