{"id":1259182,"date":"2026-08-25T07:17:17","date_gmt":"2026-08-25T07:17:17","guid":{"rendered":"https:\/\/www.europesays.com\/de\/1259182\/"},"modified":"2026-08-25T07:17:17","modified_gmt":"2026-08-25T07:17:17","slug":"dfb-pokal-ex-dfb-praesident-fordert-hohe-bussgelder-nach-krawallen-bei-pokalspiel","status":"publish","type":"post","link":"https:\/\/www.europesays.com\/de\/1259182\/","title":{"rendered":"DFB-Pokal: Ex-DFB-Pr\u00e4sident fordert hohe Bu\u00dfgelder nach Krawallen bei Pokalspiel"},"content":{"rendered":"<p class=\"paragraph article__item\">Nach den Ausschreitungen beim S\u00fcdwest-Derby zwischen dem SV Waldhof Mannheim und dem 1. FC Kaiserslautern hat der ehemalige <a class=\"rtr-entity\" href=\"https:\/\/www.zeit.de\/thema\/dfb-praesident\" rel=\"nofollow noopener\" target=\"_blank\">DFB-Pr\u00e4sident<\/a> Reinhard Grindel hohe Bu\u00dfgelder gefordert. \u00bbEs geht nur mit harten Geldstrafen durch die DFB-Gerichtsbarkeit, die den Vereinen wirklich wehtun und daf\u00fcr sorgen, dass sie an den Eing\u00e4ngen besser kontrollieren\u00ab, sagte Grindel. \u00bbAuch in den Vereinen, in denen die Ultras offensichtlich die Pr\u00e4sidien bestimmen, m\u00fcssen sich deren F\u00fchrungskr\u00e4fte konsequent von Gewalt und Pyrotechnik distanzieren.\u00ab\n<\/p>\n<p class=\"paragraph article__item\">Vorst\u00e4nde d\u00fcrften nicht den Eindruck erwecken, mit Ultragruppierungen zusammenzuarbeiten, sagte Grindel weiter. Diese d\u00fcrften nicht akzeptieren, dass \u00bblebensgef\u00e4hrdende<br \/>\nPyrotechnik\u00ab ins Stadion gelange.\n<\/p>\n<p class=\"paragraph article__item\">Das DFB-Pokalspiel in <a class=\"rtr-entity\" href=\"https:\/\/www.zeit.de\/thema\/mannheim\" rel=\"nofollow noopener\" target=\"_blank\">Mannheim<\/a> war nach einem Platzsturm und dem Einsatz von Pyrotechnik <a href=\"https:\/\/www.zeit.de\/sport\/2026-08\/dfb-pokal-erste-runde-frankfurt-toenis-karlsruhe-muenster-gxe\" target=\"_blank\" rel=\"nofollow noopener\">unmittelbar nach dem Ende der regul\u00e4ren Spielzeit lange unterbrochen worden<\/a>. Kaiserslautern gewann letztendlich mit 1:0 nach Verl\u00e4ngerung.\n<\/p>\n<p class=\"paragraph article__item\">Wenn Fu\u00dfballvereine nicht \u00bbst\u00e4rker gegen Ultras\u00ab vorgingen, d\u00fcrfe sich niemand wundern, dass den \u00bb<a href=\"https:\/\/www.zeit.de\/sport\/2026-08\/krawalle-dfb-pokal-sv-waldhof-mannheim-1-fc-kaiserslautern-gxe\" target=\"_blank\" rel=\"nofollow noopener\">Innenministern die Argumente<br \/>\nausgehen<\/a>, die zus\u00e4tzlichen Polizeikosten f\u00fcr Hochsicherheitsspiele nicht auf<br \/>\ndie Klubs umzulegen\u00ab. In Bremen sei das bereits mehrmals passiert.\n<\/p>\n<p>            Beteiligung an Kosten durch Krawalle            <\/p>\n<p class=\"paragraph article__item\">Bremen hatte 2014 beschlossen, dass sich die Veranstalter von Profifu\u00dfballspielen an den Kosten f\u00fcr das Polizeiaufkommen bei sogenannten Hochrisikospielen beteiligen m\u00fcssen. Die Geb\u00fchr wird bei allen Gro\u00dfveranstaltungen f\u00e4llig, die<br \/>\ngewinnorientiert sind, mehr als 5.000 Teilnehmer haben und bei denen es<br \/>\nerfahrungsgem\u00e4\u00df zu Gewalt kommen kann. Die Deutsche Fu\u00dfball Liga hatte dagegen beim Bundesverfassungsgericht Beschwerde eingelegt. Diese war aber zur\u00fcckgewiesen worden.\n<\/p>\n<p class=\"paragraph article__item\">Der erste Kostenbescheid von 2015 f\u00fcr ein Spiel zwischen Werder Bremen<br \/>\n und dem Hamburger SV hatte zun\u00e4chst 425.000 Euro betragen. Sp\u00e4ter hatten sich die Forderungen jedoch durch andere Partien auf mehr als drei Millionen Euro<br \/>\nerh\u00f6ht.\n<\/p>\n<p>Mehr zum Thema<\/p>\n<p>            Fu\u00dfball        <\/p>\n<p>                <a href=\"https:\/\/www.zeit.de\/sport\/2026-08\/dfb-pokal-eskalation-mannheim-kaiserslautern-polizei\" data-ct-label=\"DFB-Pokal: Wie ein Pokalspiel eskalierte \" data-uuid=\"4d690fef-cd19-4b66-98ec-bec20f218504\" rel=\"nofollow noopener\" target=\"_blank\"><\/p>\n<p>        Z+ (abopflichtiger Inhalt);<\/p>\n<p>    DFB-Pokal:<br \/>\n                        Wie ein Pokalspiel eskalierte <\/p>\n<p>                <\/a><\/p>\n<p>                <a href=\"https:\/\/www.zeit.de\/sport\/2026-08\/dfb-pokal-vfb-krieschow-kleinster-verein\" data-ct-label=\"DFB-Pokal: Klein gegen gro\u00df, okay. Aber so klein?\" data-uuid=\"b42257bf-4000-43ff-ae8c-beda285acd45\" rel=\"nofollow noopener\" target=\"_blank\"><\/p>\n<p>                        DFB-Pokal:<br \/>\n                        Klein gegen gro\u00df, okay. Aber so klein?<\/p>\n<p>                <\/a><\/p>\n<p>                <a href=\"https:\/\/www.zeit.de\/sport\/2026-08\/niclas-fuellkrug-rueckkehr-werder-bremen-bundesliga-fussball\" data-ct-label=\"Niclas F\u00fcllkrug: Ach, diese L\u00fccke!\" data-uuid=\"6b5c678d-90e9-48e1-a419-2e0bc851df21\" rel=\"nofollow noopener\" target=\"_blank\"><\/p>\n<p>                        Niclas F\u00fcllkrug:<br \/>\n                        Ach, diese L\u00fccke!<\/p>\n<p>                <\/a><\/p>\n","protected":false},"excerpt":{"rendered":"Nach den Ausschreitungen beim S\u00fcdwest-Derby zwischen dem SV Waldhof Mannheim und dem 1. FC Kaiserslautern hat der ehemalige&hellip;\n","protected":false},"author":2,"featured_media":1259183,"comment_status":"","ping_status":"","sticky":false,"template":"","format":"standard","meta":{"footnotes":"","_share_on_mastodon":"0"},"categories":[1845],"tags":[7974,1634,5317,3364,3476,29,1264,260348,548,663,3934,30,13,15352,2096,14,15,12,265],"class_list":["post-1259182","post","type-post","status-publish","format-standard","has-post-thumbnail","category-mannheim","tag-1-fc-kaiserslautern","tag-baden-wuerttemberg","tag-bussgeld","tag-de","tag-deutscher-fussball-bund","tag-deutschland","tag-dfb-pokal","tag-dfb-praesident","tag-eu","tag-europa","tag-europe","tag-germany","tag-headlines","tag-kaiserslautern","tag-mannheim","tag-nachrichten","tag-news","tag-schlagzeilen","tag-sport"],"share_on_mastodon":{"url":"https:\/\/pubeurope.com\/@de\/117154928870713592","error":""},"_links":{"self":[{"href":"https:\/\/www.europesays.com\/de\/wp-json\/wp\/v2\/posts\/1259182","targetHints":{"allow":["GET"]}}],"collection":[{"href":"https:\/\/www.europesays.com\/de\/wp-json\/wp\/v2\/posts"}],"about":[{"href":"https:\/\/www.europesays.com\/de\/wp-json\/wp\/v2\/types\/post"}],"author":[{"embeddable":true,"href":"https:\/\/www.europesays.com\/de\/wp-json\/wp\/v2\/users\/2"}],"replies":[{"embeddable":true,"href":"https:\/\/www.europesays.com\/de\/wp-json\/wp\/v2\/comments?post=1259182"}],"version-history":[{"count":0,"href":"https:\/\/www.europesays.com\/de\/wp-json\/wp\/v2\/posts\/1259182\/revisions"}],"wp:featuredmedia":[{"embeddable":true,"href":"https:\/\/www.europesays.com\/de\/wp-json\/wp\/v2\/media\/1259183"}],"wp:attachment":[{"href":"https:\/\/www.europesays.com\/de\/wp-json\/wp\/v2\/media?parent=1259182"}],"wp:term":[{"taxonomy":"category","embeddable":true,"href":"https:\/\/www.europesays.com\/de\/wp-json\/wp\/v2\/categories?post=1259182"},{"taxonomy":"post_tag","embeddable":true,"href":"https:\/\/www.europesays.com\/de\/wp-json\/wp\/v2\/tags?post=1259182"}],"curies":[{"name":"wp","href":"https:\/\/api.w.org\/{rel}","templated":true}]}}