{"id":1259208,"date":"2026-08-25T07:32:21","date_gmt":"2026-08-25T07:32:21","guid":{"rendered":"https:\/\/www.europesays.com\/de\/1259208\/"},"modified":"2026-08-25T07:32:21","modified_gmt":"2026-08-25T07:32:21","slug":"praktikum-in-grossbritannien-so-spuerbar-sind-die-folgen-des-brexit-fuer-eine-warendorferin","status":"publish","type":"post","link":"https:\/\/www.europesays.com\/de\/1259208\/","title":{"rendered":"Praktikum in Gro\u00dfbritannien: So sp\u00fcrbar sind die Folgen des Brexit f\u00fcr eine Warendorferin"},"content":{"rendered":"<p>Gro\u00dfbritannien bleibt offen und herzlich, doch der Brexit hat das Reisen erschwert. Warendorferin Kateryna Tomkovyd berichtet aus Abingdon von B\u00fcrokratie, hohen Lebenshaltungskosten und einem ungew\u00f6hnlichen Schulalltag.<\/p>\n<p>Warendorf (kt) &#8211; Ein dicker Stapel Papiere in der Hand, Herzklopfen in der langen Schlange bei der Einreise und die bange Frage: L\u00e4sst mich der Grenzbeamte \u00fcberhaupt hinein? Fr\u00fcher bedeutete eine Reise nach Gro\u00dfbritannien f\u00fcr viele vor allem Handgep\u00e4ck und Personalausweis. Heute, Jahre nach dem\u2026<\/p>\n<p>            <img decoding=\"async\" src=\"https:\/\/www.die-glocke.de\/typo3conf\/ext\/bo_dieglocke_template\/Resources\/Public\/Images\/logo\/glocke_plus_icon.svg\" class=\"pwTopImage\" alt=\"Glocke Plus\"\/><\/p>\n<p>                Jetzt weiterlesen mit G+<\/p>\n<p class=\"card-text equal-height text-center\" data-equalheightgroup=\"1\">\n                0,99 \u20ac im 1. Monat \u2013 monatlich k\u00fcndbar\n            <\/p>\n<tr>\n<tr>\n<td class=\"w-25px p-1\">\n<\/td>\n<td class=\"p-1\">\n<p>                                            aktuelle Nachrichten rund um die Uhr<\/p>\n<\/td>\n<\/tr>\n<tr>\n<td class=\"w-25px p-1\">\n<\/td>\n<td class=\"p-1\">\n<p>                                            nur 79 \u20ac (ab dem 13. Monat 7,90 \u20ac monatlich)<\/p>\n<\/td>\n<\/tr>\n<tr>\n<td class=\"w-25px p-1\">\n<\/td>\n<td class=\"p-1\">\n<p>                                            nach 12 Monaten Mindestlaufzeit monatlich k\u00fcndbar<\/p>\n<\/td>\n<\/tr>\n<tr>\n<td class=\"w-25px p-1\">\n<\/td>\n<td class=\"p-1\">\n<p>                                            sparen Sie 15,80 \u20ac gegen\u00fcber dem Monatsabo<\/p>\n<\/td>\n<\/tr>\n<\/tr>\n<p>\n                        79 \u20ac f\u00fcr 12 Monate\n                    <\/p>\n<p>                    <a data-upscore-conversion=\"1\" rel=\"nofollow noopener\" class=\"btn link-primary border rounded border-2 border-primary d-block w-100 mb-4\" href=\"https:\/\/shop.die-glocke.de\/bestellen\/g-jahresabo-bc91?type=paypal&amp;upscore_object_id=5c6ce4a1-696c-4ab0-9e1a-fe5d89459942-Portal&amp;upscore_offer_id=&amp;upscore_click_id=&amp;upscore_object_url=https%3A%2F%2Fwww.die-glocke.de%2Fkreis-warendorf%2Fwarendorf%2Fartikel%2Fwie-schulpraktikum-zum-buerokratie-huerdenlauf-fuer-warendorferin-wurde-1787579408&amp;target=https%3A%2F%2Fwww.die-glocke.de%2Fkreis-warendorf%2Fwarendorf%2Fartikel%2Fwie-schulpraktikum-zum-buerokratie-huerdenlauf-fuer-warendorferin-wurde-1787579408\" target=\"_blank\"><br \/>\n                        <strong>Jahresabo bestellen mit <\/strong><br \/>\n                        <img loading=\"lazy\" decoding=\"async\" class=\"me-2 icon-paypal\" src=\"https:\/\/www.die-glocke.de\/fileadmin\/images\/demo\/paypal.svg\" width=\"65\" height=\"15\" alt=\"Paypal\"\/><br \/>\n                    <\/a><\/p>\n<p>                    <a data-upscore-conversion=\"1\" class=\"paywall_order_btn-668975\" href=\"https:\/\/shop.die-glocke.de\/gplus-jahresabo?upscore_object_id=5c6ce4a1-696c-4ab0-9e1a-fe5d89459942-Portal&amp;upscore_offer_id=&amp;upscore_click_id=&amp;upscore_object_url=https%3A%2F%2Fwww.die-glocke.de%2Fkreis-warendorf%2Fwarendorf%2Fartikel%2Fwie-schulpraktikum-zum-buerokratie-huerdenlauf-fuer-warendorferin-wurde-1787579408&amp;target=https%3A%2F%2Fwww.die-glocke.de%2Fkreis-warendorf%2Fwarendorf%2Fartikel%2Fwie-schulpraktikum-zum-buerokratie-huerdenlauf-fuer-warendorferin-wurde-1787579408\" rel=\"nofollow noopener\" target=\"_blank\"><br \/>\n                        Jahresabo bestellen<br \/>\n                    <\/a><\/p>\n<p>Texte und Fotos von die-glocke.de sind urheberrechtlich gesch\u00fctzt.<br \/>\n            Weiterverwendung nur mit Genehmigung der Chefredaktion.<\/p>\n","protected":false},"excerpt":{"rendered":"Gro\u00dfbritannien bleibt offen und herzlich, doch der Brexit hat das Reisen erschwert. Warendorferin Kateryna Tomkovyd berichtet aus Abingdon&hellip;\n","protected":false},"author":2,"featured_media":1259209,"comment_status":"","ping_status":"","sticky":false,"template":"","format":"standard","meta":{"footnotes":"","_share_on_mastodon":"0"},"categories":[3976],"tags":[331,332,260350,13935,3058,551,13,14,15,53718,12,966,260351,3992,3993,3994,3995,3996,3997],"class_list":["post-1259208","post","type-post","status-publish","format-standard","has-post-thumbnail","category-vereinigtes-koenigreich","tag-aktuelle-nachrichten","tag-aktuelle-news","tag-assistenzlehrerin","tag-brexit","tag-england","tag-grossbritannien","tag-headlines","tag-nachrichten","tag-news","tag-praktikum","tag-schlagzeilen","tag-schule","tag-schulpraktikum","tag-uk","tag-united-kingdom","tag-united-kingdom-of-great-britain-and-northern-ireland","tag-vereinigtes-koenigreich","tag-vereinigtes-koenigreich-grossbritannien-und-nordirland","tag-vereinigtes-koenigreich-von-grossbritannien-und-nordirland"],"share_on_mastodon":{"url":"https:\/\/pubeurope.com\/@de\/117154989577255035","error":""},"_links":{"self":[{"href":"https:\/\/www.europesays.com\/de\/wp-json\/wp\/v2\/posts\/1259208","targetHints":{"allow":["GET"]}}],"collection":[{"href":"https:\/\/www.europesays.com\/de\/wp-json\/wp\/v2\/posts"}],"about":[{"href":"https:\/\/www.europesays.com\/de\/wp-json\/wp\/v2\/types\/post"}],"author":[{"embeddable":true,"href":"https:\/\/www.europesays.com\/de\/wp-json\/wp\/v2\/users\/2"}],"replies":[{"embeddable":true,"href":"https:\/\/www.europesays.com\/de\/wp-json\/wp\/v2\/comments?post=1259208"}],"version-history":[{"count":0,"href":"https:\/\/www.europesays.com\/de\/wp-json\/wp\/v2\/posts\/1259208\/revisions"}],"wp:featuredmedia":[{"embeddable":true,"href":"https:\/\/www.europesays.com\/de\/wp-json\/wp\/v2\/media\/1259209"}],"wp:attachment":[{"href":"https:\/\/www.europesays.com\/de\/wp-json\/wp\/v2\/media?parent=1259208"}],"wp:term":[{"taxonomy":"category","embeddable":true,"href":"https:\/\/www.europesays.com\/de\/wp-json\/wp\/v2\/categories?post=1259208"},{"taxonomy":"post_tag","embeddable":true,"href":"https:\/\/www.europesays.com\/de\/wp-json\/wp\/v2\/tags?post=1259208"}],"curies":[{"name":"wp","href":"https:\/\/api.w.org\/{rel}","templated":true}]}}