{"id":1259222,"date":"2026-08-25T07:40:24","date_gmt":"2026-08-25T07:40:24","guid":{"rendered":"https:\/\/www.europesays.com\/de\/1259222\/"},"modified":"2026-08-25T07:40:24","modified_gmt":"2026-08-25T07:40:24","slug":"deutsche-feuerwehrleute-bekaempfen-waldbrand-in-serbien","status":"publish","type":"post","link":"https:\/\/www.europesays.com\/de\/1259222\/","title":{"rendered":"Deutsche Feuerwehrleute bek\u00e4mpfen Waldbrand in Serbien"},"content":{"rendered":"<p>    &#13;<br \/>\n      25.08.2026, 08:28 \/ Lesedauer: ca. 2min Waldbr\u00e4nde <\/p>\n<p class=\"intro\">In vielen Teilen Europas w\u00fcten in diesem Sommer Waldbr\u00e4nde. Nun helfen deutsche Feuerwehrleute in Serbien beim L\u00f6schen. Es ist bereits ihr vierter Katastrophen-Einsatz in diesem Jahr. <\/p>\n<p>      &#13;<br \/>\n        <img decoding=\"async\"   src=\"https:\/\/www.europesays.com\/de\/wp-content\/uploads\/2026\/08\/einsatzkraefte-der-feuerwehr-bonn-haben-direkt-nach-ihrer-1222909.jpg\" title=\"Deutsche Feuerwehrleute bek\u00e4mpfen Waldbrand in Serbien \" alt=\"Einsatzkr\u00e4fte der Feuerwehr Bonn haben direkt nach ihrer Ankunft in Serbien mit dem L\u00f6schen begonnen. Foto: Feuerwehr Bonn\/dpa\" class=\"img-responsive\"\/>&#13;<\/p>\n<p class=\"image-credit\">&#13;<br \/>\n\t\t\t\t\t\u00a9 Feuerwehr Bonn\/dpa<\/p>\n<p>&#13;<br \/>\n        &#13;<br \/>\n        &#13;<\/p>\n<p>Einsatzkr\u00e4fte der Feuerwehr Bonn haben direkt nach ihrer Ankunft in Serbien mit dem L\u00f6schen begonnen. Foto: Feuerwehr Bonn\/dpa <\/p>\n<p>&#13;<\/p>\n<p class=\"image-credit\">&#13;<br \/>\n\t\t\t\t\t\t\t\u00a9 Feuerwehr Bonn\/dpa<\/p>\n<p>&#13;<br \/>\n        &#13;<\/p>\n<p class=\"author\">&#13;<br \/>\n      Von dpa<\/p>\n","protected":false},"excerpt":{"rendered":"&#13; 25.08.2026, 08:28 \/ Lesedauer: ca. 2min Waldbr\u00e4nde In vielen Teilen Europas w\u00fcten in diesem Sommer Waldbr\u00e4nde. Nun&hellip;\n","protected":false},"author":2,"featured_media":1259223,"comment_status":"","ping_status":"","sticky":false,"template":"","format":"standard","meta":{"footnotes":"","_share_on_mastodon":"0"},"categories":[1842],"tags":[1741,3364,29,987,30,7335,1411,1209,5157,260354],"class_list":["post-1259222","post","type-post","status-publish","format-standard","has-post-thumbnail","category-bonn","tag-bonn","tag-de","tag-deutschland","tag-feuer","tag-germany","tag-katastrophe","tag-niedersachsen","tag-nordrhein-westfalen","tag-serbien","tag-waldbrnde-serbien"],"share_on_mastodon":{"url":"https:\/\/pubeurope.com\/@de\/117155020580484967","error":""},"_links":{"self":[{"href":"https:\/\/www.europesays.com\/de\/wp-json\/wp\/v2\/posts\/1259222","targetHints":{"allow":["GET"]}}],"collection":[{"href":"https:\/\/www.europesays.com\/de\/wp-json\/wp\/v2\/posts"}],"about":[{"href":"https:\/\/www.europesays.com\/de\/wp-json\/wp\/v2\/types\/post"}],"author":[{"embeddable":true,"href":"https:\/\/www.europesays.com\/de\/wp-json\/wp\/v2\/users\/2"}],"replies":[{"embeddable":true,"href":"https:\/\/www.europesays.com\/de\/wp-json\/wp\/v2\/comments?post=1259222"}],"version-history":[{"count":0,"href":"https:\/\/www.europesays.com\/de\/wp-json\/wp\/v2\/posts\/1259222\/revisions"}],"wp:featuredmedia":[{"embeddable":true,"href":"https:\/\/www.europesays.com\/de\/wp-json\/wp\/v2\/media\/1259223"}],"wp:attachment":[{"href":"https:\/\/www.europesays.com\/de\/wp-json\/wp\/v2\/media?parent=1259222"}],"wp:term":[{"taxonomy":"category","embeddable":true,"href":"https:\/\/www.europesays.com\/de\/wp-json\/wp\/v2\/categories?post=1259222"},{"taxonomy":"post_tag","embeddable":true,"href":"https:\/\/www.europesays.com\/de\/wp-json\/wp\/v2\/tags?post=1259222"}],"curies":[{"name":"wp","href":"https:\/\/api.w.org\/{rel}","templated":true}]}}