{"id":1259235,"date":"2026-08-25T07:51:24","date_gmt":"2026-08-25T07:51:24","guid":{"rendered":"https:\/\/www.europesays.com\/de\/1259235\/"},"modified":"2026-08-25T07:51:24","modified_gmt":"2026-08-25T07:51:24","slug":"wetter-in-dresden-bis-zu-29-grad-vor-schauern-und-gewittern","status":"publish","type":"post","link":"https:\/\/www.europesays.com\/de\/1259235\/","title":{"rendered":"Wetter in Dresden: Bis zu 29 Grad vor Schauern und Gewittern"},"content":{"rendered":"<p>Wetterbericht <\/p>\n<p>Dresden bekommt 29 Grad \u2013 dann drohen Schauer und Gewitter<\/p>\n<p>25.08.2026 &#8211; 07:17 UhrLesedauer: 2 Min.<\/p>\n<p><a href=\"#focus-0\" class=\"transition-colors block text-current relative\" data-sctrack=\"FocusGalleryImage.Reference\"><img fetchpriority=\"high\" data-testid=\"Opener.Image\"   loading=\"eager\" src=\"https:\/\/www.europesays.com\/de\/wp-content\/uploads\/2026\/08\/sonne-in-dresden-symbolbild-bis-zum-wochenende-bleibt-es-sommerlich-warm.jpg\" alt=\"Sonne in Dresden (Symbolbild): Bis zum Wochenende bleibt es sommerlich warm.\" title=\"Sonne in Dresden (Symbolbild): Bis zum Wochenende bleibt es sommerlich warm.\" width=\"5270\" height=\"2964\" class=\"bg-[url:var(--lqipURL)] bg-cover bg-center flex h-full w-full max-w-full\" style=\"--lqipURL:url('https:\/\/images.t-online.de\/2026\/08\/lzVIEENH8FmJ\/0x210:5270x2964\/fit-in\/150x0\/filters:blur(25)\/sonne-in-dresden-symbolbild-bis-zum-wochenende-bleibt-es-sommerlich-warm.jpg')\" decoding=\"async\"\/><img loading=\"lazy\" src=\"https:\/\/dresden.t-online.de\/s\/paper\/_next\/static\/media\/zoom-in.f7dae02f.svg\" alt=\"Vergr\u00f6\u00dfern des Bildes\" title=\"Vergr\u00f6\u00dfern des Bildes\" class=\"block h-[calc(var(--height)_\/_16_*_1rem)] w-[calc(var(--width)_\/_16_*_1rem)] max-w-none absolute right-8 bottom-8 rounded-4 bg-snow p-8\" style=\"--width:32;--height:32\" decoding=\"async\"\/><\/a><\/p>\n<p>Sonne in Dresden (Symbolbild): Bis zum Wochenende bleibt es sommerlich warm. (Quelle: IMAGO\/BEAUTIFUL SPORTS\/Raphael Schmitt)<\/p>\n<p><img loading=\"lazy\" src=\"https:\/\/dresden.t-online.de\/s\/paper\/_next\/static\/media\/audio-volume.6689034c.svg\" alt=\"\" title=\"\" class=\"block h-[calc(var(--height)_\/_16_*_1rem)] w-[calc(var(--width)_\/_16_*_1rem)] max-w-none group-hover:brightness-0 group-hover:invert\" style=\"--width:16;--height:16\" decoding=\"async\"\/>Vorlesen<\/p>\n<p>Aktuelle Zeit:0:00Gesamtdauer:0:00<\/p>\n<p>1x<img loading=\"lazy\" src=\"https:\/\/dresden.t-online.de\/s\/paper\/_next\/static\/media\/font-sizes.32942e33.svg\" alt=\"\" title=\"\" class=\"block h-[calc(var(--height)_\/_16_*_1rem)] w-[calc(var(--width)_\/_16_*_1rem)] max-w-none group-hover:hidden group-aria-expanded:hidden\" style=\"--width:16;--height:16\" decoding=\"async\"\/><img loading=\"lazy\" src=\"https:\/\/dresden.t-online.de\/s\/paper\/_next\/static\/media\/font-sizes-dark-mode.e382645c.svg\" alt=\"\" title=\"\" class=\"block h-[calc(var(--height)_\/_16_*_1rem)] w-[calc(var(--width)_\/_16_*_1rem)] max-w-none hidden group-hover:block group-aria-expanded:block\" style=\"--width:16;--height:16\" decoding=\"async\"\/><img loading=\"lazy\" src=\"https:\/\/dresden.t-online.de\/s\/paper\/_next\/static\/media\/sharing-menu-icon.1eb71368.svg\" alt=\"\" title=\"\" class=\"block h-[calc(var(--height)_\/_16_*_1rem)] w-[calc(var(--width)_\/_16_*_1rem)] max-w-none group-hover:brightness-0 group-hover:invert\" style=\"--width:16;--height:16\" decoding=\"async\"\/>Artikel teilen<\/p>\n<p class=\"font-bold text-18 leading-17 user-text-lg:text-22 user-text-xl:text-24\">In Dresden steigen die Temperaturen im Wochenverlauf auf bis zu 29 Grad. Danach k\u00fcndigt sich ein Wetterwechsel mit Schauern und m\u00f6glichen Gewittern an.<\/p>\n<p class=\"text-18 leading-17 user-text-lg:text-22 user-text-xl:text-24\">In Dresden sorgt ein Hochdruckgebiet zun\u00e4chst f\u00fcr ruhiges Wetter: Der Deutsche Wetterdienst (DWD) meldet f\u00fcr Dienstag zun\u00e4chst viel Sonne, sp\u00e4ter zieht von S\u00fcdwesten her dichte Bew\u00f6lkung auf, meist bleibt es aber trocken. Die H\u00f6chsttemperaturen erreichen 22 bis 25 Grad, im Bergland 16 bis 22 Grad, bei schwachem bis m\u00e4\u00dfigem Wind aus Nordost bis Ost. Wetter.com rechnet f\u00fcr Dresden mit wechselnd bew\u00f6lktem Wetter bei wenig Sonne und 23 Grad, f\u00fcr die Nacht wird bereits anhaltend leichter Regen erwartet.<\/p>\n<p class=\"text-18 leading-17 user-text-lg:text-22 user-text-xl:text-24\">In der Nacht zum Mittwoch wird es laut DWD wolkig bis stark bew\u00f6lkt, im S\u00fcdwesten ist etwas Regen m\u00f6glich. Die Tiefsttemperaturen liegen bei 14 bis 11 Grad, der Wind weht schwach aus \u00f6stlichen Richtungen. Der Mittwoch selbst bringt laut DWD wolkiges Wetter mit lokalen Schauern, im Vogtland besteht eine geringe Gewitterneigung. Die Temperaturen steigen in Sachsen auf 23 bis 25 Grad, im Bergland auf 18 bis 23 Grad, bei schwachem Ostwind, im Erzgebirge aus S\u00fcdost. F\u00fcr Dresden meldet wetter.com zeitweise leichten Regen bei 18 Grad, einer Regenwahrscheinlichkeit von 90 Prozent bei einer Niederschlagsmenge von 9,3 Litern pro Quadratmeter.<\/p>\n<p>Wetterumschwung zum Wochenende in Dresdeb erwartet<\/p>\n<p class=\"text-18 leading-17 user-text-lg:text-22 user-text-xl:text-24\">Wolkig, aber trocken bleibt es laut DWD in der Nacht zum Donnerstag, \u00f6rtlich kann sich Nebel bilden. Die Minimalwerte liegen zwischen 16 und 13 Grad bei meist schwachem Wind aus Ost bis S\u00fcdost. Am Donnerstag ziehen laut DWD immer wieder Wolkenfelder durch, dazwischen zeigt sich viel Sonnenschein, trocken bleibt es weiterhin. Die H\u00f6chstwerte erreichen 27 bis 29 Grad, im Bergland 23 bis 27 Grad, bei schwachem bis m\u00e4\u00dfigem Wind aus Ost bis S\u00fcdost. Wetter.com rechnet f\u00fcr Dresden mit teils sonnigem Wetter und dem H\u00f6chstwert der Woche von 27 Grad, gef\u00fchlt sogar 29 Grad.<\/p>\n<p>Empfohlener externer InhaltYoutube<\/p>\n<p class=\"text-14 leading-15\">Wir ben\u00f6tigen Ihre Einwilligung, um den von unserer Redaktion eingebundenen Youtube-Inhalt anzuzeigen. Sie k\u00f6nnen diesen (und damit auch alle weiteren Youtube-Inhalte auf t-online.de) mit einem Klick anzeigen lassen und auch wieder deaktivieren.<\/p>\n<p>Youtube-Inhalte immer anzeigen<\/p>\n<p>Ich bin damit einverstanden, dass mir externe Inhalte angezeigt werden. Damit k\u00f6nnen personenbezogene Daten an Drittplattformen \u00fcbermittelt werden. <a href=\"https:\/\/www.t-online.de\/datenschutz\/id_88397036\/index#17-externe-inhalte\" target=\"_blank\" class=\"transition-colors text-magenta\" rel=\"nofollow noopener\">Mehr dazu in unseren Datenschutzhinweisen<\/a>.<\/p>\n<p class=\"text-18 leading-17 user-text-lg:text-22 user-text-xl:text-24\">Zum Ende der Woche k\u00fcndigt sich dann ein Wetterwechsel an: In der Nacht zum Freitag verdichtet sich laut DWD von S\u00fcdwesten her die Bew\u00f6lkung, nachfolgend ist \u00f6rtlich Regen m\u00f6glich. Die Temperaturen sinken auf 20 bis 16 Grad bei schwachem Wind aus Ost bis S\u00fcdost, sp\u00e4ter teils aus S\u00fcd. Am Freitag selbst ziehen laut DWD viele Wolken auf, \u00f6rtlich sind Schauer oder Gewitter m\u00f6glich. Die H\u00f6chstwerte liegen dann zwischen 27 und 30 Grad, im Erzgebirge zwischen 22 und 28 Grad, bei schwachem bis m\u00e4\u00dfigem Wind, der von S\u00fcdost auf S\u00fcdwest dreht und im Tagesverlauf b\u00f6ig auffrischt. Wetter.com meldet f\u00fcr Dresden zeitweise leichten Regen bei 24 Grad, einer Regenwahrscheinlichkeit von 90 Prozent und einer Niederschlagsmenge von 2,6 Litern pro Quadratmeter.<\/p>\n<p class=\"text-18 leading-17 user-text-lg:text-22 user-text-xl:text-24\">Windig und wechselhaft geht es auch am Wochenende weiter: In der Nacht zum Samstag bleibt es laut DWD wechselnd bew\u00f6lkt, \u00f6rtlich sind Schauer m\u00f6glich, die Gewitterneigung ist gering. Die Tiefstwerte liegen zwischen 16 und 11 Grad bei \u00fcberwiegend schwachem S\u00fcdwestwind. Wetter.com rechnet f\u00fcr Samstag mit \u00fcberwiegend stark bew\u00f6lktem und windigem Wetter bei 26 Grad und B\u00f6en von bis zu 44 Kilometern pro Stunde. F\u00fcr Sonntag meldet wetter.com stark bew\u00f6lktes Wetter mit vereinzeltem leichtem Regen bei 21 Grad, am Montag kommender Woche wird erneut leichter Regen bei 25 Grad erwartet.<\/p>\n","protected":false},"excerpt":{"rendered":"Wetterbericht Dresden bekommt 29 Grad \u2013 dann drohen Schauer und Gewitter 25.08.2026 &#8211; 07:17 UhrLesedauer: 2 Min. Sonne&hellip;\n","protected":false},"author":2,"featured_media":1259236,"comment_status":"","ping_status":"","sticky":false,"template":"","format":"standard","meta":{"footnotes":"","_share_on_mastodon":"0"},"categories":[1835],"tags":[722,3176,31862,3364,950,29,2386,4906,19404,30,19634,859,9914,16414,1432,41792,90299],"class_list":["post-1259235","post","type-post","status-publish","format-standard","has-post-thumbnail","category-dresden","tag-722","tag-3176","tag-bergland","tag-de","tag-deutscher-wetterdienst","tag-deutschland","tag-dresden","tag-dwd","tag-erzgebirge","tag-germany","tag-gewitter","tag-sachsen","tag-sued","tag-suedwesten","tag-vogtland","tag-wetterwechsel","tag-wochenverlauf"],"share_on_mastodon":{"url":"https:\/\/pubeurope.com\/@de\/117155066040974691","error":""},"_links":{"self":[{"href":"https:\/\/www.europesays.com\/de\/wp-json\/wp\/v2\/posts\/1259235","targetHints":{"allow":["GET"]}}],"collection":[{"href":"https:\/\/www.europesays.com\/de\/wp-json\/wp\/v2\/posts"}],"about":[{"href":"https:\/\/www.europesays.com\/de\/wp-json\/wp\/v2\/types\/post"}],"author":[{"embeddable":true,"href":"https:\/\/www.europesays.com\/de\/wp-json\/wp\/v2\/users\/2"}],"replies":[{"embeddable":true,"href":"https:\/\/www.europesays.com\/de\/wp-json\/wp\/v2\/comments?post=1259235"}],"version-history":[{"count":0,"href":"https:\/\/www.europesays.com\/de\/wp-json\/wp\/v2\/posts\/1259235\/revisions"}],"wp:featuredmedia":[{"embeddable":true,"href":"https:\/\/www.europesays.com\/de\/wp-json\/wp\/v2\/media\/1259236"}],"wp:attachment":[{"href":"https:\/\/www.europesays.com\/de\/wp-json\/wp\/v2\/media?parent=1259235"}],"wp:term":[{"taxonomy":"category","embeddable":true,"href":"https:\/\/www.europesays.com\/de\/wp-json\/wp\/v2\/categories?post=1259235"},{"taxonomy":"post_tag","embeddable":true,"href":"https:\/\/www.europesays.com\/de\/wp-json\/wp\/v2\/tags?post=1259235"}],"curies":[{"name":"wp","href":"https:\/\/api.w.org\/{rel}","templated":true}]}}