{"id":1259237,"date":"2026-08-25T07:52:13","date_gmt":"2026-08-25T07:52:13","guid":{"rendered":"https:\/\/www.europesays.com\/de\/1259237\/"},"modified":"2026-08-25T07:52:13","modified_gmt":"2026-08-25T07:52:13","slug":"pol-hb-nr-0559-maskierte-raeuber-ueberfallen-tankstelle-polizei-sucht-weitere","status":"publish","type":"post","link":"https:\/\/www.europesays.com\/de\/1259237\/","title":{"rendered":"POL-HB: Nr.: 0559 &#8211;Maskierte R\u00e4uber \u00fcberfallen Tankstelle &#8211; Polizei sucht weitere &#8230;"},"content":{"rendered":"<p class=\"date\">25.08.2026 \u2013 09:45<\/p>\n<p class=\"customer\">\n                        <a class=\"story-customer\" title=\"weiter zum newsroom von Polizei Bremen\" href=\"https:\/\/www.presseportal.de\/blaulicht\/nr\/35235\" rel=\"nofollow noopener\" target=\"_blank\">Polizei Bremen<\/a>\n                    <\/p>\n<p><a data-category=\"citylink-story-view\" data-action=\"click\" data-label=\"Citylink in Meldungsansicht\" class=\"story-city event-trigger\" href=\"https:\/\/www.presseportal.de\/regional\/Bremen\" title=\"News aus Bremen \" rel=\"nofollow noopener\" target=\"_blank\">Bremen<\/a> (ots)<\/p>\n<p>   -Ort: \tBremen-Vahr, OT Neue Vahr S\u00fcdwest, Richard-Boljahn-Allee<br \/>\nZeit: \t24.08.2026, 22:55 Uhr<\/p>\n<p>Am Montagabend \u00fcberfielen bewaffnete und maskierte R\u00e4uber eine Tankstelle in der Neuen Vahr S\u00fcdwest. Die Polizei sucht weitere Zeugen.<\/p>\n<p>Gegen 22:50 Uhr betraten zwei bislang unbekannte m\u00e4nnliche T\u00e4ter die Tankstelle, die an der stadtausw\u00e4rtsf\u00fchrenden Seite der Richard-Boljahn-Allee liegt. W\u00e4hrend einer der M\u00e4nner in der T\u00fcr der Tankstelle stehen blieb, bewegte sich der zweite Mann mit einer gezogenen Schusswaffe in Richtung des Kassenbereichs. Von der Kassiererin verlangte er sodann die Herausgabe des Geldes. Insgesamt konnten die R\u00e4uber Bargeld sowie einige Schachteln Zigaretten erbeuten. Im Anschluss fl\u00fcchteten sie in Richtung Philipp-Scheidemann-Stra\u00dfe in der Neuen Vahr Nord, wobei sie von Zeugen beobachtet wurden.<br \/>\nDie T\u00e4ter wurden als m\u00e4nnlich, schlank und ungef\u00e4hr 170 bis 185 cm gro\u00df beschrieben. Der R\u00e4uber, der in der T\u00fcr stehen blieb, trug eine schwarze Trainingshose der Marke Adidas mit wei\u00dfen Streifen, eine schwarze Sturmhaube, Handschuhe und ein Cap. Der zweite Mann soll schwarz gekleidet gewesen sein, habe ebenfalls eine schwarze Sturmhaube und helle Handschuhe sowie einen gr\u00fcnen Turnbeutel mit schwarzem Muster auf dem R\u00fccken getragen.<\/p>\n<p>Zeugen, die im Bereich der Philipp-Scheidemann-Stra\u00dfe, Carl-Severing-Stra\u00dfe, deren N\u00e4he oder im Umfeld der Tankstelle etwas Verd\u00e4chtiges beobachtet haben, melden sich bitte jederzeit beim Kriminaldauerdienst der Polizei Bremen unter der Rufnummer 0421 362-3888.<\/p>\n<p class=\"contact-headline\">R\u00fcckfragen bitte an:<\/p>\n<p class=\"contact-text\">Pressestelle Polizei Bremen<br \/>Pressestelle <br \/>Telefon: 0421\/362 12114<br \/>Fax: 0421\/362 3749<br \/><a target=\"_blank\" class=\"uri-ext outbound\" rel=\"noopener nofollow\" href=\"http:\/\/www.polizei.bremen.de\">http:\/\/www.polizei.bremen.de<\/a><br \/><a target=\"_blank\" class=\"uri-ext outbound\" rel=\"noopener nofollow\" href=\"http:\/\/www.polizei-beratung.de\">http:\/\/www.polizei-beratung.de<\/a><\/p>\n<p class=\"originator\">Original-Content von: Polizei Bremen, \u00fcbermittelt durch news aktuell<\/p>\n","protected":false},"excerpt":{"rendered":"25.08.2026 \u2013 09:45 Polizei Bremen Bremen (ots) -Ort: Bremen-Vahr, OT Neue Vahr S\u00fcdwest, Richard-Boljahn-Allee Zeit: 24.08.2026, 22:55 Uhr&hellip;\n","protected":false},"author":2,"featured_media":1184682,"comment_status":"","ping_status":"","sticky":false,"template":"","format":"standard","meta":{"footnotes":"","_share_on_mastodon":"0"},"categories":[1824],"tags":[2420,3364,29,30,7309,177,5404,121,178,180,179,181],"class_list":["post-1259237","post","type-post","status-publish","format-standard","has-post-thumbnail","category-bremen","tag-bremen","tag-de","tag-deutschland","tag-germany","tag-hb","tag-kriminalitt","tag-ni","tag-polizei","tag-presse","tag-pressemeldung","tag-pressemitteilung","tag-pressemitteilungen"],"share_on_mastodon":{"url":"https:\/\/pubeurope.com\/@de\/117155066436878507","error":""},"_links":{"self":[{"href":"https:\/\/www.europesays.com\/de\/wp-json\/wp\/v2\/posts\/1259237","targetHints":{"allow":["GET"]}}],"collection":[{"href":"https:\/\/www.europesays.com\/de\/wp-json\/wp\/v2\/posts"}],"about":[{"href":"https:\/\/www.europesays.com\/de\/wp-json\/wp\/v2\/types\/post"}],"author":[{"embeddable":true,"href":"https:\/\/www.europesays.com\/de\/wp-json\/wp\/v2\/users\/2"}],"replies":[{"embeddable":true,"href":"https:\/\/www.europesays.com\/de\/wp-json\/wp\/v2\/comments?post=1259237"}],"version-history":[{"count":0,"href":"https:\/\/www.europesays.com\/de\/wp-json\/wp\/v2\/posts\/1259237\/revisions"}],"wp:featuredmedia":[{"embeddable":true,"href":"https:\/\/www.europesays.com\/de\/wp-json\/wp\/v2\/media\/1184682"}],"wp:attachment":[{"href":"https:\/\/www.europesays.com\/de\/wp-json\/wp\/v2\/media?parent=1259237"}],"wp:term":[{"taxonomy":"category","embeddable":true,"href":"https:\/\/www.europesays.com\/de\/wp-json\/wp\/v2\/categories?post=1259237"},{"taxonomy":"post_tag","embeddable":true,"href":"https:\/\/www.europesays.com\/de\/wp-json\/wp\/v2\/tags?post=1259237"}],"curies":[{"name":"wp","href":"https:\/\/api.w.org\/{rel}","templated":true}]}}