{"id":1259308,"date":"2026-08-25T08:36:57","date_gmt":"2026-08-25T08:36:57","guid":{"rendered":"https:\/\/www.europesays.com\/de\/1259308\/"},"modified":"2026-08-25T08:36:57","modified_gmt":"2026-08-25T08:36:57","slug":"reit-wm-in-aachen-guerdat-gewinnt-einzel-deutschland-gewinnt-medaillenspiegel-sport","status":"publish","type":"post","link":"https:\/\/www.europesays.com\/de\/1259308\/","title":{"rendered":"Reit-WM in Aachen: Guerdat gewinnt Einzel, Deutschland gewinnt Medaillenspiegel &#8211; Sport"},"content":{"rendered":"<p data-manual=\"paragraph\" data-schema-org-speakable=\"true\" class=\"css-1vw426e\">Wie ein vierbeiniges Topmodel stand sie da auf dem Abreiteplatz in der Aachener Soers, mit erhobenem Haupt, die Ohren gespitzt, aufmerksam die Umgebung betrachtend, ein bisschen von oben herab. Vor ihr buhlten zwei Dutzend Fotografen um das beste Foto der vierbeinigen Sch\u00f6nheit, neben ihr die Pflegerin Emma, die ihr vorsorglich eine Decke \u00fcbergelegt hatte. Die 13-j\u00e4hrige Stute Dynamix de Belheme schien zu wissen, dass sie in diesem Moment am Sonntag das gro\u00dfartigste Pferd der Welt war, das seinen Reiter, den Schweizer Steve Guerdat, 44, zum Weltmeister gemacht hatte. Als einziges aller 145 Springpferde dieser Reit-Weltmeisterschaft hatte die Stute in f\u00fcnf schweren Parcours alle Stangen und Mauersteine liegengelassen.<\/p>\n<p data-manual=\"paragraph\" data-schema-org-speakable=\"true\" class=\"css-1eosz7k\">Die Gratulanten, die sich um den Reiter dr\u00e4ngelten, erlebten einen nachdenklichen Steve Guerdat. Er hat jetzt alles gewonnen, was der Springsport bietet: 2012 wurde er Olympiasieger, 2023 Europameister. Er gewann mehrmals den Weltcup. Und jetzt den Weltmeister-Titel. Der Druck war gro\u00df im letzten Springen, Guerdat lag punktgleich mit dem deutschen Mannschafts-Weltmeister Daniel Deu\u00dfer in F\u00fchrung, der allerdings in beiden Uml\u00e4ufen patzte und aus den Medaillenr\u00e4ngen auf Rang sechs zur\u00fcckfiel. \u201eAls ich den letzten Sprung gesprungen war, kamen all die Gef\u00fchle hoch. Ich habe daf\u00fcr im Moment noch gar keine Worte. Ich habe, was ich immer wollte, wovon ich immer getr\u00e4umt habe\u201c, sagte Guerdat.<\/p>\n<p><a href=\"https:\/\/www.sueddeutsche.de\/sport\/springreiten-aachen-team-gold-wm-li.3535295\" aria-label=\"Artikelverlinkung:\" data-track-szde=\"{&quot;event&quot;:&quot;teaser_clicked&quot;,&quot;teaser_clicked&quot;:{&quot;article_title&quot;:&quot;in_aachen_beben_die_tribuenen&quot;,&quot;doctype&quot;:&quot;&quot;,&quot;label&quot;:&quot;&quot;,&quot;main_topic&quot;:&quot;reitsport&quot;,&quot;object_id&quot;:&quot;li.3535295&quot;,&quot;pcat&quot;:&quot;metered&quot;,&quot;section&quot;:&quot;sport&quot;,&quot;teaser_type&quot;:&quot;article_teaser_top&quot;}}\" data-manual=\"teaser-url\" data-tb-link=\"\" aria-labelledby=\"teaser-httpswwwsueddeutschedesportspringreiten-aachen-team-gold-wm-li3535295\" class=\"css-14tg8sh\" rel=\"nofollow noopener\" target=\"_blank\"><img decoding=\"async\" src=\"https:\/\/www.europesays.com\/de\/wp-content\/uploads\/2026\/08\/26158d04-4cb8-4d3e-bb88-6019b7d9aaaf.jpg\"   alt=\"\" loading=\"lazy\" class=\"css-8atqhb\"\/><\/p>\n<p>Reit-WM<\/p>\n<p>:In Aachen beben die Trib\u00fcnen<\/p>\n<p class=\"css-a6ecqs\" data-manual=\"teaser-text\" data-tb-description=\"\" data-schema-org-speakable=\"true\">Souver\u00e4n gewinnen die deutschen Springreiter die Goldmedaille vor eigenem Publikum. F\u00fcr Marcus Ehning, Olympiasieger schon 2000, ist es ein besonderer Triumph. Im Einzel geht er wie die Kollegen leer aus.<\/p>\n<p data-manual=\"paragraph\" data-schema-org-speakable=\"true\" class=\"css-1eosz7k\">In diesem Augenblick sei er noch voller Stolz und Freude: \u201eIch will noch nicht von meiner Wolke runterkommen. Mein Leben wird nun anders sein, heute beginnt f\u00fcr mich definitiv etwas Neues\u201c, betonte er. Er werde einige Zeit ben\u00f6tigen, um die Anspannung abzusch\u00fctteln, und diese Anspannung brauche er \u201ein den n\u00e4chsten zwei, drei Monaten nicht mehr. Aber ich bin sicher, dass ihr mich wiedersehen werdet\u201c. Bedeutet\u00a0der WM-Titel also doch nicht seinen Abschied? \u201eIch liebe es, meine Tage mit Pferden zu verbringen und auf Turniere zu fahren. Aber ich will mir etwas Zeit lassen und diese Zeit genie\u00dfen\u201c, sagte Guerdat.<\/p>\n<p data-manual=\"paragraph\" data-schema-org-speakable=\"true\" class=\"css-1eosz7k\">Die Monate vor der Weltmeisterschaft waren weder f\u00fcr ihn noch f\u00fcr sein Pferd leicht. Zwei R\u00fcckenoperationen warfen den Schweizer immer wieder zur\u00fcck, er konnte Dynamix nicht so trainieren wie geplant. Die sensible Stute hatte weniger vorbereitende Turnierauftritte als vorgesehen, verletzte sich dann auch noch auf der Weide, sodass der Start in <a href=\"https:\/\/www.sueddeutsche.de\/thema\/Aachen\" rel=\"nofollow noopener\" target=\"_blank\">Aachen<\/a> sogar lange fraglich war.<\/p>\n<p>Es waren nicht nur die besten Reiter und Pferde zu sehen, sondern insbesondere auch das beste Publikum<\/p>\n<p data-manual=\"paragraph\" data-schema-org-speakable=\"true\" class=\"css-1eosz7k\">Neben Guerdat auf dem Podium stand die n\u00e4chste Generation der Springreiter. Der belgische Silbermedaillengewinner Thibaut Spits, 25, f\u00fchrt die Rangliste der U25-Reiter an. Und der britische Bronzereiter Harry Charles, 27, fragte erst mal die KI-App Chat GBT um Rat, ob er mit seiner Stute Freda am Sonntag \u00fcberhaupt starten solle, denn mit 7,17 \u00a0Minuspunkten, die er bis zum Finale angesammelt hatte, waren seine Aussichten auf eine Medaille nicht rosig. \u201eUnwahrscheinlich, aber nicht unm\u00f6glich\u201c, habe die KI auf die Frage nach den Aussichten auf ein erfolgreiches Ende geantwortet. Die drei Medaillenreiter waren am Sonntag die einzigen, die in den beiden Finalrunden ohne Abwurf blieben.<\/p>\n<p data-manual=\"paragraph\" data-schema-org-speakable=\"true\" class=\"css-1eosz7k\">Die Deutschen zeigten sich bei dieser Reit-WM als gute Gastgeber, was ihnen nicht zuletzt deshalb leicht fiel, weil sie mit 20 Medaillen souver\u00e4n den Medaillenspiegel anf\u00fchrten. Sieben goldene, f\u00fcnf silberne und acht bronzene wurden es am Ende f\u00fcr Deutschland, es folgten die USA (sechs Goldmedaillen) und Gro\u00dfbritannien (vier).<\/p>\n<p data-manual=\"paragraph\" data-schema-org-speakable=\"true\" class=\"css-1eosz7k\">Noch bevor die letzte Hymne gespielt, die letzten Medaillen verteilt, die letzten warmen pr\u00e4sidialen Worte gesprochen und die letzten <a href=\"https:\/\/www.sueddeutsche.de\/thema\/Pferde\" rel=\"nofollow noopener\" target=\"_blank\">Pferde<\/a> auf die Ehrenrunde galoppiert waren, stand fest: Aachen toppte bei dieser WM alles, was es bislang an Championaten gab. 500 000 Menschen kamen an den 13 Wettkampftagen in die Soers. Die Veranstaltung firmierte nicht mehr unter dem pomp\u00f6sen Namen \u201eWeltreiterspiele\u201c, sondern als Weltmeisterschaft in den sechs Disziplinen Vielseitigkeit, Dressur, Springen, Voltigieren, Viersp\u00e4nnerfahren und \u2013 zum ersten Mal dabei \u2013 Paradressur. Die Parareiter, die mit unglaublichen Leistungen auf ihren sch\u00f6nen und liebensw\u00fcrdigen Pferden imponieren, sollen in Aachen weiterhin dazu geh\u00f6ren. F\u00fcr sie wurden St\u00e4lle und andere Nebengeb\u00e4ude behindertengerecht gestaltet.<\/p>\n<p data-manual=\"paragraph\" data-schema-org-speakable=\"true\" class=\"css-1eosz7k\">Obwohl Tiersch\u00fctzer bei dieser WM alle Aktionen in der Soers kritisch be\u00e4ugten, fanden sie nichts, wor\u00fcber sie sich erregten. Es gab keine schweren Unf\u00e4lle, trotz der Hitze in der ersten Woche und den zeitweisen heftigen Regeng\u00fcssen in der zweiten. Wenn es nach ihm ginge, k\u00f6nnte die WM alle vier Jahre in Aachen stattfinden, sagte Bronze-Gewinner Harry Charles.<\/p>\n<p data-manual=\"paragraph\" data-schema-org-speakable=\"true\" class=\"css-1eosz7k\">Aachen erlebte nicht nur die besten Reiter und Pferde der Welt, sondern auch ein bemerkenswertes Publikum. Hier muss keine Polizei betrunkene oder gewaltbereite \u201eFans\u201c ma\u00dfregeln, hier werden keine Knallfr\u00f6sche und Bengalofeuer gez\u00fcndet, sondern es wird gejubelt und geklatscht f\u00fcr jeden, der eine gute Leistung abliefert, egal, woher er kommt.<\/p>\n","protected":false},"excerpt":{"rendered":"Wie ein vierbeiniges Topmodel stand sie da auf dem Abreiteplatz in der Aachener Soers, mit erhobenem Haupt, die&hellip;\n","protected":false},"author":2,"featured_media":1259309,"comment_status":"","ping_status":"","sticky":false,"template":"","format":"standard","meta":{"footnotes":"","_share_on_mastodon":"0"},"categories":[1853],"tags":[1424,3364,29,548,663,3934,30,13,148,14,15,1209,5880,74762,12,265,149,1886],"class_list":["post-1259308","post","type-post","status-publish","format-standard","has-post-thumbnail","category-aachen","tag-aachen","tag-de","tag-deutschland","tag-eu","tag-europa","tag-europe","tag-germany","tag-headlines","tag-leserdiskussion","tag-nachrichten","tag-news","tag-nordrhein-westfalen","tag-pferde","tag-reitsport","tag-schlagzeilen","tag-sport","tag-sueddeutsche-zeitung","tag-tiere"],"share_on_mastodon":{"url":"https:\/\/pubeurope.com\/@de\/117155245100676585","error":""},"_links":{"self":[{"href":"https:\/\/www.europesays.com\/de\/wp-json\/wp\/v2\/posts\/1259308","targetHints":{"allow":["GET"]}}],"collection":[{"href":"https:\/\/www.europesays.com\/de\/wp-json\/wp\/v2\/posts"}],"about":[{"href":"https:\/\/www.europesays.com\/de\/wp-json\/wp\/v2\/types\/post"}],"author":[{"embeddable":true,"href":"https:\/\/www.europesays.com\/de\/wp-json\/wp\/v2\/users\/2"}],"replies":[{"embeddable":true,"href":"https:\/\/www.europesays.com\/de\/wp-json\/wp\/v2\/comments?post=1259308"}],"version-history":[{"count":0,"href":"https:\/\/www.europesays.com\/de\/wp-json\/wp\/v2\/posts\/1259308\/revisions"}],"wp:featuredmedia":[{"embeddable":true,"href":"https:\/\/www.europesays.com\/de\/wp-json\/wp\/v2\/media\/1259309"}],"wp:attachment":[{"href":"https:\/\/www.europesays.com\/de\/wp-json\/wp\/v2\/media?parent=1259308"}],"wp:term":[{"taxonomy":"category","embeddable":true,"href":"https:\/\/www.europesays.com\/de\/wp-json\/wp\/v2\/categories?post=1259308"},{"taxonomy":"post_tag","embeddable":true,"href":"https:\/\/www.europesays.com\/de\/wp-json\/wp\/v2\/tags?post=1259308"}],"curies":[{"name":"wp","href":"https:\/\/api.w.org\/{rel}","templated":true}]}}