{"id":1259409,"date":"2026-08-25T09:36:19","date_gmt":"2026-08-25T09:36:19","guid":{"rendered":"https:\/\/www.europesays.com\/de\/1259409\/"},"modified":"2026-08-25T09:36:19","modified_gmt":"2026-08-25T09:36:19","slug":"bundespolizeidirektion-muenchen-ehrung-fuer-zivilcourage","status":"publish","type":"post","link":"https:\/\/www.europesays.com\/de\/1259409\/","title":{"rendered":"Bundespolizeidirektion M\u00fcnchen: Ehrung f\u00fcr Zivilcourage"},"content":{"rendered":"<p class=\"date\">25.08.2026 \u2013 10:56<\/p>\n<p class=\"customer\">\n                        <a class=\"story-customer\" title=\"weiter zum newsroom von Bundespolizeidirektion M\u00fcnchen\" href=\"https:\/\/www.presseportal.de\/blaulicht\/nr\/64017\" rel=\"nofollow noopener\" target=\"_blank\">Bundespolizeidirektion M\u00fcnchen<\/a>\n                    <\/p>\n<p><a class=\"glightbox event-trigger\" href=\"https:\/\/cache.pressmailing.net\/thumbnail\/story_hires\/1ba8e58c-e213-4bda-b38d-3316bb8a21fe\/260821_Ehrung_Zivilcourage.jpg.jpg\" data-description=\"Das anh\u00e4ngende Bild kann zu redaktionellen Zwecken mit dem Zusatz &quot;Bundespolizei&quot; im Zusammenhang mit dieser Pressemitteilung verwendet werden.\" data-category=\"medialightbox\" data-action=\"click\" data-label=\"single\" data-value=\"6a8d58a2270000fd2cb02e44\" rel=\"nofollow noopener\" target=\"_blank\"><img decoding=\"async\" height=\"540\" with=\"720\" src=\"https:\/\/www.europesays.com\/de\/wp-content\/uploads\/2026\/08\/bundespolizeidirektion-m-nchen-ehrung-f-r-zivilcourage.jpeg\"   alt=\"Bundespolizeidirektion M\u00fcnchen: Ehrung f\u00fcr Zivilcourage\" class=\"single\"\/><\/a><\/p>\n<p><a data-category=\"citylink-story-view\" data-action=\"click\" data-label=\"Citylink in Meldungsansicht\" class=\"story-city event-trigger\" href=\"https:\/\/www.presseportal.de\/regional\/M%FCnchen\" title=\"News aus M\u00fcnchen \" rel=\"nofollow noopener\" target=\"_blank\">M\u00fcnchen<\/a> (ots)<\/p>\n<p>Am 18. Januar sind am S-Bahnhalt Hackerbr\u00fccke zwei Personengruppen in eine k\u00f6rperliche Auseinandersetzung geraten. Dabei schlugen mehrere Beteiligte &#8211; teils im Gleisbereich &#8211; aufeinander ein. Zwei couragierte Zeugen wurden f\u00fcr ihr mutiges Einschreiten geehrt.<\/p>\n<p>Gegen 03:45 Uhr gerieten eine sechsk\u00f6pfige Gruppe deutscher Staatsangeh\u00f6riger mit drei deutschen Jugendlichen im Alter von 16, 17 und 19 Jahren in einen Streit. Die dreik\u00f6pfige Gruppe war zuvor aus einer S-Bahn der Linie S1 ausgestiegen.<\/p>\n<p>Auf dem Bahnsteig kam es zu einem Zusammentreffen der beiden Personengruppen und anschlie\u00dfend zu einer verbalen Auseinandersetzung. Daraus entwickelte sich eine massive k\u00f6rperliche Auseinandersetzung, die sich teilweise ins Gleis verlagerte.<\/p>\n<p>Ein 40-j\u00e4hriger t\u00fcrkischer Mitarbeiter der Deutschen Bahn bekam den Vorfall mit und schritt ohne zu z\u00f6gern ein. &#8222;Ich habe eigentlich nicht lange \u00fcberlegen m\u00fcssen, weil ich davon ausging, dass dort jemand einen anderen t\u00f6ten will&#8220;, schilderte die Reinigungskraft bei der Ehrung in der Bundespolizeiinspektion M\u00fcnchen.<\/p>\n<p>Ein 35-J\u00e4hriger, der zu der sechsk\u00f6pfigen Gruppe geh\u00f6rte, und der 19-J\u00e4hrige schlugen sich auf den Gleisstr\u00e4ngen und liefen Gefahr, von einer einfahrenden S-Bahn erfasst zu werden. Der Mitarbeiter der Deutschen Bahn begab sich in den Gefahrenbereich, trennte die beiden M\u00e4nner. Da es an anderer Stelle des S-Bahnhalts ebenfalls zu einer Auseinandersetzung kam, schritt er auch hier ein. Der 40-j\u00e4hrige Helfer blieb unverletzt.<\/p>\n<p>Ein 22-j\u00e4hriger Deutscher, der ebenfalls schlichtend eingreifen wollte, versuchte die Beteiligten zu beruhigen und stellte sich mutig zwischen sie. Unvermittelt wurde er von dem 17-J\u00e4hrigen angegriffen und schwer am Auge verletzt. Der couragierte Helfer musste im Anschluss in ein Krankenhaus eingeliefert und operiert werden. Bei der Ehrung \u00e4u\u00dferte der Angeh\u00f6rige einer Freiwilligen Feuerwehr, dass er die Angst vor einem m\u00f6glichen Angriff damals einfach ausgeblendet hat und instinktiv helfen wollte.<\/p>\n<p>F\u00fcr die gezeigte Zivilcourage und die Bereitschaft, anderen Menschen in der Not unter Einsatz ihres eigenen Lebens und ihrer Gesundheit zu helfen, sprach die stellvertretende Leiterin der Bundespolizeiinspektion M\u00fcnchen, Polizeidirektorin Sabine M\u00e4der, beiden ihren Dank und ihre Anerkennung aus. Bei einem pers\u00f6nlichen Gespr\u00e4ch in einem kleinen Rahmen erhielten die M\u00e4nner eine Urkunde sowie ein Pr\u00e4sent.<\/p>\n<p>Die drei Jugendlichen wurden zwischenzeitlich vom Jugendsch\u00f6ffengericht des Amtsgerichts M\u00fcnchen verurteilt. Der 19-J\u00e4hrige erhielt eine Jugendstrafe von 2 Jahren und 4 Monaten. Der 17-J\u00e4hrige wurde zu einer zweij\u00e4hrigen Jugendstrafe auf Bew\u00e4hrung verurteilt. Gegen\u00fcber dem 16-J\u00e4hrigen verh\u00e4ngte das Gericht eine Woche Jugendarrest in Verbindung mit diversen Auflagen.<\/p>\n<p>Die Staatsanwaltschaft M\u00fcnchen I legte hinsichtlich des Urteils des 19-j\u00e4hrigen Angeklagten Berufung ein. Die Urteile der beiden J\u00fcngeren sind bereits rechtskr\u00e4ftig.<\/p>\n<p class=\"contact-headline\">R\u00fcckfragen bitte an:<\/p>\n<p class=\"contact-text\">Tim Oberfrank<br \/>Bundespolizeiinspektion M\u00fcnchen<br \/>Denisstra\u00dfe 1 &#8211; 80335 M\u00fcnchen<br \/>Pressestelle<br \/>Telefon: 089 515 550 ? 1105<br \/>E-Mail: <a href=\"https:\/\/www.presseportal.de\/blaulicht\/pm\/64017\/mailto:bpoli.muenchen.oea@polizei.bund.de\" class=\"uri-mailto\" rel=\"nofollow noopener\" target=\"_blank\">bpoli.muenchen.oea@polizei.bund.de<\/a><\/p>\n<p>Die Bundespolizeiinspektion M\u00fcnchen ist zust\u00e4ndig f\u00fcr die <br \/>polizeiliche Gefahrenabwehr und Strafverfolgung im Bereich der <br \/>Anlagen der Deutschen Bahn und im gr\u00f6\u00dften deutschen S-Bahnnetz mit <br \/>\u00fcber 210 Bahnh\u00f6fen und Haltepunkten auf 440 Streckenkilometern. Zum <br \/>r\u00e4umlichen Zust\u00e4ndigkeitsbereich der Bundespolizeiinspektion M\u00fcnchen <br \/>geh\u00f6ren drei der vier gr\u00f6\u00dften bayerischen Bahnh\u00f6fe. Er umfasst neben <br \/>der Landeshauptstadt und dem Landkreis M\u00fcnchen die benachbarten <br \/>Landkreise Bad T\u00f6lz-Wolfratshausen, Dachau, Ebersberg, Erding, <br \/>Freising, F\u00fcrstenfeldbruck, Landsberg am Lech und Starnberg.<\/p>\n<p>Sie finden unsere Wache und unseren Dienstsitz f\u00fcr die <br \/>nichtoperativen Bereiche mit dem Ermittlungsdienst in der Denisstra\u00dfe<br \/>1, rund 500m fu\u00dfl\u00e4ufig vom Hauptbahnhof entfernt. Das Revier befindet<br \/>sich im Ostbahnhof. Zudem gibt es Dienstr\u00e4ume am Hauptbahnhof, in <br \/>Pasing und Freising. Weitere Informationen erhalten Sie \u00fcber oben <br \/>genannte Kontaktadresse oder unter <a target=\"_blank\" class=\"uri-ext outbound\" rel=\"noopener nofollow\" href=\"https:\/\/www.bundespolizei.de\">www.bundespolizei.de<\/a> sowie unter <br \/><a target=\"_blank\" class=\"uri-ext outbound\" rel=\"noopener nofollow\" href=\"https:\/\/www.x.com\/bpol_by\">www.x.com\/bpol_by<\/a> .<\/p>\n<p class=\"originator\">Original-Content von: Bundespolizeidirektion M\u00fcnchen, \u00fcbermittelt durch news aktuell<\/p>\n","protected":false},"excerpt":{"rendered":"25.08.2026 \u2013 10:56 Bundespolizeidirektion M\u00fcnchen M\u00fcnchen (ots) Am 18. Januar sind am S-Bahnhalt Hackerbr\u00fccke zwei Personengruppen in eine&hellip;\n","protected":false},"author":2,"featured_media":1259410,"comment_status":"","ping_status":"","sticky":false,"template":"","format":"standard","meta":{"footnotes":"","_share_on_mastodon":"0"},"categories":[1827],"tags":[772,2918,29,30,177,1268,121,178,180,179,181],"class_list":["post-1259409","post","type-post","status-publish","format-standard","has-post-thumbnail","category-muenchen","tag-bayern","tag-by","tag-deutschland","tag-germany","tag-kriminalitt","tag-muenchen","tag-polizei","tag-presse","tag-pressemeldung","tag-pressemitteilung","tag-pressemitteilungen"],"share_on_mastodon":{"url":"https:\/\/pubeurope.com\/@de\/117155477394307259","error":""},"_links":{"self":[{"href":"https:\/\/www.europesays.com\/de\/wp-json\/wp\/v2\/posts\/1259409","targetHints":{"allow":["GET"]}}],"collection":[{"href":"https:\/\/www.europesays.com\/de\/wp-json\/wp\/v2\/posts"}],"about":[{"href":"https:\/\/www.europesays.com\/de\/wp-json\/wp\/v2\/types\/post"}],"author":[{"embeddable":true,"href":"https:\/\/www.europesays.com\/de\/wp-json\/wp\/v2\/users\/2"}],"replies":[{"embeddable":true,"href":"https:\/\/www.europesays.com\/de\/wp-json\/wp\/v2\/comments?post=1259409"}],"version-history":[{"count":0,"href":"https:\/\/www.europesays.com\/de\/wp-json\/wp\/v2\/posts\/1259409\/revisions"}],"wp:featuredmedia":[{"embeddable":true,"href":"https:\/\/www.europesays.com\/de\/wp-json\/wp\/v2\/media\/1259410"}],"wp:attachment":[{"href":"https:\/\/www.europesays.com\/de\/wp-json\/wp\/v2\/media?parent=1259409"}],"wp:term":[{"taxonomy":"category","embeddable":true,"href":"https:\/\/www.europesays.com\/de\/wp-json\/wp\/v2\/categories?post=1259409"},{"taxonomy":"post_tag","embeddable":true,"href":"https:\/\/www.europesays.com\/de\/wp-json\/wp\/v2\/tags?post=1259409"}],"curies":[{"name":"wp","href":"https:\/\/api.w.org\/{rel}","templated":true}]}}