{"id":1259427,"date":"2026-08-25T09:47:18","date_gmt":"2026-08-25T09:47:18","guid":{"rendered":"https:\/\/www.europesays.com\/de\/1259427\/"},"modified":"2026-08-25T09:47:18","modified_gmt":"2026-08-25T09:47:18","slug":"neue-statistik-zahl-der-beamten-in-berlin-steigt-deutlich-an-fast-die-haelfte-aller-landesbeschaeftigten-verbeamtet","status":"publish","type":"post","link":"https:\/\/www.europesays.com\/de\/1259427\/","title":{"rendered":"Neue Statistik: Zahl der Beamten in Berlin steigt deutlich an \u2013 Fast die H\u00e4lfte aller Landesbesch\u00e4ftigten verbeamtet"},"content":{"rendered":"<p>Die R\u00fcckkehr zur Lehrerverbeamtung ver\u00e4ndert Berlins Verwaltung sp\u00fcrbar: Binnen eines Jahres stieg die Zahl der Beamten deutlich. Inzwischen arbeitet fast jeder zweite Landesbesch\u00e4ftigte im Beamtenverh\u00e4ltnis.<\/p>\n<p class=\"is-first-paragraph\" data-external=\"Article.FirstParagraph\">Berlin hat wieder fast so viele Beamte wie Angestellte. Die Zahl der Beamten im Landesdienst stieg binnen eines Jahres um 10,8 Prozent auf 68.937. Erstmals seit Jahren ist damit nahezu die H\u00e4lfte aller Landesbesch\u00e4ftigten verbeamtet. Hauptgrund ist die R\u00fcckkehr zur Lehrerverbeamtung. <\/p>\n<p>Wie <a class=\"is-link c-block-items__link is-external c-link--rich-text-renderer\" href=\"https:\/\/www.parlament-berlin.de\/adosservice\/19\/Haupt\/vorgang\/h19-3085-v.pdf?bezuggrd=CHP&amp;utm_referrer=newsletter&amp;utm_source=cp-vollversion&amp;bezuggrd=CHP&amp;utm_referrer=newsletter&amp;utm_source=cp-vollversion\" target=\"_blank\" title=\"Link wird in einem neuen Tab ge\u00f6ffnet\" rel=\"nofollow noopener\" data-internal-tracking-enabled=\"true\" data-internal-tracking=\"{&quot;action&quot;:&quot;click&quot;,&quot;label&quot;:&quot;link&quot;,&quot;name&quot;:&quot;Inline Element&quot;,&quot;data&quot;:{&quot;source&quot;:&quot;&quot;,&quot;target&quot;:&quot;https:\/\/www.parlament-berlin.de\/adosservice\/19\/Haupt\/vorgang\/h19-3085-v.pdf?bezuggrd=CHP&amp;utm_referrer=newsletter&amp;utm_source=cp-vollversion&amp;bezuggrd=CHP&amp;utm_referrer=newsletter&amp;utm_source=cp-vollversion&quot;,&quot;trackingName&quot;:&quot;&quot;,&quot;trackingLabel&quot;:&quot;&quot;}}\">aus dem Personalbestandsbericht der Senatsfinanzverwaltung<\/a> hervorgeht, waren Anfang 2026 insgesamt 138.028 Menschen im unmittelbaren Landesdienst besch\u00e4ftigt. 49,9 Prozent von ihnen standen im Beamtenverh\u00e4ltnis. Ein Jahr zuvor hatte der Anteil noch bei 45,6 Prozent gelegen. Damit hat sich die Besch\u00e4ftigtenstruktur des Landes innerhalb kurzer Zeit deutlich ver\u00e4ndert. <\/p>\n<p>Besonders sichtbar wird dieser Wandel an den Berliner Schulen: Dort stieg die Zahl der verbeamteten Besch\u00e4ftigten binnen eines Jahres um 6524 Personen oder 39,1 Prozent. Gleichzeitig sank die Zahl der angestellten Besch\u00e4ftigten um 6876 beziehungsweise 21,6 Prozent. Die meisten neuen Beamten wurden also nicht zus\u00e4tzlich eingestellt, vielmehr wechselten bereits besch\u00e4ftigte Lehrkr\u00e4fte vom Angestellten- in das Beamtenverh\u00e4ltnis.<\/p>\n<p>Weil die Schulen zur Berliner Hauptverwaltung z\u00e4hlen, pr\u00e4gt diese Entwicklung auch die Gesamtzahlen des Landes. In der Hauptverwaltung, zu der neben den Schulen unter anderem Polizei, Gerichte, Finanz\u00e4mter und Landesbeh\u00f6rden geh\u00f6ren, stieg die Zahl der Beamten binnen eines Jahres um 6876 auf 64.607. <\/p>\n<p>Die Zahl der Angestellten sank zugleich um 5408 auf 46.368. In den Bezirksverwaltungen spielte die Entwicklung dagegen kaum eine Rolle. Dort ging die Zahl der Beamten sogar leicht um 140 auf 4330 zur\u00fcck. W\u00e4hrend in der Hauptverwaltung inzwischen 58,2 Prozent der Besch\u00e4ftigten verbeamtet sind, liegt der Anteil in den Bezirken bei lediglich 16 Prozent.<\/p>\n<p>Insgesamt wuchs der unmittelbare Landesdienst um 1725 Besch\u00e4ftigte auf 138.028 Menschen. Die Zahl der sogenannten Vollzeit\u00e4quivalente, also der auf Vollzeitstellen umgerechneten Besch\u00e4ftigten, stieg ebenfalls auf rund 127.500. Damit setzt sich der Personalaufbau der vergangenen Jahre fort. Seit dem Tiefstand 2014 mit rund 111.500 Besch\u00e4ftigten ist die Zahl der Landesbediensteten um mehr als 26.000 gestiegen.<\/p>\n<p>Zugleich wird die Berliner Verwaltung weiter j\u00fcnger. Das Durchschnittsalter sank zum zw\u00f6lften Mal in Folge und liegt nun bei 46,1 Jahren. Die Zahl der unter 30-J\u00e4hrigen erh\u00f6hte sich binnen eines Jahres um 602 auf 13.074 Besch\u00e4ftigte. Ihr Anteil stieg damit auf 9,5 Prozent. Gleichzeitig stellen die 40- bis unter 50-J\u00e4hrigen die gr\u00f6\u00dfte Altersgruppe im Landesdienst.<\/p>\n<p>Der Frauenanteil blieb mit 58,1 Prozent stabil. Die Teilzeitquote stieg leicht von 27,3 auf 27,5 Prozent. Von den rund 69.000 angestellten Besch\u00e4ftigten hatten 7551 einen befristeten Arbeitsvertrag. Das entspricht einem Anteil von 10,9 Prozent.<\/p>\n<p>Trotz der Verj\u00fcngung steht dem Land in den kommenden Jahren ein erheblicher Generationenwechsel bevor. Nach den Berechnungen der Statistikstelle werden bis Ende 2035 rund 38.600 Besch\u00e4ftigte das 64. Lebensjahr erreichen. Das entspricht fast 30 Prozent der heute unbefristet Besch\u00e4ftigten.<\/p>\n<p>kami mit dpa<\/p>\n","protected":false},"excerpt":{"rendered":"Die R\u00fcckkehr zur Lehrerverbeamtung ver\u00e4ndert Berlins Verwaltung sp\u00fcrbar: Binnen eines Jahres stieg die Zahl der Beamten deutlich. Inzwischen&hellip;\n","protected":false},"author":2,"featured_media":1259428,"comment_status":"","ping_status":"","sticky":false,"template":"","format":"standard","meta":{"footnotes":"","_share_on_mastodon":"0"},"categories":[1825],"tags":[16703,296,29,30,4850,110,78749,45],"class_list":["post-1259427","post","type-post","status-publish","format-standard","has-post-thumbnail","category-berlin","tag-beamte","tag-berlin","tag-deutschland","tag-germany","tag-lehrer","tag-newsteam","tag-oeffentlicher-dienst-ks","tag-texttospeech"],"share_on_mastodon":{"url":"","error":""},"_links":{"self":[{"href":"https:\/\/www.europesays.com\/de\/wp-json\/wp\/v2\/posts\/1259427","targetHints":{"allow":["GET"]}}],"collection":[{"href":"https:\/\/www.europesays.com\/de\/wp-json\/wp\/v2\/posts"}],"about":[{"href":"https:\/\/www.europesays.com\/de\/wp-json\/wp\/v2\/types\/post"}],"author":[{"embeddable":true,"href":"https:\/\/www.europesays.com\/de\/wp-json\/wp\/v2\/users\/2"}],"replies":[{"embeddable":true,"href":"https:\/\/www.europesays.com\/de\/wp-json\/wp\/v2\/comments?post=1259427"}],"version-history":[{"count":0,"href":"https:\/\/www.europesays.com\/de\/wp-json\/wp\/v2\/posts\/1259427\/revisions"}],"wp:featuredmedia":[{"embeddable":true,"href":"https:\/\/www.europesays.com\/de\/wp-json\/wp\/v2\/media\/1259428"}],"wp:attachment":[{"href":"https:\/\/www.europesays.com\/de\/wp-json\/wp\/v2\/media?parent=1259427"}],"wp:term":[{"taxonomy":"category","embeddable":true,"href":"https:\/\/www.europesays.com\/de\/wp-json\/wp\/v2\/categories?post=1259427"},{"taxonomy":"post_tag","embeddable":true,"href":"https:\/\/www.europesays.com\/de\/wp-json\/wp\/v2\/tags?post=1259427"}],"curies":[{"name":"wp","href":"https:\/\/api.w.org\/{rel}","templated":true}]}}