{"id":1259509,"date":"2026-08-25T10:46:19","date_gmt":"2026-08-25T10:46:19","guid":{"rendered":"https:\/\/www.europesays.com\/de\/1259509\/"},"modified":"2026-08-25T10:46:19","modified_gmt":"2026-08-25T10:46:19","slug":"haus-der-geschichte-hungerstein-aus-dem-rhein-erinnert-an-niedrigwasser","status":"publish","type":"post","link":"https:\/\/www.europesays.com\/de\/1259509\/","title":{"rendered":"Haus der Geschichte: Hungerstein aus dem Rhein erinnert an Niedrigwasser"},"content":{"rendered":"<p class=\"mb-6 text-xs-varying md:text-m lg:text-l font-serif group-[.font-sans]:font-sans \">\n    Das Haus der Geschichte in Bonn pr\u00e4sentiert im Bereich \u201eHeute\u201c ein aktuelles neues Ausstellungsst\u00fcck: einen sogenannten Hungerstein aus dem Rhein. Hungersteine kommen nur bei starkem Niedrigwasser an die Oberfl\u00e4che und werden dann von Flussanwohnern mit Jahreszahlen versehen, ehe sie wieder \u00fcbersp\u00fclt werden. Wom\u00f6glich f\u00fcr Jahre oder Jahrzehnte sind sie dann nicht mehr zu sehen.\n  <\/p>\n<p class=\"mb-6 text-xs-varying md:text-m lg:text-l font-serif group-[.font-sans]:font-sans \">\n    Der Name Hungerstein kommt vermutlich daher, dass Trockenperioden fr\u00fcher h\u00e4ufig mit Ernteausf\u00e4llen und wirtschaftlicher Not einhergingen. Die Tradition soll bis ins Mittelalter zur\u00fcckgehen.\n  <\/p>\n<p class=\"mb-6 text-xs-varying md:text-m lg:text-l font-serif group-[.font-sans]:font-sans \">\n    Der jetzt pr\u00e4sentierte Stein ist einen halben Meter lang und mindestens 50 Kilogramm schwer. In ihn sind das Datum 3.8.1973 und die Jahreszahl 2026 sowie die Buchstaben E und H eingeritzt.\n  <\/p>\n<p class=\"mb-6 text-xs-varying md:text-m lg:text-l font-serif group-[.font-sans]:font-sans \">\n    Museumsmitarbeiterin Lotta Westdorf hat den Stein vor wenigen Tagen zusammen mit einem Kollegen aus dem Flussbett des Rheins in Leverkusen in der N\u00e4he der Wupper-M\u00fcndung geborgen. Es sei ein wenig knifflig gewesen, weil das Flussbett voller Steine gelegen habe und auch etwas glitschig gewesen sei, berichtete sie. An der Stelle h\u00e4tten auch noch andere Hungersteine gelegen, unter anderem ein besonders gro\u00dfer mit der Jahreszahl 1959.\n  <\/p>\n<p>            Pegelst\u00e4nde erreichten historische Tiefst\u00e4nde<\/p>\n<p class=\"mb-6 text-xs-varying md:text-m lg:text-l font-serif group-[.font-sans]:font-sans \">\n    Ob die Steine immer schon dort lagen oder bewusst abgelegt wurden, um die Tradition der Hungersteine lebendig zu halten, ist unklar. Der geborgene Stein scheint kein unbearbeiteter Naturstein zu sein, sondern wirkt wie ein Quader. Die Jahreszahl 2026 muss k\u00fcrzlich angebracht worden sein. Die Pegelst\u00e4nde am Rhein hatten in diesem Monat historische Tiefstst\u00e4nde erreicht.\n  <\/p>\n<p class=\"mb-6 text-xs-varying md:text-m lg:text-l font-serif group-[.font-sans]:font-sans \">\n    Das Museum im fr\u00fcheren Bonner Regierungsviertel zeigt die deutsche Geschichte seit 1945. Im Bereich, der sich mit der Gegenwart besch\u00e4ftigt, werden regelm\u00e4\u00dfig neue Exponate gezeigt, die auf j\u00fcngste Ereignisse Bezug nehmen.\n  <\/p>\n<p>    <img decoding=\"async\" src=\"https:\/\/www.europesays.com\/de\/wp-content\/uploads\/2026\/08\/haus-der-geschichte-stellt-hungerstein-aus-leverkusen-vor.jpg\" alt=\"Der von Museumsmitarbeiterin Lotta Westdorf geborgene Hungerstein tr\u00e4gt die Jahreszahlen 1973 und 2026.\" title=\"Der von Museumsmitarbeiterin Lotta Westdorf geborgene Hungerstein tr\u00e4gt die Jahreszahlen 1973 und 2026.\" loading=\"lazy\" class=\"h-full w-full object-cover\"\/><\/p>\n<p>      Icon vergr\u00f6\u00dfern<\/p>\n<p>    Der von Museumsmitarbeiterin Lotta Westdorf geborgene Hungerstein tr\u00e4gt die Jahreszahlen 1973 und 2026.<br \/>\n    Foto: Thomas Banneyer\/dpa<\/p>\n<p>        Schlie\u00dfen <\/p>\n<p>      Icon Schlie\u00dfen<\/p>\n<p>        Icon vergr\u00f6\u00dfern<\/p>\n<p>        Icon verkleinern<\/p>\n<p>      Icon Pfeil bewegen<\/p>\n<p>    Der von Museumsmitarbeiterin Lotta Westdorf geborgene Hungerstein tr\u00e4gt die Jahreszahlen 1973 und 2026.<br \/>\n    Foto: Thomas Banneyer\/dpa<\/p>\n","protected":false},"excerpt":{"rendered":"Das Haus der Geschichte in Bonn pr\u00e4sentiert im Bereich \u201eHeute\u201c ein aktuelles neues Ausstellungsst\u00fcck: einen sogenannten Hungerstein aus&hellip;\n","protected":false},"author":2,"featured_media":1259510,"comment_status":"","ping_status":"","sticky":false,"template":"","format":"standard","meta":{"footnotes":"","_share_on_mastodon":"0"},"categories":[1842],"tags":[13849,1741,3364,29,260378,30,253281,2375,6401,1209,5206,260379,23428],"class_list":["post-1259509","post","type-post","status-publish","format-standard","has-post-thumbnail","category-bonn","tag-haus-der-geschichte","tag-bonn","tag-de","tag-deutschland","tag-duerrejahr","tag-germany","tag-hungerstein","tag-leverkusen","tag-niedrigwasser","tag-nordrhein-westfalen","tag-rhein","tag-trockenzeit","tag-wupper"],"share_on_mastodon":{"url":"","error":""},"_links":{"self":[{"href":"https:\/\/www.europesays.com\/de\/wp-json\/wp\/v2\/posts\/1259509","targetHints":{"allow":["GET"]}}],"collection":[{"href":"https:\/\/www.europesays.com\/de\/wp-json\/wp\/v2\/posts"}],"about":[{"href":"https:\/\/www.europesays.com\/de\/wp-json\/wp\/v2\/types\/post"}],"author":[{"embeddable":true,"href":"https:\/\/www.europesays.com\/de\/wp-json\/wp\/v2\/users\/2"}],"replies":[{"embeddable":true,"href":"https:\/\/www.europesays.com\/de\/wp-json\/wp\/v2\/comments?post=1259509"}],"version-history":[{"count":0,"href":"https:\/\/www.europesays.com\/de\/wp-json\/wp\/v2\/posts\/1259509\/revisions"}],"wp:featuredmedia":[{"embeddable":true,"href":"https:\/\/www.europesays.com\/de\/wp-json\/wp\/v2\/media\/1259510"}],"wp:attachment":[{"href":"https:\/\/www.europesays.com\/de\/wp-json\/wp\/v2\/media?parent=1259509"}],"wp:term":[{"taxonomy":"category","embeddable":true,"href":"https:\/\/www.europesays.com\/de\/wp-json\/wp\/v2\/categories?post=1259509"},{"taxonomy":"post_tag","embeddable":true,"href":"https:\/\/www.europesays.com\/de\/wp-json\/wp\/v2\/tags?post=1259509"}],"curies":[{"name":"wp","href":"https:\/\/api.w.org\/{rel}","templated":true}]}}