{"id":1259519,"date":"2026-08-25T10:55:18","date_gmt":"2026-08-25T10:55:18","guid":{"rendered":"https:\/\/www.europesays.com\/de\/1259519\/"},"modified":"2026-08-25T10:55:18","modified_gmt":"2026-08-25T10:55:18","slug":"hund-zurueck-im-tierheim-nuernberg-terrorkruemel-sucht-erneut-ein-zuhause","status":"publish","type":"post","link":"https:\/\/www.europesays.com\/de\/1259519\/","title":{"rendered":"Hund zur\u00fcck im Tierheim N\u00fcrnberg: &#8222;Terrorkr\u00fcmel&#8220; sucht erneut ein Zuhause"},"content":{"rendered":"<p>Zur\u00fcck im Tierheim N\u00fcrnberg <\/p>\n<p>&#8222;Terrorkr\u00fcmel&#8220; sucht ein neues Zuhause<\/p>\n<p>25.08.2026 &#8211; 12:01 UhrLesedauer: 1 Min.<\/p>\n<p><a href=\"#focus-0\" class=\"transition-colors block text-current relative\" data-sctrack=\"FocusGalleryImage.Reference\"><img fetchpriority=\"high\" data-testid=\"Opener.Image\"   loading=\"eager\" src=\"https:\/\/www.europesays.com\/de\/wp-content\/uploads\/2026\/08\/mischling-scooby-das-tierheim-nennt-ihn-terrorkruemel.jpg\" alt=\"Mischling Scooby: Das Tierheim nennt ihn &quot;Terrorkr\u00fcmel&quot;.\" title=\"Mischling Scooby: Das Tierheim nennt ihn &quot;Terrorkr\u00fcmel&quot;.\" width=\"1240\" height=\"697\" class=\"bg-[url:var(--lqipURL)] bg-cover bg-center flex h-full w-full max-w-full\" style=\"--lqipURL:url('https:\/\/images.t-online.de\/2026\/08\/L6hn4PG56lMO\/0x94:1240x697\/fit-in\/150x0\/filters:blur(25)\/mischling-scooby-das-tierheim-nennt-ihn-terrorkruemel.jpg')\" decoding=\"async\"\/><img loading=\"lazy\" src=\"https:\/\/nuernberg.t-online.de\/s\/paper\/_next\/static\/media\/zoom-in.f7dae02f.svg\" alt=\"Vergr\u00f6\u00dfern des Bildes\" title=\"Vergr\u00f6\u00dfern des Bildes\" class=\"block h-[calc(var(--height)_\/_16_*_1rem)] w-[calc(var(--width)_\/_16_*_1rem)] max-w-none absolute right-8 bottom-8 rounded-4 bg-snow p-8\" style=\"--width:32;--height:32\" decoding=\"async\"\/><\/a><\/p>\n<p>Mischling Scooby: Das Tierheim nennt ihn &#8222;Terrorkr\u00fcmel&#8220;. (Quelle: Tierheim N\u00fcrnberg)<\/p>\n<p><img loading=\"lazy\" src=\"https:\/\/nuernberg.t-online.de\/s\/paper\/_next\/static\/media\/audio-volume.6689034c.svg\" alt=\"\" title=\"\" class=\"block h-[calc(var(--height)_\/_16_*_1rem)] w-[calc(var(--width)_\/_16_*_1rem)] max-w-none group-hover:brightness-0 group-hover:invert\" style=\"--width:16;--height:16\" decoding=\"async\"\/>Vorlesen<\/p>\n<p>Aktuelle Zeit:0:00Gesamtdauer:0:00<\/p>\n<p>1x<img loading=\"lazy\" src=\"https:\/\/nuernberg.t-online.de\/s\/paper\/_next\/static\/media\/font-sizes.32942e33.svg\" alt=\"\" title=\"\" class=\"block h-[calc(var(--height)_\/_16_*_1rem)] w-[calc(var(--width)_\/_16_*_1rem)] max-w-none group-hover:hidden group-aria-expanded:hidden\" style=\"--width:16;--height:16\" decoding=\"async\"\/><img loading=\"lazy\" src=\"https:\/\/nuernberg.t-online.de\/s\/paper\/_next\/static\/media\/font-sizes-dark-mode.e382645c.svg\" alt=\"\" title=\"\" class=\"block h-[calc(var(--height)_\/_16_*_1rem)] w-[calc(var(--width)_\/_16_*_1rem)] max-w-none hidden group-hover:block group-aria-expanded:block\" style=\"--width:16;--height:16\" decoding=\"async\"\/><img loading=\"lazy\" src=\"https:\/\/nuernberg.t-online.de\/s\/paper\/_next\/static\/media\/sharing-menu-icon.1eb71368.svg\" alt=\"\" title=\"\" class=\"block h-[calc(var(--height)_\/_16_*_1rem)] w-[calc(var(--width)_\/_16_*_1rem)] max-w-none group-hover:brightness-0 group-hover:invert\" style=\"--width:16;--height:16\" decoding=\"async\"\/>Artikel teilen<\/p>\n<p class=\"font-bold text-18 leading-17 user-text-lg:text-22 user-text-xl:text-24\">Erst aus schlechter Haltung befreit, dann eine Vermittlung, die scheiterte. Nun ist der kleine R\u00fcde wieder im Tierheim N\u00fcrnberg.<\/p>\n<p class=\"text-18 leading-17 user-text-lg:text-22 user-text-xl:text-24\">Der dreij\u00e4hrige Mischlingshund Scooby sucht erneut ein Zuhause \u2013 zum zweiten Mal lebt er im Tierheim N\u00fcrnberg. Wie dieses berichtet, war der R\u00fcde zun\u00e4chst aus einer schlechten Haltung befreit worden, doch eine anschlie\u00dfende Vermittlung schlug fehl.<\/p>\n<p class=\"text-18 leading-17 user-text-lg:text-22 user-text-xl:text-24\">Das Tierheim sucht daher erneut f\u00fcr den nicht kastrierten R\u00fcden ein dauerhaftes Zuhause und fragt: &#8222;Wer gibt dem kleinen Terrorkr\u00fcmel ein Zuhause f\u00fcr immer und geht diesen Weg gemeinsam mit ihm?&#8220;<\/p>\n<p class=\"text-18 leading-17 user-text-lg:text-22 user-text-xl:text-24\">Seit dem 21. Januar 2026 ist Scooby wieder im Tierheim. Neuen Menschen gegen\u00fcber zeigt er sich zun\u00e4chst unsicher und zur\u00fcckhaltend. Mit vertrauten Personen ist er jedoch verspielt und freundlich. Wenn ihm etwas nicht passt, setzt er nach Angaben des Tierheims auch schon mal seine Z\u00e4hne ein \u2013 daran m\u00fcsse noch gearbeitet werden.<\/p>\n<p class=\"text-18 leading-17 user-text-lg:text-22 user-text-xl:text-24\">Beim Spazierengehen l\u00e4sst sich Scooby von seiner Umgebung kaum ablenken. Jogger, Radfahrer und andere Hunde interessieren ihn nicht. Den Kontakt zu Artgenossen sucht er selektiv: Ob er mit einem anderen Hund auskommt, h\u00e4ngt von der Sympathie ab. <\/p>\n","protected":false},"excerpt":{"rendered":"Zur\u00fcck im Tierheim N\u00fcrnberg &#8222;Terrorkr\u00fcmel&#8220; sucht ein neues Zuhause 25.08.2026 &#8211; 12:01 UhrLesedauer: 1 Min. Mischling Scooby: Das&hellip;\n","protected":false},"author":2,"featured_media":1259520,"comment_status":"","ping_status":"","sticky":false,"template":"","format":"standard","meta":{"footnotes":"","_share_on_mastodon":"0"},"categories":[1837],"tags":[722,17161,772,3364,29,30,3783,2486],"class_list":["post-1259519","post","type-post","status-publish","format-standard","has-post-thumbnail","category-nuernberg","tag-722","tag-17161","tag-bayern","tag-de","tag-deutschland","tag-germany","tag-nuernberg","tag-tierheim"],"share_on_mastodon":{"url":"","error":""},"_links":{"self":[{"href":"https:\/\/www.europesays.com\/de\/wp-json\/wp\/v2\/posts\/1259519","targetHints":{"allow":["GET"]}}],"collection":[{"href":"https:\/\/www.europesays.com\/de\/wp-json\/wp\/v2\/posts"}],"about":[{"href":"https:\/\/www.europesays.com\/de\/wp-json\/wp\/v2\/types\/post"}],"author":[{"embeddable":true,"href":"https:\/\/www.europesays.com\/de\/wp-json\/wp\/v2\/users\/2"}],"replies":[{"embeddable":true,"href":"https:\/\/www.europesays.com\/de\/wp-json\/wp\/v2\/comments?post=1259519"}],"version-history":[{"count":0,"href":"https:\/\/www.europesays.com\/de\/wp-json\/wp\/v2\/posts\/1259519\/revisions"}],"wp:featuredmedia":[{"embeddable":true,"href":"https:\/\/www.europesays.com\/de\/wp-json\/wp\/v2\/media\/1259520"}],"wp:attachment":[{"href":"https:\/\/www.europesays.com\/de\/wp-json\/wp\/v2\/media?parent=1259519"}],"wp:term":[{"taxonomy":"category","embeddable":true,"href":"https:\/\/www.europesays.com\/de\/wp-json\/wp\/v2\/categories?post=1259519"},{"taxonomy":"post_tag","embeddable":true,"href":"https:\/\/www.europesays.com\/de\/wp-json\/wp\/v2\/tags?post=1259519"}],"curies":[{"name":"wp","href":"https:\/\/api.w.org\/{rel}","templated":true}]}}