{"id":1259597,"date":"2026-08-25T11:54:16","date_gmt":"2026-08-25T11:54:16","guid":{"rendered":"https:\/\/www.europesays.com\/de\/1259597\/"},"modified":"2026-08-25T11:54:16","modified_gmt":"2026-08-25T11:54:16","slug":"abschiebung-nach-afghanistan-erneute-sammelabschiebung-von-deutschland-nach-afghanistan","status":"publish","type":"post","link":"https:\/\/www.europesays.com\/de\/1259597\/","title":{"rendered":"Abschiebung nach Afghanistan: Erneute Sammelabschiebung von Deutschland nach Afghanistan"},"content":{"rendered":"<p class=\"paragraph article__item\">Deutschland hat erneut Menschen nach <a class=\"rtr-entity\" href=\"https:\/\/www.zeit.de\/thema\/afghanistan\" rel=\"nofollow noopener\" target=\"_blank\">Afghanistan<\/a> abgeschoben. In den fr\u00fchen Morgenstunden wurden mehrere Afghanen mit einem Charterflugzeug vom Flughafen Leipzig\/Halle nach Kabul gebracht und dabei von Beamten der Bundespolizei begleitet.\n<\/p>\n<p class=\"paragraph article__item\">Das Bundesinnenministerium teilte auf X mit, mit dem Flug seien 23 M\u00e4nner abgeschoben worden. Dabei habe es sich \u00bbgro\u00dfenteils um Straft\u00e4ter gehandelt, die wegen schweren Vergehen verurteilt wurden\u00ab. \u00bbUnsere Gesellschaft hat ein eindeutiges Interesse daran, dass Straft\u00e4ter unser Land verlassen m\u00fcssen\u00ab, sagte Bundesinnenminister <a class=\"rtr-entity\" href=\"https:\/\/www.zeit.de\/thema\/alexander-dobrindt\" rel=\"nofollow noopener\" target=\"_blank\">Alexander Dobrindt<\/a> (CSU) zu der Sammelabschiebung. Wer kein Aufenthaltsrecht in Deutschland habe, m\u00fcsse damit rechnen, Deutschland zu verlassen. \u00bbDiesen Kurs setzen wir konsequent um\u00ab, sagte Dobrindt.\n<\/p>\n<p class=\"paragraph article__item\">Gegen den Abschiebeflug hatte es am Montagabend eine Protestaktion am Leipziger Flughafen gegeben. \u00bbMenschen aus Afghanistan, die hier Schutz suchen, werden heute ins Taliban-Regime abgeschoben, wo sie Ausgrenzung, Folter oder sogar der Tod erwartet\u00ab, sagte der Sprecher des B\u00fcndnisses gegen Abschiebungen, Kai Adeel.\u00a0\n<\/p>\n<p>            Bundesregierung will nicht nur Straft\u00e4ter und Gef\u00e4hrder abschieben            <\/p>\n<p class=\"paragraph article__item\"><a href=\"https:\/\/www.zeit.de\/politik\/deutschland\/2026-07\/abschiebung-afghanistan-straftaeter-alexander-dobrindt-taliban\" target=\"_blank\" rel=\"nofollow noopener\">Deutschland hatte zuletzt im Juli 31<\/a> sowie <a href=\"https:\/\/www.zeit.de\/politik\/deutschland\/2026-06\/abschiebung-afghanistan-charterflug-straftaeter-kabul-gxe\" target=\"_blank\" rel=\"nofollow noopener\">im Juni 32 ausreisepflichtige Afghanen abgeschoben<\/a>. Einer der M\u00e4nner, die Ende Juli nach Afghanistan abgeschoben worden waren, hatte der Nachrichtenagentur dpa anschlie\u00dfend berichtet, er sei bereits mit 14 Jahren nach Deutschland gekommen und habe seine Muttersprache Dari teilweise verlernt. Die <a class=\"rtr-entity\" href=\"https:\/\/www.zeit.de\/thema\/abschiebung\" rel=\"nofollow noopener\" target=\"_blank\">Abschiebung<\/a> trenne ihn von seiner Frau und seinem Kind. Sein Ziel sei, nach Deutschland zur\u00fcckzukehren.\n<\/p>\n<p class=\"paragraph article__item\">Nach der Abschiebung Ende Juli hatte Dobrindt mitgeteilt, Deutschland werde sich bei den Abschiebungen nach Afghanistan nicht mehr ausschlie\u00dflich auf Straft\u00e4ter und sogenannte Gef\u00e4hrder beschr\u00e4nken. Vielmehr werde man, wie im Koalitionsvertrag vereinbart, ab sofort auch andere Ausreisepflichtige dorthin abschieben. Wie sein Ministerium mitteilte, sind daf\u00fcr k\u00fcnftig bis zu drei Charterfl\u00fcge pro Monat vorgesehen.\n<\/p>\n<p>            Kritik von Opposition und Menschenrechtsorganisationen            <\/p>\n<p class=\"paragraph article__item\">Um Abschiebungen nach Afghanistan zu erm\u00f6glichen, muss die Bundesregierung mit den dort herrschenden islamistischen <a class=\"rtr-entity\" href=\"https:\/\/www.zeit.de\/thema\/afghanistan\" rel=\"nofollow noopener\" target=\"_blank\">Taliban<\/a> kooperieren \u2013 obwohl sie diese nicht offiziell als legitime Regierung anerkennt. An entsprechenden Absprachen gab es wiederholt Kritik von Opposition und Menschenrechtsorganisationen.\n<\/p>\n<p>                            \u00a9\u00a0Lea Dohle<\/p>\n<p>\n                                        Newsletter<br \/>\n                                        Was jetzt? \u2013 Der t\u00e4gliche Morgen\u00fcberblick<\/p>\n<p class=\"newsletter-signup__text\">Starten Sie mit unserem kurzen Nachrichten-Newsletter in den Tag. Erhalten Sie zudem freitags das digitale Magazin ZEIT am Wochenende.<\/p>\n<p class=\"newsletter-signup__datapolicy\" hidden=\"\">\n            Mit Ihrer Registrierung nehmen Sie die <a href=\"https:\/\/datenschutz.zeit.de\/zon#Newsletter\" target=\"_blank\" rel=\"nofollow noopener\">Datenschutzerkl\u00e4rung<\/a> zur Kenntnis.\n        <\/p>\n<p>    Vielen Dank! Wir haben Ihnen eine E-Mail geschickt.<\/p>\n<p>Pr\u00fcfen Sie Ihr Postfach und best\u00e4tigen Sie das Newsletter-Abonnement.<\/p>\n<p class=\"paragraph article__item\">J\u00fcngst warfen etwa Schahina Gambir und Sara Nanni, Bundestagsabgeordnete der Gr\u00fcnen, der Regierung vor, \u00bbAbschiebungen um jeden Preis\u00ab erreichen zu wollen. Daf\u00fcr biedere sie sich auch den Taliban an, <a href=\"https:\/\/www.zeit.de\/2026\/35\/bildungsverbot-maedchen-afghanistan-taliban-schule-gesundheitssystem\" target=\"_blank\" rel=\"nofollow noopener\">die Frauen und M\u00e4dchen grundlegende Menschenrechte entzogen h\u00e4tten<\/a>. Durch ihre Zusammenarbeit helfe die deutsche Regierung den Taliban, \u00bbauf dem internationalen Parkett salonf\u00e4hig zu werden\u00ab.\n<\/p>\n<p class=\"paragraph article__item\">Die <a href=\"https:\/\/www.proasyl.de\/news\/afghanistan-sinkende-schutzquote-ausgesetzte-aufnahme-abschiebungen\/\" target=\"_blank\" rel=\"nofollow noopener\">Organisation Pro Asyl wirft der Bundesregierung vor<\/a>, Aufnahmeprogramme und den Familiennachzug aus Afghanistan gestoppt und zugleich Abschiebungen forciert zu haben. Dabei ignoriere sie gleicherma\u00dfen das V\u00f6lkerrecht und  \u00bbdie desolaten menschenrechtlichen sowie humanit\u00e4ren Umst\u00e4nde\u00ab in Afghanistan. Kritisiert wird dabei auch der Plan der <a class=\"rtr-entity\" href=\"https:\/\/www.zeit.de\/thema\/bundesregierung\" rel=\"nofollow noopener\" target=\"_blank\">Bundesregierung<\/a>, neben Straft\u00e4tern und Gef\u00e4hrdern auch andere Personengruppen abzuschieben.\n<\/p>\n<p>            Humanit\u00e4re Krise und Berichte \u00fcber Folter            <\/p>\n<p class=\"paragraph article__item\"><a href=\"https:\/\/www.zeit.de\/gesellschaft\/zeitgeschehen\/2026-08\/hunger-afghanistan-welternaehrungsprogramm-entwicklungshilfe\" target=\"_blank\" rel=\"nofollow noopener\">Afghanistan steckt derzeit in einer schweren humanit\u00e4ren Krise<\/a>. Die Unterern\u00e4hrung habe ein bislang nicht dagewesenes Ausma\u00df erreicht, warnte zuletzt das Weltern\u00e4hrungsprogramm der Vereinten Nationen. Lediglich ein Drittel der arbeitsf\u00e4higen Bev\u00f6lkerung habe einen Job, teilte die Internationale Arbeitsorganisation (ILO) mit.\n<\/p>\n<p class=\"paragraph article__item\">Zudem gibt es Berichte \u00fcber eine steigende Zahl von Auspeitschungen. W\u00e4hrend f\u00fcr 2024 noch 593 F\u00e4lle dokumentiert wurden, seien 2025 bereits 1.074 Menschen ausgepeitscht worden, berichtete die Afghanistan Human Rights and Democracy Organization (AHRDO) mit Sitz in Kanada. Im laufenden Jahr ist die Zahl erneut sehr hoch: Allein bis April dokumentierte die Menschenrechtsorganisation schon 553 Auspeitschungen.\n<\/p>\n<p class=\"paragraph article__item\">In den meisten zwischen Februar 2022 und April 2026 dokumentierten F\u00e4llen wurde die Auspeitschung mit au\u00dferehelichen Beziehungen, angeblichen Sexualdelikten sowie Homosexualit\u00e4t begr\u00fcndet. In vielen Provinzen wurden die Opfer auf Sportanlagen sowie \u00f6ffentlichen Pl\u00e4tzen ausgepeitscht.\n<\/p>\n<p class=\"paragraph article__item\">Laut AHRDO verletzt das \u00f6ffentliche Auspeitschen fundamentale Rechte und verst\u00f6\u00dft gegen das Folterverbot. Auch das UN-Menschenrechtsb\u00fcro (OHCHR) berichtete in diesem Jahr bereits von einer Zunahme an Auspeitschungen in Afghanistan.\n<\/p>\n<p>Mehr zum Thema<\/p>\n<p>            Afghanistan        <\/p>\n<p>                <a href=\"https:\/\/www.zeit.de\/politik\/2026-08\/abschiebung-afghanistan-taliban-bundesregierung-alexander-dobrindt\" data-ct-label=\"Abschiebungen nach Afghanistan: Er hat einen Fehler begangen. Kein Verbrechen\" data-uuid=\"f892f760-a178-426d-b6ce-9770ee403d58\" rel=\"nofollow noopener\" target=\"_blank\"><\/p>\n<p>        Z+ (abopflichtiger Inhalt);<\/p>\n<p>    Abschiebungen nach Afghanistan:<br \/>\n                        Er hat einen Fehler begangen. Kein Verbrechen<\/p>\n<p>                <\/a><\/p>\n<p>                <a href=\"https:\/\/www.zeit.de\/2026\/35\/bildungsverbot-maedchen-afghanistan-taliban-schule-gesundheitssystem\" data-ct-label=\"Bildungsverbot f\u00fcr M\u00e4dchen: \u00bbMehr als 90 Prozent k\u00f6nnen nicht lesen\u00ab\" data-uuid=\"48bbd4ce-f103-47af-9414-9ece06eb017b\" rel=\"nofollow noopener\" target=\"_blank\"><\/p>\n<p>        Z+ (abopflichtiger Inhalt);<\/p>\n<p>    Bildungsverbot f\u00fcr M\u00e4dchen:<br \/>\n                        \u00bbMehr als 90 Prozent k\u00f6nnen nicht lesen\u00ab<\/p>\n<p>                <\/a><\/p>\n<p>                <a href=\"https:\/\/www.zeit.de\/politik\/deutschland\/2026-08\/gefluechtete-afghanistan-abschiebungen-taliban-kabul\" data-ct-label=\"Gefl\u00fcchtete aus Afghanistan: \u00bbDeutschland ist nicht meine Heimat, Afghanistan auch nicht mehr\u00ab\" data-uuid=\"1cf683f9-296a-4187-ac6e-9b3b501489e5\" rel=\"nofollow noopener\" target=\"_blank\"><\/p>\n<p>        Z+ (abopflichtiger Inhalt);<\/p>\n<p>    Gefl\u00fcchtete aus Afghanistan:<br \/>\n                        \u00bbDeutschland ist nicht meine Heimat, Afghanistan auch nicht mehr\u00ab<\/p>\n<p>                <\/a><\/p>\n","protected":false},"excerpt":{"rendered":"Deutschland hat erneut Menschen nach Afghanistan abgeschoben. In den fr\u00fchen Morgenstunden wurden mehrere Afghanen mit einem Charterflugzeug vom&hellip;\n","protected":false},"author":2,"featured_media":1259598,"comment_status":"","ping_status":"","sticky":false,"template":"","format":"standard","meta":{"footnotes":"","_share_on_mastodon":"0"},"categories":[2],"tags":[414,250111,7451,20,1173,29,30,13,13773,14,15,16,12,15451,10,8,9,11],"class_list":["post-1259597","post","type-post","status-publish","format-standard","has-post-thumbnail","category-deutschland","tag-abschiebung","tag-abschiebung-nach-afghanistan","tag-afghanistan","tag-alexander-dobrindt","tag-bundesregierung","tag-deutschland","tag-germany","tag-headlines","tag-kabul","tag-nachrichten","tag-news","tag-politik","tag-schlagzeilen","tag-taliban","tag-top-news","tag-top-meldungen","tag-topmeldungen","tag-topnews"],"share_on_mastodon":{"url":"https:\/\/pubeurope.com\/@de\/117156018665328572","error":""},"_links":{"self":[{"href":"https:\/\/www.europesays.com\/de\/wp-json\/wp\/v2\/posts\/1259597","targetHints":{"allow":["GET"]}}],"collection":[{"href":"https:\/\/www.europesays.com\/de\/wp-json\/wp\/v2\/posts"}],"about":[{"href":"https:\/\/www.europesays.com\/de\/wp-json\/wp\/v2\/types\/post"}],"author":[{"embeddable":true,"href":"https:\/\/www.europesays.com\/de\/wp-json\/wp\/v2\/users\/2"}],"replies":[{"embeddable":true,"href":"https:\/\/www.europesays.com\/de\/wp-json\/wp\/v2\/comments?post=1259597"}],"version-history":[{"count":0,"href":"https:\/\/www.europesays.com\/de\/wp-json\/wp\/v2\/posts\/1259597\/revisions"}],"wp:featuredmedia":[{"embeddable":true,"href":"https:\/\/www.europesays.com\/de\/wp-json\/wp\/v2\/media\/1259598"}],"wp:attachment":[{"href":"https:\/\/www.europesays.com\/de\/wp-json\/wp\/v2\/media?parent=1259597"}],"wp:term":[{"taxonomy":"category","embeddable":true,"href":"https:\/\/www.europesays.com\/de\/wp-json\/wp\/v2\/categories?post=1259597"},{"taxonomy":"post_tag","embeddable":true,"href":"https:\/\/www.europesays.com\/de\/wp-json\/wp\/v2\/tags?post=1259597"}],"curies":[{"name":"wp","href":"https:\/\/api.w.org\/{rel}","templated":true}]}}